{"id":12809,"date":"2023-12-18T08:49:45","date_gmt":"2023-12-18T07:49:45","guid":{"rendered":"https:\/\/projectes.xtec.cat\/bescat\/?p=12809"},"modified":"2023-12-18T08:53:00","modified_gmt":"2023-12-18T07:53:00","slug":"bones-practiques-maleta-verda-secundaria","status":"publish","type":"post","link":"https:\/\/projectes.xtec.cat\/bescat\/portada\/bones-practiques-maleta-verda-secundaria\/","title":{"rendered":"Bones pr\u00e0ctiques: Maleta Verda Secund\u00e0ria"},"content":{"rendered":"<p><span data-sheets-root=\"1\" data-sheets-value=\"{&quot;1&quot;:2,&quot;2&quot;:&quot;Servei Educatiu de la Terra Alta&quot;}\" data-sheets-userformat=\"{&quot;2&quot;:513,&quot;3&quot;:{&quot;1&quot;:0},&quot;12&quot;:0}\"><img loading=\"lazy\" decoding=\"async\" class=\" wp-image-12810 alignleft\" src=\"https:\/\/projectes.xtec.cat\/bescat\/wp-content\/uploads\/usu793\/2023\/12\/maleta-verda-secundaria-212x300.jpg\" alt=\"\" width=\"189\" height=\"267\" srcset=\"https:\/\/projectes.xtec.cat\/bescat\/wp-content\/uploads\/usu793\/2023\/12\/maleta-verda-secundaria-212x300.jpg 212w, https:\/\/projectes.xtec.cat\/bescat\/wp-content\/uploads\/usu793\/2023\/12\/maleta-verda-secundaria.jpg 589w\" sizes=\"auto, (max-width: 189px) 100vw, 189px\" \/>Servei Educatiu de la Terra Alta<\/span><\/p>\n<p><span data-sheets-root=\"1\" data-sheets-value=\"{&quot;1&quot;:2,&quot;2&quot;:&quot;L\u00ednia 2: La biblioteca escolar com a agent d'equitat, participaci\u00f3 i cohesi\u00f3 de la comunitat educativa&quot;}\" data-sheets-userformat=\"{&quot;2&quot;:513,&quot;3&quot;:{&quot;1&quot;:0},&quot;12&quot;:0}\">L\u00ednia 2: La biblioteca escolar com a agent d&#8217;equitat, participaci\u00f3 i cohesi\u00f3 de la comunitat educativa<\/span><\/p>\n<p><span data-sheets-root=\"1\" data-sheets-value=\"{&quot;1&quot;:2,&quot;2&quot;:&quot;ESO, Batxillerat, Educaci\u00f3 d'adults&quot;}\" data-sheets-userformat=\"{&quot;2&quot;:513,&quot;3&quot;:{&quot;1&quot;:0},&quot;12&quot;:0}\">ESO, Batxillerat, Educaci\u00f3 d&#8217;adults<\/span><\/p>\n<p>Objectius:<\/p>\n<ul>\n<li><span data-sheets-root=\"1\" data-sheets-value=\"{&quot;1&quot;:2,&quot;2&quot;:&quot;-Promoure el coneixement i la reflexi\u00f3 sobre el canvi clim\u00e0tic i les diferents crisis mediambientals que afecten el planeta.\\n-Afavorir i impulsar la sostenibilitat des dels centres educatius.\\n-Proporcionar idees i eines per crear un hort escolar relacionat amb l'\u00e0mbit STEAM.\\n&quot;}\" data-sheets-userformat=\"{&quot;2&quot;:513,&quot;3&quot;:{&quot;1&quot;:0},&quot;12&quot;:0}\">Promoure el coneixement i la reflexi\u00f3 sobre el canvi clim\u00e0tic i les diferents crisis mediambientals que afecten el planeta.<\/span><\/li>\n<li><span data-sheets-root=\"1\" data-sheets-value=\"{&quot;1&quot;:2,&quot;2&quot;:&quot;-Promoure el coneixement i la reflexi\u00f3 sobre el canvi clim\u00e0tic i les diferents crisis mediambientals que afecten el planeta.\\n-Afavorir i impulsar la sostenibilitat des dels centres educatius.\\n-Proporcionar idees i eines per crear un hort escolar relacionat amb l'\u00e0mbit STEAM.\\n&quot;}\" data-sheets-userformat=\"{&quot;2&quot;:513,&quot;3&quot;:{&quot;1&quot;:0},&quot;12&quot;:0}\">Afavorir i impulsar la sostenibilitat des dels centres educatius.<\/span><\/li>\n<li><span data-sheets-root=\"1\" data-sheets-value=\"{&quot;1&quot;:2,&quot;2&quot;:&quot;-Promoure el coneixement i la reflexi\u00f3 sobre el canvi clim\u00e0tic i les diferents crisis mediambientals que afecten el planeta.\\n-Afavorir i impulsar la sostenibilitat des dels centres educatius.\\n-Proporcionar idees i eines per crear un hort escolar relacionat amb l'\u00e0mbit STEAM.\\n&quot;}\" data-sheets-userformat=\"{&quot;2&quot;:513,&quot;3&quot;:{&quot;1&quot;:0},&quot;12&quot;:0}\">Proporcionar idees i eines per crear un hort escolar relacionat amb l&#8217;\u00e0mbit STEAM.<br \/>\n<\/span><\/li>\n<\/ul>\n<p>Explicaci\u00f3:<\/p>\n<p>Aquest curs el Servei Educatiu de la Terra Alta ha preparat una nova maleta pedag\u00f2gica: la Maleta Verda de Secund\u00e0ria. En aquesta maleta hi podeu trobar llibres amb propostes per incorporar l\u2019hort educatiu per contextualitzar l\u2019ensenyament en l\u2019\u00e0mbit STEAM, principalment des de Biologia i Geologia. Tamb\u00e9 hi trobareu llibres que reflexionen sobre les diverses crisis actuals com la clim\u00e0tica, l\u2019energ\u00e8tica, la digital, la social, la de la p\u00e8rdua de la biodiversitat, entre d\u2019altres, i el paper que hi juguen les comunitats educatives a l\u2019hora d\u2019afrontar-les.<\/p>\n<p>Podeu trobar l\u2019article original\u00a0<a href=\"https:\/\/serveiseducatius.xtec.cat\/terraalta\/recursos\/maletes-pedagogiques\/maleta-verda-secundaria\/\" target=\"_blank\" rel=\"noopener\">aqu\u00ed<\/a>.<\/p>\n","protected":false},"excerpt":{"rendered":"<p>Servei Educatiu de la Terra Alta<br \/>\nL\u00ednia 2: La biblioteca escolar com a agent d&#8217;equitat, participaci\u00f3 i cohesi\u00f3 de la comunitat educativa<br \/>\nESO, Batxillerat, Educaci\u00f3 d&#8217;adults<br \/>\nObjectius:<\/p>\n<ul>\n<li>Promoure el coneixement i la reflexi\u00f3 sobre el canvi clim\u00e0tic i les diferents crisis mediambientals que afecten el planeta.<\/li>\n<li>Afavorir i impulsar la&hellip;  <a href=\"https:\/\/projectes.xtec.cat\/bescat\/portada\/bones-practiques-maleta-verda-secundaria\/\" title=\"Read Bones pr\u00e0ctiques: Maleta Verda Secund\u00e0ria\">Llegeix m\u00e9s\u00bb<\/a><br \/>\n","protected":false},"author":133,"featured_media":12810,"comment_status":"open","ping_status":"closed","sticky":false,"template":"","format":"standard","meta":{"_bbp_topic_count":0,"_bbp_reply_count":0,"_bbp_total_topic_count":0,"_bbp_total_reply_count":0,"_bbp_voice_count":0,"_bbp_anonymous_reply_count":0,"_bbp_topic_count_hidden":0,"_bbp_reply_count_hidden":0,"_bbp_forum_subforum_count":0,"footnotes":""},"categories":[290,293,289,296,379,29,291],"tags":[],"class_list":["post-12809","post","type-post","status-publish","format-standard","has-post-thumbnail","hentry","category-batxillerat","category-educacio-dadults","category-eso","category-l2","category-noticies","category-portada","category-xarxa"],"post_mailing_queue_ids":[],"_links":{"self":[{"href":"https:\/\/projectes.xtec.cat\/bescat\/wp-json\/wp\/v2\/posts\/12809","targetHints":{"allow":["GET"]}}],"collection":[{"href":"https:\/\/projectes.xtec.cat\/bescat\/wp-json\/wp\/v2\/posts"}],"about":[{"href":"https:\/\/projectes.xtec.cat\/bescat\/wp-json\/wp\/v2\/types\/post"}],"author":[{"embeddable":true,"href":"https:\/\/projectes.xtec.cat\/bescat\/wp-json\/wp\/v2\/users\/133"}],"replies":[{"embeddable":true,"href":"https:\/\/projectes.xtec.cat\/bescat\/wp-json\/wp\/v2\/comments?post=12809"}],"version-history":[{"count":1,"href":"https:\/\/projectes.xtec.cat\/bescat\/wp-json\/wp\/v2\/posts\/12809\/revisions"}],"predecessor-version":[{"id":12811,"href":"https:\/\/projectes.xtec.cat\/bescat\/wp-json\/wp\/v2\/posts\/12809\/revisions\/12811"}],"wp:featuredmedia":[{"embeddable":true,"href":"https:\/\/projectes.xtec.cat\/bescat\/wp-json\/wp\/v2\/media\/12810"}],"wp:attachment":[{"href":"https:\/\/projectes.xtec.cat\/bescat\/wp-json\/wp\/v2\/media?parent=12809"}],"wp:term":[{"taxonomy":"category","embeddable":true,"href":"https:\/\/projectes.xtec.cat\/bescat\/wp-json\/wp\/v2\/categories?post=12809"},{"taxonomy":"post_tag","embeddable":true,"href":"https:\/\/projectes.xtec.cat\/bescat\/wp-json\/wp\/v2\/tags?post=12809"}],"curies":[{"name":"wp","href":"https:\/\/api.w.org\/{rel}","templated":true}]}}