{"id":13041,"date":"2024-02-20T12:28:28","date_gmt":"2024-02-20T11:28:28","guid":{"rendered":"https:\/\/projectes.xtec.cat\/bescat\/?p=13041"},"modified":"2024-02-20T12:57:20","modified_gmt":"2024-02-20T11:57:20","slug":"setmana-cultural-a-lescola-sant-marti-de-cerdanyola-del-valles","status":"publish","type":"post","link":"https:\/\/projectes.xtec.cat\/bescat\/general\/setmana-cultural-a-lescola-sant-marti-de-cerdanyola-del-valles\/","title":{"rendered":"Setmana Cultural a l&#8217;escola Sant Mart\u00ed de Cerdanyola del Vall\u00e8s"},"content":{"rendered":"<p><img loading=\"lazy\" decoding=\"async\" class=\"size-medium wp-image-13043 alignleft\" src=\"https:\/\/projectes.xtec.cat\/bescat\/wp-content\/uploads\/usu793\/2024\/02\/1-300x222.png\" alt=\"\" width=\"300\" height=\"222\" srcset=\"https:\/\/projectes.xtec.cat\/bescat\/wp-content\/uploads\/usu793\/2024\/02\/1-300x222.png 300w, https:\/\/projectes.xtec.cat\/bescat\/wp-content\/uploads\/usu793\/2024\/02\/1-1024x758.png 1024w, https:\/\/projectes.xtec.cat\/bescat\/wp-content\/uploads\/usu793\/2024\/02\/1-768x569.png 768w, https:\/\/projectes.xtec.cat\/bescat\/wp-content\/uploads\/usu793\/2024\/02\/1.png 1163w\" sizes=\"auto, (max-width: 300px) 100vw, 300px\" \/>Aquesta setmana l&#8217;<a href=\"https:\/\/agora.xtec.cat\/ceipsantmarti-cerdanyola\/\" target=\"_blank\" rel=\"noopener\">escola Sant Mart\u00ed<\/a> (Cerdanyola del Vall\u00e8s) t\u00e9 organitzades unes passejades per mostrar a la comunitat educativa tot el que l&#8217;alumnat d&#8217;infantil i Prim\u00e0ria ha preparat per a la Setmana Cultural.<\/p>\n<p>L&#8217;escola decideix per a cada curs escolar un cl\u00e0ssic de la literatura, enguany s&#8217;ha escollit <em>Al\u00edcia al pa\u00eds de les meravelles<\/em>. Des de totes les \u00e0rees es planifiquen activitats relacionades amb la trama i els personatges. S\u00f3n activitats que donen resposta a un dels sabers del curr\u00edculum. Tal com ens va explicar la coordinadora, el projecte permet: fer un treball transversal, unir la comunitat educativa, fer un aprenentatge significatiu.<\/p>\n<p>L&#8217;escola Sant Mart\u00ed \u00e9s un dels centres que forma part del Consorci KA120 Erasmus CETE+ del projecte 23 de l&#8217;equip de biblioteques escolars. La coordinadora, la Cristina Almoril, ens va convidar i vam visitar el centre, la biblioteca escolar i vam participar de la passejada.<\/p>\n<p><img loading=\"lazy\" decoding=\"async\" class=\"alignnone size-medium wp-image-13044\" src=\"https:\/\/projectes.xtec.cat\/bescat\/wp-content\/uploads\/usu793\/2024\/02\/2-300x215.png\" alt=\"\" width=\"300\" height=\"215\" srcset=\"https:\/\/projectes.xtec.cat\/bescat\/wp-content\/uploads\/usu793\/2024\/02\/2-300x215.png 300w, https:\/\/projectes.xtec.cat\/bescat\/wp-content\/uploads\/usu793\/2024\/02\/2-1024x735.png 1024w, https:\/\/projectes.xtec.cat\/bescat\/wp-content\/uploads\/usu793\/2024\/02\/2-768x551.png 768w, https:\/\/projectes.xtec.cat\/bescat\/wp-content\/uploads\/usu793\/2024\/02\/2.png 1170w\" sizes=\"auto, (max-width: 300px) 100vw, 300px\" \/> <img loading=\"lazy\" decoding=\"async\" class=\"alignnone wp-image-13045\" src=\"https:\/\/projectes.xtec.cat\/bescat\/wp-content\/uploads\/usu793\/2024\/02\/3-300x242.png\" alt=\"\" width=\"265\" height=\"214\" srcset=\"https:\/\/projectes.xtec.cat\/bescat\/wp-content\/uploads\/usu793\/2024\/02\/3-300x242.png 300w, https:\/\/projectes.xtec.cat\/bescat\/wp-content\/uploads\/usu793\/2024\/02\/3-768x619.png 768w, https:\/\/projectes.xtec.cat\/bescat\/wp-content\/uploads\/usu793\/2024\/02\/3.png 835w\" sizes=\"auto, (max-width: 265px) 100vw, 265px\" \/> <img loading=\"lazy\" decoding=\"async\" class=\"alignnone wp-image-13046\" src=\"https:\/\/projectes.xtec.cat\/bescat\/wp-content\/uploads\/usu793\/2024\/02\/4-259x300.png\" alt=\"\" width=\"210\" height=\"243\" srcset=\"https:\/\/projectes.xtec.cat\/bescat\/wp-content\/uploads\/usu793\/2024\/02\/4-259x300.png 259w, https:\/\/projectes.xtec.cat\/bescat\/wp-content\/uploads\/usu793\/2024\/02\/4.png 640w\" sizes=\"auto, (max-width: 210px) 100vw, 210px\" \/> <img loading=\"lazy\" decoding=\"async\" class=\"alignnone wp-image-13047\" src=\"https:\/\/projectes.xtec.cat\/bescat\/wp-content\/uploads\/usu793\/2024\/02\/5-241x300.png\" alt=\"\" width=\"195\" height=\"243\" srcset=\"https:\/\/projectes.xtec.cat\/bescat\/wp-content\/uploads\/usu793\/2024\/02\/5-241x300.png 241w, https:\/\/projectes.xtec.cat\/bescat\/wp-content\/uploads\/usu793\/2024\/02\/5.png 593w\" sizes=\"auto, (max-width: 195px) 100vw, 195px\" \/> <img loading=\"lazy\" decoding=\"async\" class=\"alignnone size-medium wp-image-13048\" src=\"https:\/\/projectes.xtec.cat\/bescat\/wp-content\/uploads\/usu793\/2024\/02\/7-300x149.png\" alt=\"\" width=\"300\" height=\"149\" srcset=\"https:\/\/projectes.xtec.cat\/bescat\/wp-content\/uploads\/usu793\/2024\/02\/7-300x149.png 300w, https:\/\/projectes.xtec.cat\/bescat\/wp-content\/uploads\/usu793\/2024\/02\/7-1024x510.png 1024w, https:\/\/projectes.xtec.cat\/bescat\/wp-content\/uploads\/usu793\/2024\/02\/7-768x383.png 768w, https:\/\/projectes.xtec.cat\/bescat\/wp-content\/uploads\/usu793\/2024\/02\/7.png 1164w\" sizes=\"auto, (max-width: 300px) 100vw, 300px\" \/> <img loading=\"lazy\" decoding=\"async\" class=\"alignnone size-medium wp-image-13049\" src=\"https:\/\/projectes.xtec.cat\/bescat\/wp-content\/uploads\/usu793\/2024\/02\/8-300x237.png\" alt=\"\" width=\"300\" height=\"237\" srcset=\"https:\/\/projectes.xtec.cat\/bescat\/wp-content\/uploads\/usu793\/2024\/02\/8-300x237.png 300w, https:\/\/projectes.xtec.cat\/bescat\/wp-content\/uploads\/usu793\/2024\/02\/8-1024x808.png 1024w, https:\/\/projectes.xtec.cat\/bescat\/wp-content\/uploads\/usu793\/2024\/02\/8-768x606.png 768w, https:\/\/projectes.xtec.cat\/bescat\/wp-content\/uploads\/usu793\/2024\/02\/8.png 1064w\" sizes=\"auto, (max-width: 300px) 100vw, 300px\" \/> <img loading=\"lazy\" decoding=\"async\" class=\"alignnone size-medium wp-image-13050\" src=\"https:\/\/projectes.xtec.cat\/bescat\/wp-content\/uploads\/usu793\/2024\/02\/9-300x226.png\" alt=\"\" width=\"300\" height=\"226\" srcset=\"https:\/\/projectes.xtec.cat\/bescat\/wp-content\/uploads\/usu793\/2024\/02\/9-300x226.png 300w, https:\/\/projectes.xtec.cat\/bescat\/wp-content\/uploads\/usu793\/2024\/02\/9-1024x770.png 1024w, https:\/\/projectes.xtec.cat\/bescat\/wp-content\/uploads\/usu793\/2024\/02\/9-768x578.png 768w, https:\/\/projectes.xtec.cat\/bescat\/wp-content\/uploads\/usu793\/2024\/02\/9-200x150.png 200w, https:\/\/projectes.xtec.cat\/bescat\/wp-content\/uploads\/usu793\/2024\/02\/9.png 1066w\" sizes=\"auto, (max-width: 300px) 100vw, 300px\" \/><\/p>\n<p>&nbsp;<\/p>\n<p>&nbsp;<\/p>\n<p>&nbsp;<\/p>\n<p>&nbsp;<\/p>\n","protected":false},"excerpt":{"rendered":"<p>Aquesta setmana l&#8217;<a href=\"https:\/\/agora.xtec.cat\/ceipsantmarti-cerdanyola\/\" target=\"_blank\" rel=\"noopener\">escola Sant Mart\u00ed<\/a> (Cerdanyola del Vall\u00e8s) t\u00e9 organitzades unes passejades per mostrar a la comunitat educativa tot el que l&#8217;alumnat d&#8217;infantil i Prim\u00e0ria ha preparat per a la Setmana Cultural.<br \/>\nL&#8217;escola decideix per a cada curs escolar un cl\u00e0ssic de la&hellip;  <a href=\"https:\/\/projectes.xtec.cat\/bescat\/general\/setmana-cultural-a-lescola-sant-marti-de-cerdanyola-del-valles\/\" title=\"Read Setmana Cultural a l&#8217;escola Sant Mart\u00ed de Cerdanyola del Vall\u00e8s\">Llegeix m\u00e9s\u00bb<\/a><\/p>\n","protected":false},"author":133,"featured_media":13043,"comment_status":"open","ping_status":"closed","sticky":false,"template":"","format":"standard","meta":{"_bbp_topic_count":0,"_bbp_reply_count":0,"_bbp_total_topic_count":0,"_bbp_total_reply_count":0,"_bbp_voice_count":0,"_bbp_anonymous_reply_count":0,"_bbp_topic_count_hidden":0,"_bbp_reply_count_hidden":0,"_bbp_forum_subforum_count":0,"footnotes":""},"categories":[450,1,379,451,29,481],"tags":[454,503],"class_list":["post-13041","post","type-post","status-publish","format-standard","has-post-thumbnail","hentry","category-erasmuspuntedu","category-general","category-noticies","category-noticies-erasmus","category-portada","category-projecte-23","tag-cete","tag-erasmusbescat"],"post_mailing_queue_ids":[],"_links":{"self":[{"href":"https:\/\/projectes.xtec.cat\/bescat\/wp-json\/wp\/v2\/posts\/13041","targetHints":{"allow":["GET"]}}],"collection":[{"href":"https:\/\/projectes.xtec.cat\/bescat\/wp-json\/wp\/v2\/posts"}],"about":[{"href":"https:\/\/projectes.xtec.cat\/bescat\/wp-json\/wp\/v2\/types\/post"}],"author":[{"embeddable":true,"href":"https:\/\/projectes.xtec.cat\/bescat\/wp-json\/wp\/v2\/users\/133"}],"replies":[{"embeddable":true,"href":"https:\/\/projectes.xtec.cat\/bescat\/wp-json\/wp\/v2\/comments?post=13041"}],"version-history":[{"count":5,"href":"https:\/\/projectes.xtec.cat\/bescat\/wp-json\/wp\/v2\/posts\/13041\/revisions"}],"predecessor-version":[{"id":13054,"href":"https:\/\/projectes.xtec.cat\/bescat\/wp-json\/wp\/v2\/posts\/13041\/revisions\/13054"}],"wp:featuredmedia":[{"embeddable":true,"href":"https:\/\/projectes.xtec.cat\/bescat\/wp-json\/wp\/v2\/media\/13043"}],"wp:attachment":[{"href":"https:\/\/projectes.xtec.cat\/bescat\/wp-json\/wp\/v2\/media?parent=13041"}],"wp:term":[{"taxonomy":"category","embeddable":true,"href":"https:\/\/projectes.xtec.cat\/bescat\/wp-json\/wp\/v2\/categories?post=13041"},{"taxonomy":"post_tag","embeddable":true,"href":"https:\/\/projectes.xtec.cat\/bescat\/wp-json\/wp\/v2\/tags?post=13041"}],"curies":[{"name":"wp","href":"https:\/\/api.w.org\/{rel}","templated":true}]}}