{"id":13333,"date":"2024-04-05T11:14:56","date_gmt":"2024-04-05T09:14:56","guid":{"rendered":"https:\/\/projectes.xtec.cat\/bescat\/?p=13333"},"modified":"2024-04-05T12:00:16","modified_gmt":"2024-04-05T10:00:16","slug":"bones-practiques-micropoemes-de-lilla","status":"publish","type":"post","link":"https:\/\/projectes.xtec.cat\/bescat\/general\/bones-practiques-micropoemes-de-lilla\/","title":{"rendered":"Bones pr\u00e0ctiques: Micropoemes de l&#8217;Illa"},"content":{"rendered":"<p><span data-sheets-root=\"1\" data-sheets-value=\"{&quot;1&quot;:2,&quot;2&quot;:&quot;Escola 1 d'Abril-ZER Ebre&quot;}\" data-sheets-userformat=\"{&quot;2&quot;:513,&quot;3&quot;:{&quot;1&quot;:0},&quot;12&quot;:0}\"><img loading=\"lazy\" decoding=\"async\" class=\" wp-image-13335 alignleft\" src=\"https:\/\/projectes.xtec.cat\/bescat\/wp-content\/uploads\/usu793\/2024\/04\/Micropoemes-300x163.png\" alt=\"\" width=\"252\" height=\"137\" srcset=\"https:\/\/projectes.xtec.cat\/bescat\/wp-content\/uploads\/usu793\/2024\/04\/Micropoemes-300x163.png 300w, https:\/\/projectes.xtec.cat\/bescat\/wp-content\/uploads\/usu793\/2024\/04\/Micropoemes-1024x555.png 1024w, https:\/\/projectes.xtec.cat\/bescat\/wp-content\/uploads\/usu793\/2024\/04\/Micropoemes-768x416.png 768w, https:\/\/projectes.xtec.cat\/bescat\/wp-content\/uploads\/usu793\/2024\/04\/Micropoemes.png 1103w\" sizes=\"auto, (max-width: 252px) 100vw, 252px\" \/>Institut Illa de Rodes (Roses)<\/span><\/p>\n<p><span data-sheets-root=\"1\" data-sheets-value=\"{&quot;1&quot;:2,&quot;2&quot;:&quot;L\u00ednia 3: La biblioteca escolar com a agent dinamitzador cultural del centre&quot;}\" data-sheets-userformat=\"{&quot;2&quot;:513,&quot;3&quot;:{&quot;1&quot;:0},&quot;12&quot;:0}\">L\u00ednia 3: La biblioteca escolar com a agent dinamitzador cultural del centre<\/span><\/p>\n<p><span data-sheets-root=\"1\" data-sheets-value=\"{&quot;1&quot;:2,&quot;2&quot;:&quot;ESO, Batxillerat&quot;}\" data-sheets-userformat=\"{&quot;2&quot;:513,&quot;3&quot;:{&quot;1&quot;:0},&quot;12&quot;:0}\">ESO, Batxillerat<\/span><\/p>\n<p>Objectius:<\/p>\n<ul>\n<li><span data-sheets-root=\"1\" data-sheets-value=\"{&quot;1&quot;:2,&quot;2&quot;:&quot;1. Donar a con\u00e8ixer que el dia 21 de mar\u00e7 \u00e9s el dia de la poesia.\\n2. Motivar l'alumnat a jugar amb les paraules i les idees per crear micropoemes.\\n3. Fer de l'espai virtual de la biblioteca un lloc viu i participatiu&quot;}\" data-sheets-userformat=\"{&quot;2&quot;:513,&quot;3&quot;:{&quot;1&quot;:0},&quot;12&quot;:0}\">Donar a con\u00e8ixer que el dia 21 de mar\u00e7 \u00e9s el dia de la poesia.<\/span><\/li>\n<li><span data-sheets-root=\"1\" data-sheets-value=\"{&quot;1&quot;:2,&quot;2&quot;:&quot;1. Donar a con\u00e8ixer que el dia 21 de mar\u00e7 \u00e9s el dia de la poesia.\\n2. Motivar l'alumnat a jugar amb les paraules i les idees per crear micropoemes.\\n3. Fer de l'espai virtual de la biblioteca un lloc viu i participatiu&quot;}\" data-sheets-userformat=\"{&quot;2&quot;:513,&quot;3&quot;:{&quot;1&quot;:0},&quot;12&quot;:0}\">Motivar l&#8217;alumnat a jugar amb les paraules i les idees per crear micropoemes.<\/span><\/li>\n<li><span data-sheets-root=\"1\" data-sheets-value=\"{&quot;1&quot;:2,&quot;2&quot;:&quot;1. Donar a con\u00e8ixer que el dia 21 de mar\u00e7 \u00e9s el dia de la poesia.\\n2. Motivar l'alumnat a jugar amb les paraules i les idees per crear micropoemes.\\n3. Fer de l'espai virtual de la biblioteca un lloc viu i participatiu&quot;}\" data-sheets-userformat=\"{&quot;2&quot;:513,&quot;3&quot;:{&quot;1&quot;:0},&quot;12&quot;:0}\">Fer de l&#8217;espai virtual de la biblioteca un lloc viu i participatiu<\/span><\/li>\n<\/ul>\n<p>Per celebrar el Dia Mundial de la Poesia, el 21 de mar\u00e7, des de la biblioteca de l&#8217;<span data-sheets-root=\"1\" data-sheets-value=\"{&quot;1&quot;:2,&quot;2&quot;:&quot;Escola 1 d'Abril-ZER Ebre&quot;}\" data-sheets-userformat=\"{&quot;2&quot;:513,&quot;3&quot;:{&quot;1&quot;:0},&quot;12&quot;:0}\">Institut Illa de Rodes<\/span> es va convidar l\u2019alumnat de diversos cursos a crear micropoemes i a compartir-los amb la comunitat educativa a trav\u00e9s d&#8217;un padlet. Aquesta iniciativa s\u2019ha emmarcat en els actes de celebraci\u00f3 de la diada promoguts per la Instituci\u00f3 de les Lletres Catalanes i la Federaci\u00f3 Catalana d\u2019Associacions i Clubs UNESCO.<\/p>\n<p>Podeu trobar l\u2019article original\u00a0<a href=\"https:\/\/illamediateca.home.blog\/activitats\/\" target=\"_blank\" rel=\"noopener\">aqu\u00ed<\/a>.<\/p>\n","protected":false},"excerpt":{"rendered":"<p>Institut Illa de Rodes (Roses)<br \/>\nL\u00ednia 3: La biblioteca escolar com a agent dinamitzador cultural del centre<br \/>\nESO, Batxillerat<br \/>\nObjectius:<\/p>\n<ul>\n<li>Donar a con\u00e8ixer que el dia 21 de mar\u00e7 \u00e9s el dia de la poesia.<\/li>\n<li>Motivar l&#8217;alumnat a jugar amb les paraules i les idees per crear micropoemes.<\/li>\n<li>Fer de l&#8217;espai&hellip;  <a href=\"https:\/\/projectes.xtec.cat\/bescat\/general\/bones-practiques-micropoemes-de-lilla\/\" title=\"Read Bones pr\u00e0ctiques: Micropoemes de l&#8217;Illa\">Llegeix m\u00e9s\u00bb<\/a><br \/>\n","protected":false},"author":133,"featured_media":13335,"comment_status":"open","ping_status":"closed","sticky":false,"template":"","format":"standard","meta":{"_bbp_topic_count":0,"_bbp_reply_count":0,"_bbp_total_topic_count":0,"_bbp_total_reply_count":0,"_bbp_voice_count":0,"_bbp_anonymous_reply_count":0,"_bbp_topic_count_hidden":0,"_bbp_reply_count_hidden":0,"_bbp_forum_subforum_count":0,"footnotes":""},"categories":[290,289,1,297,379,29],"tags":[516],"class_list":["post-13333","post","type-post","status-publish","format-standard","has-post-thumbnail","hentry","category-batxillerat","category-eso","category-general","category-l3","category-noticies","category-portada","tag-dia-mundial-de-la-poesia"],"post_mailing_queue_ids":[],"_links":{"self":[{"href":"https:\/\/projectes.xtec.cat\/bescat\/wp-json\/wp\/v2\/posts\/13333","targetHints":{"allow":["GET"]}}],"collection":[{"href":"https:\/\/projectes.xtec.cat\/bescat\/wp-json\/wp\/v2\/posts"}],"about":[{"href":"https:\/\/projectes.xtec.cat\/bescat\/wp-json\/wp\/v2\/types\/post"}],"author":[{"embeddable":true,"href":"https:\/\/projectes.xtec.cat\/bescat\/wp-json\/wp\/v2\/users\/133"}],"replies":[{"embeddable":true,"href":"https:\/\/projectes.xtec.cat\/bescat\/wp-json\/wp\/v2\/comments?post=13333"}],"version-history":[{"count":3,"href":"https:\/\/projectes.xtec.cat\/bescat\/wp-json\/wp\/v2\/posts\/13333\/revisions"}],"predecessor-version":[{"id":13337,"href":"https:\/\/projectes.xtec.cat\/bescat\/wp-json\/wp\/v2\/posts\/13333\/revisions\/13337"}],"wp:featuredmedia":[{"embeddable":true,"href":"https:\/\/projectes.xtec.cat\/bescat\/wp-json\/wp\/v2\/media\/13335"}],"wp:attachment":[{"href":"https:\/\/projectes.xtec.cat\/bescat\/wp-json\/wp\/v2\/media?parent=13333"}],"wp:term":[{"taxonomy":"category","embeddable":true,"href":"https:\/\/projectes.xtec.cat\/bescat\/wp-json\/wp\/v2\/categories?post=13333"},{"taxonomy":"post_tag","embeddable":true,"href":"https:\/\/projectes.xtec.cat\/bescat\/wp-json\/wp\/v2\/tags?post=13333"}],"curies":[{"name":"wp","href":"https:\/\/api.w.org\/{rel}","templated":true}]}}