{"id":13745,"date":"2024-06-17T07:38:01","date_gmt":"2024-06-17T05:38:01","guid":{"rendered":"https:\/\/projectes.xtec.cat\/bescat\/?p=13745"},"modified":"2024-06-17T07:50:22","modified_gmt":"2024-06-17T05:50:22","slug":"4a-trobada-de-coordinacio-de-seminaris-i-grups-de-treball-de-biblioteques-escolars","status":"publish","type":"post","link":"https:\/\/projectes.xtec.cat\/bescat\/general\/4a-trobada-de-coordinacio-de-seminaris-i-grups-de-treball-de-biblioteques-escolars\/","title":{"rendered":"4a Trobada de coordinaci\u00f3 de Seminaris i grups de treball de biblioteques escolars"},"content":{"rendered":"\n<div class=\"wp-block-columns is-layout-flex wp-container-core-columns-is-layout-1 wp-block-columns-is-layout-flex\">\n<div class=\"wp-block-column is-layout-flow wp-block-column-is-layout-flow\">\n<figure class=\"wp-block-image size-full\"><a href=\"https:\/\/projectes.xtec.cat\/bescat\/wp-content\/uploads\/usu793\/2024\/06\/programa.png\"><img loading=\"lazy\" decoding=\"async\" width=\"986\" height=\"803\" src=\"https:\/\/projectes.xtec.cat\/bescat\/wp-content\/uploads\/usu793\/2024\/06\/programa.png\" alt=\"\" class=\"wp-image-13747\" srcset=\"https:\/\/projectes.xtec.cat\/bescat\/wp-content\/uploads\/usu793\/2024\/06\/programa.png 986w, https:\/\/projectes.xtec.cat\/bescat\/wp-content\/uploads\/usu793\/2024\/06\/programa-300x244.png 300w, https:\/\/projectes.xtec.cat\/bescat\/wp-content\/uploads\/usu793\/2024\/06\/programa-768x625.png 768w\" sizes=\"auto, (max-width: 986px) 100vw, 986px\" \/><\/a><\/figure>\n<\/div>\n\n\n\n<div class=\"wp-block-column is-layout-flow wp-block-column-is-layout-flow\">\n<p>La <a rel=\"noreferrer noopener\" href=\"https:\/\/bibliotecavirtual.diba.cat\/es\/vilassar-de-mar-biblioteca-ernest-lluch-i-martin\" target=\"_blank\">Biblioteca Ernest Lluch i Mart\u00edn de Vilassar de Mar<\/a> ens va obrir les portes el divendres 14 de juny per fer la 4a Trobada de coordinaci\u00f3 de <a rel=\"noreferrer noopener\" href=\"https:\/\/projectes.xtec.cat\/bescat\/seminaris_gt\/\" target=\"_blank\">Seminaris i grups de treball de biblioteques escolars<\/a>.<\/p>\n\n\n\n<p>La directora de la biblioteca, la Sol Teixid\u00f3, ens va explicar el Pla de lectura que ofereixen als centres educatius d&#8217;aquesta poblaci\u00f3 del Maresme.<\/p>\n\n\n\n<p>Despr\u00e9s, la directora del CRP de Santa Coloma de Gramenet, la Diana Ruiz, ens va explicar el document de suport per a les biblioteques escolars que volen transformar el seu espai. Un material que ha creat arran d&#8217;una mobilitat Erasmus CETE+ que va fer a Portugal amb l&#8217;equip de BE. <\/p>\n<\/div>\n<\/div>\n\n\n\n<div class=\"wp-block-columns is-layout-flex wp-container-core-columns-is-layout-2 wp-block-columns-is-layout-flex\">\n<div class=\"wp-block-column is-layout-flow wp-block-column-is-layout-flow\">\n<p>La segona part de la trobada la vam iniciar fent una din\u00e0mica que analitzava diferents aspectes del present dels Seminaris i Grups de treballs i es parlava del futur, de propostes per millorar.<\/p>\n\n\n\n<p>Vam acabar la trobada coneixent com la Mireia Mart\u00ednez, bibliotec\u00e0ria de la Biblioteca Ernest Lluc (<em><a rel=\"noreferrer noopener\" href=\"https:\/\/www.instagram.com\/gometsicolors\/\" target=\"_blank\">gomets i colors<\/a><\/em> a les xarxes socials), crea, planifica i dinamitza els Laboratoris de lectura. <\/p>\n<\/div>\n\n\n\n<div class=\"wp-block-column is-layout-flow wp-block-column-is-layout-flow\">\n<figure class=\"wp-block-image size-large\"><a href=\"https:\/\/projectes.xtec.cat\/bescat\/wp-content\/uploads\/usu793\/2024\/06\/6.png\"><img loading=\"lazy\" decoding=\"async\" width=\"1024\" height=\"757\" src=\"https:\/\/projectes.xtec.cat\/bescat\/wp-content\/uploads\/usu793\/2024\/06\/6-1024x757.png\" alt=\"\" class=\"wp-image-13751\" srcset=\"https:\/\/projectes.xtec.cat\/bescat\/wp-content\/uploads\/usu793\/2024\/06\/6-1024x757.png 1024w, https:\/\/projectes.xtec.cat\/bescat\/wp-content\/uploads\/usu793\/2024\/06\/6-300x222.png 300w, https:\/\/projectes.xtec.cat\/bescat\/wp-content\/uploads\/usu793\/2024\/06\/6-768x567.png 768w, https:\/\/projectes.xtec.cat\/bescat\/wp-content\/uploads\/usu793\/2024\/06\/6.png 1160w\" sizes=\"auto, (max-width: 1024px) 100vw, 1024px\" \/><\/a><\/figure>\n<\/div>\n<\/div>\n\n\n\n<p>Volem agrair a la directora i a tot l&#8217;equip de la Biblioteca de Vilassar de Mar la seva acollida, la implicaci\u00f3 i les gestions fetes. Tamb\u00e9 volem donar les gr\u00e0cies a totes les persones que van assistir a la trobada.<\/p>\n\n\n\n<div class=\"wp-block-columns is-layout-flex wp-container-core-columns-is-layout-3 wp-block-columns-is-layout-flex\">\n<div class=\"wp-block-column is-layout-flow wp-block-column-is-layout-flow\"><\/div>\n\n\n\n<div class=\"wp-block-column is-layout-flow wp-block-column-is-layout-flow\"><\/div>\n\n\n\n<div class=\"wp-block-column is-layout-flow wp-block-column-is-layout-flow\"><\/div>\n<\/div>\n\n\n\n<div class=\"wp-block-columns is-layout-flex wp-container-core-columns-is-layout-4 wp-block-columns-is-layout-flex\">\n<div class=\"wp-block-column is-layout-flow wp-block-column-is-layout-flow\">\n<figure class=\"wp-block-image size-large\"><a href=\"https:\/\/projectes.xtec.cat\/bescat\/wp-content\/uploads\/usu793\/2024\/06\/Lab-gomets-i-colors.png\"><img loading=\"lazy\" decoding=\"async\" width=\"1024\" height=\"694\" src=\"https:\/\/projectes.xtec.cat\/bescat\/wp-content\/uploads\/usu793\/2024\/06\/Lab-gomets-i-colors-1024x694.png\" alt=\"\" class=\"wp-image-13752\" srcset=\"https:\/\/projectes.xtec.cat\/bescat\/wp-content\/uploads\/usu793\/2024\/06\/Lab-gomets-i-colors-1024x694.png 1024w, https:\/\/projectes.xtec.cat\/bescat\/wp-content\/uploads\/usu793\/2024\/06\/Lab-gomets-i-colors-300x203.png 300w, https:\/\/projectes.xtec.cat\/bescat\/wp-content\/uploads\/usu793\/2024\/06\/Lab-gomets-i-colors-768x521.png 768w, https:\/\/projectes.xtec.cat\/bescat\/wp-content\/uploads\/usu793\/2024\/06\/Lab-gomets-i-colors.png 1068w\" sizes=\"auto, (max-width: 1024px) 100vw, 1024px\" \/><\/a><\/figure>\n<\/div>\n\n\n\n<div class=\"wp-block-column is-layout-flow wp-block-column-is-layout-flow\">\n<figure class=\"wp-block-image size-large\"><a href=\"https:\/\/projectes.xtec.cat\/bescat\/wp-content\/uploads\/usu793\/2024\/06\/Gomets-i-colors-lab-2.png\"><img loading=\"lazy\" decoding=\"async\" width=\"1024\" height=\"729\" src=\"https:\/\/projectes.xtec.cat\/bescat\/wp-content\/uploads\/usu793\/2024\/06\/Gomets-i-colors-lab-2-1024x729.png\" alt=\"\" class=\"wp-image-13753\" srcset=\"https:\/\/projectes.xtec.cat\/bescat\/wp-content\/uploads\/usu793\/2024\/06\/Gomets-i-colors-lab-2-1024x729.png 1024w, https:\/\/projectes.xtec.cat\/bescat\/wp-content\/uploads\/usu793\/2024\/06\/Gomets-i-colors-lab-2-300x213.png 300w, https:\/\/projectes.xtec.cat\/bescat\/wp-content\/uploads\/usu793\/2024\/06\/Gomets-i-colors-lab-2-768x547.png 768w, https:\/\/projectes.xtec.cat\/bescat\/wp-content\/uploads\/usu793\/2024\/06\/Gomets-i-colors-lab-2.png 1075w\" sizes=\"auto, (max-width: 1024px) 100vw, 1024px\" \/><\/a><\/figure>\n<\/div>\n\n\n\n<div class=\"wp-block-column is-layout-flow wp-block-column-is-layout-flow\">\n<figure class=\"wp-block-image size-full\"><a href=\"https:\/\/projectes.xtec.cat\/bescat\/wp-content\/uploads\/usu793\/2024\/06\/8-1.png\"><img loading=\"lazy\" decoding=\"async\" width=\"866\" height=\"617\" src=\"https:\/\/projectes.xtec.cat\/bescat\/wp-content\/uploads\/usu793\/2024\/06\/8-1.png\" alt=\"\" class=\"wp-image-13759\" srcset=\"https:\/\/projectes.xtec.cat\/bescat\/wp-content\/uploads\/usu793\/2024\/06\/8-1.png 866w, https:\/\/projectes.xtec.cat\/bescat\/wp-content\/uploads\/usu793\/2024\/06\/8-1-300x214.png 300w, https:\/\/projectes.xtec.cat\/bescat\/wp-content\/uploads\/usu793\/2024\/06\/8-1-768x547.png 768w\" sizes=\"auto, (max-width: 866px) 100vw, 866px\" \/><\/a><\/figure>\n<\/div>\n<\/div>\n","protected":false},"excerpt":{"rendered":"<p><a href=\"https:\/\/projectes.xtec.cat\/bescat\/wp-content\/uploads\/usu793\/2024\/06\/programa.png\"><\/a><\/p>\n<p>La <a rel=\"noreferrer noopener\" href=\"https:\/\/bibliotecavirtual.diba.cat\/es\/vilassar-de-mar-biblioteca-ernest-lluch-i-martin\" target=\"_blank\">Biblioteca Ernest Lluch i Mart\u00edn de Vilassar de Mar<\/a> ens va obrir les portes el divendres 14 de juny per fer la 4a Trobada de coordinaci\u00f3 de <a rel=\"noreferrer noopener\" href=\"https:\/\/projectes.xtec.cat\/bescat\/seminaris_gt\/\" target=\"_blank\">Seminaris i grups de treball de biblioteques escolars<\/a>.<\/p>\n<p>La&hellip;  <a href=\"https:\/\/projectes.xtec.cat\/bescat\/general\/4a-trobada-de-coordinacio-de-seminaris-i-grups-de-treball-de-biblioteques-escolars\/\" title=\"Read 4a Trobada de coordinaci\u00f3 de Seminaris i grups de treball de biblioteques escolars\">Llegeix m\u00e9s\u00bb<\/a><\/p>\n","protected":false},"author":133,"featured_media":13756,"comment_status":"open","ping_status":"open","sticky":false,"template":"","format":"standard","meta":{"_bbp_topic_count":0,"_bbp_reply_count":0,"_bbp_total_topic_count":0,"_bbp_total_reply_count":0,"_bbp_voice_count":0,"_bbp_anonymous_reply_count":0,"_bbp_topic_count_hidden":0,"_bbp_reply_count_hidden":0,"_bbp_forum_subforum_count":0,"footnotes":""},"categories":[1,379,29,291],"tags":[],"class_list":["post-13745","post","type-post","status-publish","format-standard","has-post-thumbnail","hentry","category-general","category-noticies","category-portada","category-xarxa"],"post_mailing_queue_ids":[],"_links":{"self":[{"href":"https:\/\/projectes.xtec.cat\/bescat\/wp-json\/wp\/v2\/posts\/13745","targetHints":{"allow":["GET"]}}],"collection":[{"href":"https:\/\/projectes.xtec.cat\/bescat\/wp-json\/wp\/v2\/posts"}],"about":[{"href":"https:\/\/projectes.xtec.cat\/bescat\/wp-json\/wp\/v2\/types\/post"}],"author":[{"embeddable":true,"href":"https:\/\/projectes.xtec.cat\/bescat\/wp-json\/wp\/v2\/users\/133"}],"replies":[{"embeddable":true,"href":"https:\/\/projectes.xtec.cat\/bescat\/wp-json\/wp\/v2\/comments?post=13745"}],"version-history":[{"count":6,"href":"https:\/\/projectes.xtec.cat\/bescat\/wp-json\/wp\/v2\/posts\/13745\/revisions"}],"predecessor-version":[{"id":13766,"href":"https:\/\/projectes.xtec.cat\/bescat\/wp-json\/wp\/v2\/posts\/13745\/revisions\/13766"}],"wp:featuredmedia":[{"embeddable":true,"href":"https:\/\/projectes.xtec.cat\/bescat\/wp-json\/wp\/v2\/media\/13756"}],"wp:attachment":[{"href":"https:\/\/projectes.xtec.cat\/bescat\/wp-json\/wp\/v2\/media?parent=13745"}],"wp:term":[{"taxonomy":"category","embeddable":true,"href":"https:\/\/projectes.xtec.cat\/bescat\/wp-json\/wp\/v2\/categories?post=13745"},{"taxonomy":"post_tag","embeddable":true,"href":"https:\/\/projectes.xtec.cat\/bescat\/wp-json\/wp\/v2\/tags?post=13745"}],"curies":[{"name":"wp","href":"https:\/\/api.w.org\/{rel}","templated":true}]}}