{"id":13984,"date":"2024-07-10T12:15:18","date_gmt":"2024-07-10T10:15:18","guid":{"rendered":"https:\/\/projectes.xtec.cat\/bescat\/?p=13984"},"modified":"2024-07-10T12:15:19","modified_gmt":"2024-07-10T10:15:19","slug":"transferencia-de-la-mobilitat-a-coimbra-a-lescola-frigolet","status":"publish","type":"post","link":"https:\/\/projectes.xtec.cat\/bescat\/general\/transferencia-de-la-mobilitat-a-coimbra-a-lescola-frigolet\/","title":{"rendered":"Transfer\u00e8ncia de la mobilitat a Co\u00efmbra a l\u2019escola Frigolet"},"content":{"rendered":"\n<div class=\"wp-block-columns is-layout-flex wp-container-core-columns-is-layout-1 wp-block-columns-is-layout-flex\">\n<div class=\"wp-block-column is-layout-flow wp-block-column-is-layout-flow\">\n<figure class=\"wp-block-image size-full\"><a href=\"https:\/\/projectes.xtec.cat\/bescat\/wp-content\/uploads\/usu793\/2024\/07\/transferencia-Coimbra-Frigolet.jpg\"><img loading=\"lazy\" decoding=\"async\" width=\"960\" height=\"540\" src=\"https:\/\/projectes.xtec.cat\/bescat\/wp-content\/uploads\/usu793\/2024\/07\/transferencia-Coimbra-Frigolet.jpg\" alt=\"\" class=\"wp-image-13985\" srcset=\"https:\/\/projectes.xtec.cat\/bescat\/wp-content\/uploads\/usu793\/2024\/07\/transferencia-Coimbra-Frigolet.jpg 960w, https:\/\/projectes.xtec.cat\/bescat\/wp-content\/uploads\/usu793\/2024\/07\/transferencia-Coimbra-Frigolet-300x169.jpg 300w, https:\/\/projectes.xtec.cat\/bescat\/wp-content\/uploads\/usu793\/2024\/07\/transferencia-Coimbra-Frigolet-768x432.jpg 768w\" sizes=\"auto, (max-width: 960px) 100vw, 960px\" \/><\/a><\/figure>\n<\/div>\n\n\n\n<div class=\"wp-block-column is-layout-flow wp-block-column-is-layout-flow\">\n<p>La coordinadora del projecte Erasmus 23 de l\u2019<a href=\"https:\/\/agora.xtec.cat\/ceipfrigolet\/portada\/job-shadowing-coimbra-compartim-amb-el-claustre\/\" target=\"_blank\" rel=\"noreferrer noopener\">escola Frigolet (Porqueres)<\/a>, la Mar L\u00f3pez, va explicar al claustre la mobilitat a Co\u00efmbra, Portugal. La valoraci\u00f3 que han fet de compartir l&#8217;experi\u00e8ncia d&#8217;aquest job shadowing \u00e9s que ha estat benefici\u00f3s per adquirir una visi\u00f3 diferent a l\u2019hora de gestionar i entendre la import\u00e0ncia de les biblioteques escolars dels centres com a pilars essencials i fonamentals per l\u2019aprenentatge del nostre alumnat.<\/p>\n\n\n\n<p><a href=\"https:\/\/agora.xtec.cat\/ceipfrigolet\/wp-content\/uploads\/usu426\/2024\/07\/Presentacio-sense-titol-17.jpg\"><\/a>L\u2019escola Frigolet \u00e9s un dels centres que forma part del Consorci KA120 Erasmus CETE+ del projecte 23 de l\u2019equip de biblioteques escolars (erasmusbescat).<\/p>\n<\/div>\n<\/div>\n","protected":false},"excerpt":{"rendered":"<p><a href=\"https:\/\/projectes.xtec.cat\/bescat\/wp-content\/uploads\/usu793\/2024\/07\/transferencia-Coimbra-Frigolet.jpg\"><\/a><\/p>\n<p>La coordinadora del projecte Erasmus 23 de l\u2019<a href=\"https:\/\/agora.xtec.cat\/ceipfrigolet\/portada\/job-shadowing-coimbra-compartim-amb-el-claustre\/\" target=\"_blank\" rel=\"noreferrer noopener\">escola Frigolet (Porqueres)<\/a>, la Mar L\u00f3pez, va explicar al claustre la mobilitat a Co\u00efmbra, Portugal. La valoraci\u00f3 que han fet de compartir l&#8217;experi\u00e8ncia d&#8217;aquest job shadowing \u00e9s que ha estat benefici\u00f3s per adquirir&hellip;  <a href=\"https:\/\/projectes.xtec.cat\/bescat\/general\/transferencia-de-la-mobilitat-a-coimbra-a-lescola-frigolet\/\" title=\"Read Transfer\u00e8ncia de la mobilitat a Co\u00efmbra a l\u2019escola Frigolet\">Llegeix m\u00e9s\u00bb<\/a><\/p>\n","protected":false},"author":133,"featured_media":13987,"comment_status":"open","ping_status":"open","sticky":false,"template":"","format":"standard","meta":{"_bbp_topic_count":0,"_bbp_reply_count":0,"_bbp_total_topic_count":0,"_bbp_total_reply_count":0,"_bbp_voice_count":0,"_bbp_anonymous_reply_count":0,"_bbp_topic_count_hidden":0,"_bbp_reply_count_hidden":0,"_bbp_forum_subforum_count":0,"footnotes":""},"categories":[450,1,379,451,29,481],"tags":[454,453,503,485],"class_list":["post-13984","post","type-post","status-publish","format-standard","has-post-thumbnail","hentry","category-erasmuspuntedu","category-general","category-noticies","category-noticies-erasmus","category-portada","category-projecte-23","tag-cete","tag-erasmus","tag-erasmusbescat","tag-puntedu"],"post_mailing_queue_ids":[],"_links":{"self":[{"href":"https:\/\/projectes.xtec.cat\/bescat\/wp-json\/wp\/v2\/posts\/13984","targetHints":{"allow":["GET"]}}],"collection":[{"href":"https:\/\/projectes.xtec.cat\/bescat\/wp-json\/wp\/v2\/posts"}],"about":[{"href":"https:\/\/projectes.xtec.cat\/bescat\/wp-json\/wp\/v2\/types\/post"}],"author":[{"embeddable":true,"href":"https:\/\/projectes.xtec.cat\/bescat\/wp-json\/wp\/v2\/users\/133"}],"replies":[{"embeddable":true,"href":"https:\/\/projectes.xtec.cat\/bescat\/wp-json\/wp\/v2\/comments?post=13984"}],"version-history":[{"count":2,"href":"https:\/\/projectes.xtec.cat\/bescat\/wp-json\/wp\/v2\/posts\/13984\/revisions"}],"predecessor-version":[{"id":13988,"href":"https:\/\/projectes.xtec.cat\/bescat\/wp-json\/wp\/v2\/posts\/13984\/revisions\/13988"}],"wp:featuredmedia":[{"embeddable":true,"href":"https:\/\/projectes.xtec.cat\/bescat\/wp-json\/wp\/v2\/media\/13987"}],"wp:attachment":[{"href":"https:\/\/projectes.xtec.cat\/bescat\/wp-json\/wp\/v2\/media?parent=13984"}],"wp:term":[{"taxonomy":"category","embeddable":true,"href":"https:\/\/projectes.xtec.cat\/bescat\/wp-json\/wp\/v2\/categories?post=13984"},{"taxonomy":"post_tag","embeddable":true,"href":"https:\/\/projectes.xtec.cat\/bescat\/wp-json\/wp\/v2\/tags?post=13984"}],"curies":[{"name":"wp","href":"https:\/\/api.w.org\/{rel}","templated":true}]}}