{"id":14086,"date":"2024-09-05T11:42:23","date_gmt":"2024-09-05T09:42:23","guid":{"rendered":"https:\/\/projectes.xtec.cat\/bescat\/?p=14086"},"modified":"2024-09-05T11:42:24","modified_gmt":"2024-09-05T09:42:24","slug":"trobada-plamib","status":"publish","type":"post","link":"https:\/\/projectes.xtec.cat\/bescat\/general\/trobada-plamib\/","title":{"rendered":"Trobada PLAMIB"},"content":{"rendered":"\n<div class=\"wp-block-columns is-layout-flex wp-container-core-columns-is-layout-1 wp-block-columns-is-layout-flex\">\n<div class=\"wp-block-column is-layout-flow wp-block-column-is-layout-flow\">\n<figure class=\"wp-block-image size-large\"><a href=\"https:\/\/projectes.xtec.cat\/bescat\/wp-content\/uploads\/usu793\/2024\/09\/IMG-20240905-WA0010.jpg\"><img loading=\"lazy\" decoding=\"async\" width=\"1024\" height=\"1024\" src=\"https:\/\/projectes.xtec.cat\/bescat\/wp-content\/uploads\/usu793\/2024\/09\/IMG-20240905-WA0010-1024x1024.jpg\" alt=\"\" class=\"wp-image-14087\" srcset=\"https:\/\/projectes.xtec.cat\/bescat\/wp-content\/uploads\/usu793\/2024\/09\/IMG-20240905-WA0010-1024x1024.jpg 1024w, https:\/\/projectes.xtec.cat\/bescat\/wp-content\/uploads\/usu793\/2024\/09\/IMG-20240905-WA0010-300x300.jpg 300w, https:\/\/projectes.xtec.cat\/bescat\/wp-content\/uploads\/usu793\/2024\/09\/IMG-20240905-WA0010-150x150.jpg 150w, https:\/\/projectes.xtec.cat\/bescat\/wp-content\/uploads\/usu793\/2024\/09\/IMG-20240905-WA0010-768x768.jpg 768w, https:\/\/projectes.xtec.cat\/bescat\/wp-content\/uploads\/usu793\/2024\/09\/IMG-20240905-WA0010.jpg 1080w\" sizes=\"auto, (max-width: 1024px) 100vw, 1024px\" \/><\/a><\/figure>\n<\/div>\n\n\n\n<div class=\"wp-block-column is-layout-flow wp-block-column-is-layout-flow\">\n<p>Hem fet la primera reuni\u00f3 del curs per comen\u00e7ar a implantar el PLAMIB (Pla de Millora de Biblioteques Escolars), impulsat pel Departament d&#8217;Educaci\u00f3 i Formaci\u00f3 Professional en el marc del Pla Nacional del Llibre i la Lectura.<\/p>\n\n\n\n<p>Les bibliotec\u00e0ries guia dels serveis educatius i l&#8217;equip de coordinaci\u00f3 estem a punt per fer la transfer\u00e8ncia als equips impulsors dels centres educatius que formaran part del pla pilot del #PLAMIB.<\/p>\n\n\n\n<p>Comencem amb il\u00b7lusi\u00f3, amb preparaci\u00f3 i planificaci\u00f3 per\u00f2 sobretot amb la ferma convicci\u00f3 que el pla pilot \u00e9s nom\u00e9s el principi d&#8217;un cam\u00ed que calia emprendre per aconseguir que les biblioteques escolars siguin no nom\u00e9s una realitat sin\u00f3 tamb\u00e9 motor de millora dels centres educatius de Catalunya.<\/p>\n<\/div>\n<\/div>\n","protected":false},"excerpt":{"rendered":"<p><a href=\"https:\/\/projectes.xtec.cat\/bescat\/wp-content\/uploads\/usu793\/2024\/09\/IMG-20240905-WA0010.jpg\"><\/a><\/p>\n<p>Hem fet la primera reuni\u00f3 del curs per comen\u00e7ar a implantar el PLAMIB (Pla de Millora de Biblioteques Escolars), impulsat pel Departament d&#8217;Educaci\u00f3 i Formaci\u00f3 Professional en el marc del Pla Nacional del Llibre i la Lectura.<\/p>\n<p>Les bibliotec\u00e0ries guia dels serveis educatius i l&#8217;equip&hellip;  <a href=\"https:\/\/projectes.xtec.cat\/bescat\/general\/trobada-plamib\/\" title=\"Read Trobada PLAMIB\">Llegeix m\u00e9s\u00bb<\/a><\/p>\n","protected":false},"author":133,"featured_media":14087,"comment_status":"open","ping_status":"open","sticky":false,"template":"","format":"standard","meta":{"_bbp_topic_count":0,"_bbp_reply_count":0,"_bbp_total_topic_count":0,"_bbp_total_reply_count":0,"_bbp_voice_count":0,"_bbp_anonymous_reply_count":0,"_bbp_topic_count_hidden":0,"_bbp_reply_count_hidden":0,"_bbp_forum_subforum_count":0,"footnotes":""},"categories":[1,507,379,29],"tags":[530],"class_list":["post-14086","post","type-post","status-publish","format-standard","has-post-thumbnail","hentry","category-general","category-info_plamib","category-noticies","category-portada","tag-plamib"],"post_mailing_queue_ids":[],"_links":{"self":[{"href":"https:\/\/projectes.xtec.cat\/bescat\/wp-json\/wp\/v2\/posts\/14086","targetHints":{"allow":["GET"]}}],"collection":[{"href":"https:\/\/projectes.xtec.cat\/bescat\/wp-json\/wp\/v2\/posts"}],"about":[{"href":"https:\/\/projectes.xtec.cat\/bescat\/wp-json\/wp\/v2\/types\/post"}],"author":[{"embeddable":true,"href":"https:\/\/projectes.xtec.cat\/bescat\/wp-json\/wp\/v2\/users\/133"}],"replies":[{"embeddable":true,"href":"https:\/\/projectes.xtec.cat\/bescat\/wp-json\/wp\/v2\/comments?post=14086"}],"version-history":[{"count":3,"href":"https:\/\/projectes.xtec.cat\/bescat\/wp-json\/wp\/v2\/posts\/14086\/revisions"}],"predecessor-version":[{"id":14090,"href":"https:\/\/projectes.xtec.cat\/bescat\/wp-json\/wp\/v2\/posts\/14086\/revisions\/14090"}],"wp:featuredmedia":[{"embeddable":true,"href":"https:\/\/projectes.xtec.cat\/bescat\/wp-json\/wp\/v2\/media\/14087"}],"wp:attachment":[{"href":"https:\/\/projectes.xtec.cat\/bescat\/wp-json\/wp\/v2\/media?parent=14086"}],"wp:term":[{"taxonomy":"category","embeddable":true,"href":"https:\/\/projectes.xtec.cat\/bescat\/wp-json\/wp\/v2\/categories?post=14086"},{"taxonomy":"post_tag","embeddable":true,"href":"https:\/\/projectes.xtec.cat\/bescat\/wp-json\/wp\/v2\/tags?post=14086"}],"curies":[{"name":"wp","href":"https:\/\/api.w.org\/{rel}","templated":true}]}}