{"id":14358,"date":"2024-10-24T09:04:34","date_gmt":"2024-10-24T07:04:34","guid":{"rendered":"https:\/\/projectes.xtec.cat\/bescat\/?p=14358"},"modified":"2024-10-24T09:12:47","modified_gmt":"2024-10-24T07:12:47","slug":"bones-practiques-club-de-lectura-2","status":"publish","type":"post","link":"https:\/\/projectes.xtec.cat\/bescat\/general\/bones-practiques-club-de-lectura-2\/","title":{"rendered":"Bones pr\u00e0ctiques: Club de lectura"},"content":{"rendered":"\n<div class=\"wp-block-columns is-layout-flex wp-container-core-columns-is-layout-1 wp-block-columns-is-layout-flex\">\n<div class=\"wp-block-column is-layout-flow wp-block-column-is-layout-flow\">\n<figure class=\"wp-block-image size-full\"><a href=\"https:\/\/projectes.xtec.cat\/bescat\/wp-content\/uploads\/usu793\/2024\/10\/Illa-de-Rodes.png\"><img loading=\"lazy\" decoding=\"async\" width=\"390\" height=\"708\" src=\"https:\/\/projectes.xtec.cat\/bescat\/wp-content\/uploads\/usu793\/2024\/10\/Illa-de-Rodes.png\" alt=\"\" class=\"wp-image-14360\" srcset=\"https:\/\/projectes.xtec.cat\/bescat\/wp-content\/uploads\/usu793\/2024\/10\/Illa-de-Rodes.png 390w, https:\/\/projectes.xtec.cat\/bescat\/wp-content\/uploads\/usu793\/2024\/10\/Illa-de-Rodes-165x300.png 165w\" sizes=\"auto, (max-width: 390px) 100vw, 390px\" \/><\/a><\/figure>\n<\/div>\n\n\n\n<div class=\"wp-block-column is-layout-flow wp-block-column-is-layout-flow\">\n<p><\/p>\n\n\n\n<p>Institut Illa de Rodes (Roses)<\/p>\n\n\n\n<p>L\u00ednia 4: La biblioteca escolar com a laboratori per liderar i promoure un centre lector.<\/p>\n\n\n\n<p>Secund\u00e0ria, Batxillerat<\/p>\n\n\n\n<p>Objectius:<\/p>\n\n\n\n<ul class=\"wp-block-list\">\n<li>Fomentar el gust per la lectura oferint lectures de qualitat.<\/li>\n\n\n\n<li>Compartir l&#8217;intercanvi d&#8217;experi\u00e8ncies lectores.<\/li>\n\n\n\n<li>Participar en activitats diverses relacionades amb la lectura.<\/li>\n<\/ul>\n<\/div>\n<\/div>\n\n\n\n<p>La biblioteca de l&#8217;institut Illa de Rodes de Roses (Alt Empord\u00e0) engega de nou el seu club de lectura, que aquest curs 2024-2025  compta amb 51 participants. L\u2019alumnat s&#8217;agrupa en tres grups de lectura: el primer aplega l\u2019alumnat de 1r i 2n d\u2019ESO, el segon i el tercer grup aplega alumnat de 3r i 4t d\u2019ESO i Batxillerat. El grup de primer i segon llegeix els llibres seg\u00fcents:<em>&nbsp;Nocea<\/em>, de Ricard Efa;<em>&nbsp;<\/em>&nbsp;<em>Guia m\u00e0gica d\u2019autodefensa amb galetes<\/em>, de T. Kingfisher;&nbsp;<em>En King i les lib\u00e8l\u00b7lules<\/em>, de Kacen Callender, i&nbsp;<em>Sense Filtres<\/em>, de M. Carme Roca. Els dos grups de 3r i 4t i Batxillerat llegeixen&nbsp;<em>Els Medina<\/em>, de Care Santos;&nbsp;<em>El viatge de Shuna<\/em>, de Hayao Miyazaki;&nbsp;<em>Parla<\/em>, de Laurie Halse Anderson, i&nbsp;<em>Kat\u00e0epsis<\/em>, de M. Carme Roca.<\/p>\n\n\n\n<p>Aquest curs participaran tamb\u00e9 com a jurat en el Premi Protagonista Jove, organitzat pel Consell Catal\u00e0 del llibre Infantil i Juvenil i, a m\u00e9s a m\u00e9s, tindran l\u2019oportunitat de veure en directe, des de l\u2019institut, la gala d&#8217;aquests premis, que aquest anys tindr\u00e0 lloc a Reus.<\/p>\n\n\n\n<p>Finalment, en acabar-se el curs, participaran a la trobada de clubs de lectura de secund\u00e0ria de l\u2019Alt Empord\u00e0, que es portar\u00e0 a terme a Figueres el dia 30 de maig, on podran gaudir d\u2019una confer\u00e8ncia de l\u2019escriptora M. Carme Roca, i on els membres del club de lectura participaran en un intercanvi lector amb els membres dels clubs d\u2019altres instituts de la comarca.<\/p>\n\n\n\n<p><\/p>\n","protected":false},"excerpt":{"rendered":"<p><a href=\"https:\/\/projectes.xtec.cat\/bescat\/wp-content\/uploads\/usu793\/2024\/10\/Illa-de-Rodes.png\"><\/a><\/p>\n<p>Institut Illa de Rodes (Roses)<\/p>\n<p>L\u00ednia 4: La biblioteca escolar com a laboratori per liderar i promoure un centre lector.<\/p>\n<p>Secund\u00e0ria, Batxillerat<\/p>\n<p>Objectius:<\/p>\n<ul class=\"wp-block-list\">\n<li>Fomentar el gust per la lectura oferint lectures de qualitat.<\/li>\n<li>Compartir l&#8217;intercanvi d&#8217;experi\u00e8ncies lectores.<\/li>\n<li>Participar en activitats diverses relacionades amb la lectura.<\/li>\n<\/ul>\n<p>La biblioteca de l&#8217;institut Illa&hellip;  <a href=\"https:\/\/projectes.xtec.cat\/bescat\/general\/bones-practiques-club-de-lectura-2\/\" title=\"Read Bones pr\u00e0ctiques: Club de lectura\">Llegeix m\u00e9s\u00bb<\/a><\/p>\n","protected":false},"author":133,"featured_media":14360,"comment_status":"open","ping_status":"open","sticky":false,"template":"","format":"standard","meta":{"_bbp_topic_count":0,"_bbp_reply_count":0,"_bbp_total_topic_count":0,"_bbp_total_reply_count":0,"_bbp_voice_count":0,"_bbp_anonymous_reply_count":0,"_bbp_topic_count_hidden":0,"_bbp_reply_count_hidden":0,"_bbp_forum_subforum_count":0,"footnotes":""},"categories":[290,289,1,298,379,29],"tags":[],"class_list":["post-14358","post","type-post","status-publish","format-standard","has-post-thumbnail","hentry","category-batxillerat","category-eso","category-general","category-l4","category-noticies","category-portada"],"post_mailing_queue_ids":[],"_links":{"self":[{"href":"https:\/\/projectes.xtec.cat\/bescat\/wp-json\/wp\/v2\/posts\/14358","targetHints":{"allow":["GET"]}}],"collection":[{"href":"https:\/\/projectes.xtec.cat\/bescat\/wp-json\/wp\/v2\/posts"}],"about":[{"href":"https:\/\/projectes.xtec.cat\/bescat\/wp-json\/wp\/v2\/types\/post"}],"author":[{"embeddable":true,"href":"https:\/\/projectes.xtec.cat\/bescat\/wp-json\/wp\/v2\/users\/133"}],"replies":[{"embeddable":true,"href":"https:\/\/projectes.xtec.cat\/bescat\/wp-json\/wp\/v2\/comments?post=14358"}],"version-history":[{"count":4,"href":"https:\/\/projectes.xtec.cat\/bescat\/wp-json\/wp\/v2\/posts\/14358\/revisions"}],"predecessor-version":[{"id":14363,"href":"https:\/\/projectes.xtec.cat\/bescat\/wp-json\/wp\/v2\/posts\/14358\/revisions\/14363"}],"wp:featuredmedia":[{"embeddable":true,"href":"https:\/\/projectes.xtec.cat\/bescat\/wp-json\/wp\/v2\/media\/14360"}],"wp:attachment":[{"href":"https:\/\/projectes.xtec.cat\/bescat\/wp-json\/wp\/v2\/media?parent=14358"}],"wp:term":[{"taxonomy":"category","embeddable":true,"href":"https:\/\/projectes.xtec.cat\/bescat\/wp-json\/wp\/v2\/categories?post=14358"},{"taxonomy":"post_tag","embeddable":true,"href":"https:\/\/projectes.xtec.cat\/bescat\/wp-json\/wp\/v2\/tags?post=14358"}],"curies":[{"name":"wp","href":"https:\/\/api.w.org\/{rel}","templated":true}]}}