{"id":14595,"date":"2024-12-16T08:32:40","date_gmt":"2024-12-16T07:32:40","guid":{"rendered":"https:\/\/projectes.xtec.cat\/bescat\/?p=14595"},"modified":"2025-01-02T12:47:37","modified_gmt":"2025-01-02T11:47:37","slug":"2n-torn-de-formacio-de-biblioteques-escolars-2","status":"publish","type":"post","link":"https:\/\/projectes.xtec.cat\/bescat\/general\/2n-torn-de-formacio-de-biblioteques-escolars-2\/","title":{"rendered":"2n torn de formaci\u00f3 de biblioteques escolars"},"content":{"rendered":"\n<div class=\"wp-block-columns is-layout-flex wp-container-core-columns-is-layout-1 wp-block-columns-is-layout-flex\">\n<div class=\"wp-block-column is-layout-flow wp-block-column-is-layout-flow\">\n<figure class=\"wp-block-image size-full\"><a href=\"https:\/\/projectes.xtec.cat\/bescat\/wp-content\/uploads\/usu793\/2024\/12\/2n-torn.png\"><img loading=\"lazy\" decoding=\"async\" width=\"476\" height=\"471\" src=\"https:\/\/projectes.xtec.cat\/bescat\/wp-content\/uploads\/usu793\/2024\/12\/2n-torn.png\" alt=\"\" class=\"wp-image-14598\" srcset=\"https:\/\/projectes.xtec.cat\/bescat\/wp-content\/uploads\/usu793\/2024\/12\/2n-torn.png 476w, https:\/\/projectes.xtec.cat\/bescat\/wp-content\/uploads\/usu793\/2024\/12\/2n-torn-300x297.png 300w\" sizes=\"auto, (max-width: 476px) 100vw, 476px\" \/><\/a><\/figure>\n<\/div>\n\n\n\n<div class=\"wp-block-column is-layout-flow wp-block-column-is-layout-flow\">\n<p>Inscripcions del 7 al 15 de gener de 2025.<\/p>\n\n\n\n<p>M\u00e9s informaci\u00f3 general sobre la formaci\u00f3 XTEC al <a href=\"https:\/\/xtec.gencat.cat\/ca\/formacio\/info-general\/oferta-formativa\/\" target=\"_blank\" rel=\"noreferrer noopener\">web de formaci\u00f3<\/a>.<\/p>\n\n\n\n<p><a href=\"https:\/\/aplicacions.gestioeducativa.gencat.cat\/ords\/pls\/soloas\/pk_for_mod_ins.p_for_cons_activitats?p_any=&amp;p_tipus_act=PBE,BEEP,BEMD,BEB1,BEAL,BERI,BAMI,BE,BEBL,BEID,BELI,BECO,BEPO&amp;p_totes=S&amp;p_paginar=N\" target=\"_blank\" rel=\"noreferrer noopener\">Oferta formativa de 2n torn <\/a>del Programa de biblioteques escolars de Catalunya.<\/p>\n<\/div>\n<\/div>\n","protected":false},"excerpt":{"rendered":"<p><a href=\"https:\/\/projectes.xtec.cat\/bescat\/wp-content\/uploads\/usu793\/2024\/12\/2n-torn.png\"><\/a><\/p>\n<p>Inscripcions del 7 al 15 de gener de 2025.<\/p>\n<p>M\u00e9s informaci\u00f3 general sobre la formaci\u00f3 XTEC al <a href=\"https:\/\/xtec.gencat.cat\/ca\/formacio\/info-general\/oferta-formativa\/\" target=\"_blank\" rel=\"noreferrer noopener\">web de formaci\u00f3<\/a>.<\/p>\n<p><a href=\"https:\/\/aplicacions.gestioeducativa.gencat.cat\/ords\/pls\/soloas\/pk_for_mod_ins.p_for_cons_activitats?p_any=&amp;p_tipus_act=PBE,BEEP,BEMD,BEB1,BEAL,BERI,BAMI,BE,BEBL,BEID,BELI,BECO,BEPO&amp;p_totes=S&amp;p_paginar=N\" target=\"_blank\" rel=\"noreferrer noopener\">Oferta formativa de 2n torn <\/a>del Programa de biblioteques escolars de Catalunya.<\/p>\n","protected":false},"author":133,"featured_media":14598,"comment_status":"open","ping_status":"open","sticky":false,"template":"","format":"standard","meta":{"_bbp_topic_count":0,"_bbp_reply_count":0,"_bbp_total_topic_count":0,"_bbp_total_reply_count":0,"_bbp_voice_count":0,"_bbp_anonymous_reply_count":0,"_bbp_topic_count_hidden":0,"_bbp_reply_count_hidden":0,"_bbp_forum_subforum_count":0,"footnotes":""},"categories":[154,1,379,29],"tags":[376,310],"class_list":["post-14595","post","type-post","status-publish","format-standard","has-post-thumbnail","hentry","category-formacio","category-general","category-noticies","category-portada","tag-biblioteca-escolar","tag-formacio"],"post_mailing_queue_ids":[],"_links":{"self":[{"href":"https:\/\/projectes.xtec.cat\/bescat\/wp-json\/wp\/v2\/posts\/14595","targetHints":{"allow":["GET"]}}],"collection":[{"href":"https:\/\/projectes.xtec.cat\/bescat\/wp-json\/wp\/v2\/posts"}],"about":[{"href":"https:\/\/projectes.xtec.cat\/bescat\/wp-json\/wp\/v2\/types\/post"}],"author":[{"embeddable":true,"href":"https:\/\/projectes.xtec.cat\/bescat\/wp-json\/wp\/v2\/users\/133"}],"replies":[{"embeddable":true,"href":"https:\/\/projectes.xtec.cat\/bescat\/wp-json\/wp\/v2\/comments?post=14595"}],"version-history":[{"count":5,"href":"https:\/\/projectes.xtec.cat\/bescat\/wp-json\/wp\/v2\/posts\/14595\/revisions"}],"predecessor-version":[{"id":14635,"href":"https:\/\/projectes.xtec.cat\/bescat\/wp-json\/wp\/v2\/posts\/14595\/revisions\/14635"}],"wp:featuredmedia":[{"embeddable":true,"href":"https:\/\/projectes.xtec.cat\/bescat\/wp-json\/wp\/v2\/media\/14598"}],"wp:attachment":[{"href":"https:\/\/projectes.xtec.cat\/bescat\/wp-json\/wp\/v2\/media?parent=14595"}],"wp:term":[{"taxonomy":"category","embeddable":true,"href":"https:\/\/projectes.xtec.cat\/bescat\/wp-json\/wp\/v2\/categories?post=14595"},{"taxonomy":"post_tag","embeddable":true,"href":"https:\/\/projectes.xtec.cat\/bescat\/wp-json\/wp\/v2\/tags?post=14595"}],"curies":[{"name":"wp","href":"https:\/\/api.w.org\/{rel}","templated":true}]}}