{"id":14678,"date":"2025-01-15T16:27:38","date_gmt":"2025-01-15T15:27:38","guid":{"rendered":"https:\/\/projectes.xtec.cat\/bescat\/?p=14678"},"modified":"2025-01-15T16:28:20","modified_gmt":"2025-01-15T15:28:20","slug":"job-shadowing-a-copenhaguen","status":"publish","type":"post","link":"https:\/\/projectes.xtec.cat\/bescat\/general\/job-shadowing-a-copenhaguen\/","title":{"rendered":"Job shadowing a Copenhaguen"},"content":{"rendered":"\n<div class=\"wp-block-columns is-layout-flex wp-container-core-columns-is-layout-1 wp-block-columns-is-layout-flex\">\n<div class=\"wp-block-column is-layout-flow wp-block-column-is-layout-flow\">\n<figure class=\"wp-block-image size-full\"><a href=\"https:\/\/projectes.xtec.cat\/bescat\/wp-content\/uploads\/usu793\/2025\/01\/1r-dia-erasmus_copenhaguen.png\"><img loading=\"lazy\" decoding=\"async\" width=\"702\" height=\"500\" src=\"https:\/\/projectes.xtec.cat\/bescat\/wp-content\/uploads\/usu793\/2025\/01\/1r-dia-erasmus_copenhaguen.png\" alt=\"\" class=\"wp-image-14679\" srcset=\"https:\/\/projectes.xtec.cat\/bescat\/wp-content\/uploads\/usu793\/2025\/01\/1r-dia-erasmus_copenhaguen.png 702w, https:\/\/projectes.xtec.cat\/bescat\/wp-content\/uploads\/usu793\/2025\/01\/1r-dia-erasmus_copenhaguen-300x214.png 300w\" sizes=\"auto, (max-width: 702px) 100vw, 702px\" \/><\/a><\/figure>\n<\/div>\n\n\n\n<div class=\"wp-block-column is-layout-flow wp-block-column-is-layout-flow\">\n<p>Aquesta setmana tres docents de tres escoles del projecte 23 de l\u2019equip de biblioteques escolars\u00a0Puntedu,\u00a0erasmusbescat, de l\u2019Erasmus\u00a0CETE+ estan fent un job shadowing a Copenhaguen (Dinamarca). El primer dia es van reunir amb el director i delegat del <br><a href=\"https:\/\/nps.aula.dk\/\" target=\"_blank\" rel=\"noreferrer noopener\"><code>N\u00f8rrebro Park School<\/code><\/a> i els van explicar la l\u00ednia educativa. Despr\u00e9s van fer una visita per l&#8217;escola. El programa inclou l&#8217;observaci\u00f3 de diferents activitats i reunions per con\u00e8ixer com gestionen i organitzen la biblioteca escolar. Tamb\u00e9 podran observar algunes classes.<\/p>\n\n\n\n<p>Escola Enric Farreny (Lleida), escola Sant Jordi (Sant Vicen\u00e7 dels Horts) i Institut Antoni Torroja (Cervera)<\/p>\n<\/div>\n<\/div>\n\n\n\n<div class=\"wp-block-columns is-layout-flex wp-container-core-columns-is-layout-2 wp-block-columns-is-layout-flex\">\n<div class=\"wp-block-column is-layout-flow wp-block-column-is-layout-flow\">\n<figure class=\"wp-block-image size-full\"><a href=\"https:\/\/projectes.xtec.cat\/bescat\/wp-content\/uploads\/usu793\/2025\/01\/copenhaguen.png\"><img loading=\"lazy\" decoding=\"async\" width=\"641\" height=\"532\" src=\"https:\/\/projectes.xtec.cat\/bescat\/wp-content\/uploads\/usu793\/2025\/01\/copenhaguen.png\" alt=\"\" class=\"wp-image-14681\" srcset=\"https:\/\/projectes.xtec.cat\/bescat\/wp-content\/uploads\/usu793\/2025\/01\/copenhaguen.png 641w, https:\/\/projectes.xtec.cat\/bescat\/wp-content\/uploads\/usu793\/2025\/01\/copenhaguen-300x250.png 300w\" sizes=\"auto, (max-width: 641px) 100vw, 641px\" \/><\/a><\/figure>\n<\/div>\n\n\n\n<div class=\"wp-block-column is-layout-flow wp-block-column-is-layout-flow\">\n<figure class=\"wp-block-image size-full\"><a href=\"https:\/\/projectes.xtec.cat\/bescat\/wp-content\/uploads\/usu793\/2025\/01\/foto-copenhaguen.png\"><img loading=\"lazy\" decoding=\"async\" width=\"502\" height=\"521\" src=\"https:\/\/projectes.xtec.cat\/bescat\/wp-content\/uploads\/usu793\/2025\/01\/foto-copenhaguen.png\" alt=\"\" class=\"wp-image-14683\" srcset=\"https:\/\/projectes.xtec.cat\/bescat\/wp-content\/uploads\/usu793\/2025\/01\/foto-copenhaguen.png 502w, https:\/\/projectes.xtec.cat\/bescat\/wp-content\/uploads\/usu793\/2025\/01\/foto-copenhaguen-289x300.png 289w\" sizes=\"auto, (max-width: 502px) 100vw, 502px\" \/><\/a><\/figure>\n<\/div>\n<\/div>\n","protected":false},"excerpt":{"rendered":"<p><a href=\"https:\/\/projectes.xtec.cat\/bescat\/wp-content\/uploads\/usu793\/2025\/01\/1r-dia-erasmus_copenhaguen.png\"><\/a><\/p>\n<p>Aquesta setmana tres docents de tres escoles del projecte 23 de l\u2019equip de biblioteques escolars\u00a0Puntedu,\u00a0erasmusbescat, de l\u2019Erasmus\u00a0CETE+ estan fent un job shadowing a Copenhaguen (Dinamarca). El primer dia es van reunir amb el director i delegat del <a href=\"https:\/\/nps.aula.dk\/\" target=\"_blank\" rel=\"noreferrer noopener\">N\u00f8rrebro Park School<\/a>&hellip;  <a href=\"https:\/\/projectes.xtec.cat\/bescat\/general\/job-shadowing-a-copenhaguen\/\" title=\"Read Job shadowing a Copenhaguen\">Llegeix m\u00e9s\u00bb<\/a><\/p>\n","protected":false},"author":133,"featured_media":14681,"comment_status":"open","ping_status":"open","sticky":false,"template":"","format":"standard","meta":{"_bbp_topic_count":0,"_bbp_reply_count":0,"_bbp_total_topic_count":0,"_bbp_total_reply_count":0,"_bbp_voice_count":0,"_bbp_anonymous_reply_count":0,"_bbp_topic_count_hidden":0,"_bbp_reply_count_hidden":0,"_bbp_forum_subforum_count":0,"footnotes":""},"categories":[450,1,379,451,29,481],"tags":[376,454,453,503],"class_list":["post-14678","post","type-post","status-publish","format-standard","has-post-thumbnail","hentry","category-erasmuspuntedu","category-general","category-noticies","category-noticies-erasmus","category-portada","category-projecte-23","tag-biblioteca-escolar","tag-cete","tag-erasmus","tag-erasmusbescat"],"post_mailing_queue_ids":[],"_links":{"self":[{"href":"https:\/\/projectes.xtec.cat\/bescat\/wp-json\/wp\/v2\/posts\/14678","targetHints":{"allow":["GET"]}}],"collection":[{"href":"https:\/\/projectes.xtec.cat\/bescat\/wp-json\/wp\/v2\/posts"}],"about":[{"href":"https:\/\/projectes.xtec.cat\/bescat\/wp-json\/wp\/v2\/types\/post"}],"author":[{"embeddable":true,"href":"https:\/\/projectes.xtec.cat\/bescat\/wp-json\/wp\/v2\/users\/133"}],"replies":[{"embeddable":true,"href":"https:\/\/projectes.xtec.cat\/bescat\/wp-json\/wp\/v2\/comments?post=14678"}],"version-history":[{"count":4,"href":"https:\/\/projectes.xtec.cat\/bescat\/wp-json\/wp\/v2\/posts\/14678\/revisions"}],"predecessor-version":[{"id":14685,"href":"https:\/\/projectes.xtec.cat\/bescat\/wp-json\/wp\/v2\/posts\/14678\/revisions\/14685"}],"wp:featuredmedia":[{"embeddable":true,"href":"https:\/\/projectes.xtec.cat\/bescat\/wp-json\/wp\/v2\/media\/14681"}],"wp:attachment":[{"href":"https:\/\/projectes.xtec.cat\/bescat\/wp-json\/wp\/v2\/media?parent=14678"}],"wp:term":[{"taxonomy":"category","embeddable":true,"href":"https:\/\/projectes.xtec.cat\/bescat\/wp-json\/wp\/v2\/categories?post=14678"},{"taxonomy":"post_tag","embeddable":true,"href":"https:\/\/projectes.xtec.cat\/bescat\/wp-json\/wp\/v2\/tags?post=14678"}],"curies":[{"name":"wp","href":"https:\/\/api.w.org\/{rel}","templated":true}]}}