{"id":15050,"date":"2025-03-27T12:44:51","date_gmt":"2025-03-27T11:44:51","guid":{"rendered":"https:\/\/projectes.xtec.cat\/bescat\/?p=15050"},"modified":"2025-03-27T12:58:43","modified_gmt":"2025-03-27T11:58:43","slug":"finalistes-xiv-concurs-escolar-comic-barcelona","status":"publish","type":"post","link":"https:\/\/projectes.xtec.cat\/bescat\/general\/finalistes-xiv-concurs-escolar-comic-barcelona\/","title":{"rendered":"Finalistes XIV Concurs escolar Comic Barcelona"},"content":{"rendered":"\n<div class=\"wp-block-columns is-layout-flex wp-container-core-columns-is-layout-1 wp-block-columns-is-layout-flex\">\n<div class=\"wp-block-column is-layout-flow wp-block-column-is-layout-flow\">\n<p>Atenci\u00f3, atenci\u00f3! Ja hem publicat la llista de finalistes del XIV Concurs escolar Comic Barcelona.<\/p>\n\n\n\n<p>En l\u2019acte de lliurament de premis, que es realitzar\u00e0 el 6 d&#8217;abril a les 11h, es far\u00e0 p\u00fablic el primer, segon i tercer premis de cada categoria. <\/p>\n\n\n\n<p>Enhorabona als finalistes.<\/p>\n<\/div>\n\n\n\n<div class=\"wp-block-column is-layout-flow wp-block-column-is-layout-flow\">\n<figure class=\"wp-block-image size-large\"><a href=\"https:\/\/projectes.xtec.cat\/bescat\/wp-content\/uploads\/usu793\/2025\/03\/43-comic-barcelona.png\"><img loading=\"lazy\" decoding=\"async\" width=\"1024\" height=\"557\" src=\"https:\/\/projectes.xtec.cat\/bescat\/wp-content\/uploads\/usu793\/2025\/03\/43-comic-barcelona-1024x557.png\" alt=\"\" class=\"wp-image-14960\" srcset=\"https:\/\/projectes.xtec.cat\/bescat\/wp-content\/uploads\/usu793\/2025\/03\/43-comic-barcelona-1024x557.png 1024w, https:\/\/projectes.xtec.cat\/bescat\/wp-content\/uploads\/usu793\/2025\/03\/43-comic-barcelona-300x163.png 300w, https:\/\/projectes.xtec.cat\/bescat\/wp-content\/uploads\/usu793\/2025\/03\/43-comic-barcelona-768x418.png 768w, https:\/\/projectes.xtec.cat\/bescat\/wp-content\/uploads\/usu793\/2025\/03\/43-comic-barcelona-1536x836.png 1536w, https:\/\/projectes.xtec.cat\/bescat\/wp-content\/uploads\/usu793\/2025\/03\/43-comic-barcelona-2048x1115.png 2048w\" sizes=\"auto, (max-width: 1024px) 100vw, 1024px\" \/><\/a><\/figure>\n<\/div>\n<\/div>\n\n\n\n<p><a href=\"https:\/\/xtec.gencat.cat\/web\/.content\/centres\/alscentres\/premis\/concurs-escolar-salo-comic\/documents-concurs-escolar-salo-comic\/Finalistes_comic_2025.pdf\" data-type=\"link\" data-id=\"https:\/\/xtec.gencat.cat\/web\/.content\/centres\/alscentres\/premis\/concurs-escolar-salo-comic\/documents-concurs-escolar-salo-comic\/Finalistes_comic_2025.pdf\" target=\"_blank\" rel=\"noreferrer noopener\">Enlla\u00e7 a la llista dels finalistes<\/a><\/p>\n","protected":false},"excerpt":{"rendered":"<p>Atenci\u00f3, atenci\u00f3! Ja hem publicat la llista de finalistes del XIV Concurs escolar Comic Barcelona.<\/p>\n<p>En l\u2019acte de lliurament de premis, que es realitzar\u00e0 el 6 d&#8217;abril a les 11h, es far\u00e0 p\u00fablic el primer, segon i tercer premis de cada categoria. <\/p>\n<p>Enhorabona als finalistes.<\/p>\n<p><a href=\"https:\/\/projectes.xtec.cat\/bescat\/wp-content\/uploads\/usu793\/2025\/03\/43-comic-barcelona.png\"><\/a><\/p>\n<p><a&hellip;  <a href=\"https:\/\/projectes.xtec.cat\/bescat\/general\/finalistes-xiv-concurs-escolar-comic-barcelona\/\" title=\"Read Finalistes XIV Concurs escolar Comic Barcelona\">Llegeix m\u00e9s\u00bb<\/a><\/p>\n","protected":false},"author":133,"featured_media":14959,"comment_status":"open","ping_status":"open","sticky":false,"template":"","format":"standard","meta":{"_bbp_topic_count":0,"_bbp_reply_count":0,"_bbp_total_topic_count":0,"_bbp_total_reply_count":0,"_bbp_voice_count":0,"_bbp_anonymous_reply_count":0,"_bbp_topic_count_hidden":0,"_bbp_reply_count_hidden":0,"_bbp_forum_subforum_count":0,"footnotes":""},"categories":[1,379,29],"tags":[],"class_list":["post-15050","post","type-post","status-publish","format-standard","has-post-thumbnail","hentry","category-general","category-noticies","category-portada"],"post_mailing_queue_ids":[],"_links":{"self":[{"href":"https:\/\/projectes.xtec.cat\/bescat\/wp-json\/wp\/v2\/posts\/15050","targetHints":{"allow":["GET"]}}],"collection":[{"href":"https:\/\/projectes.xtec.cat\/bescat\/wp-json\/wp\/v2\/posts"}],"about":[{"href":"https:\/\/projectes.xtec.cat\/bescat\/wp-json\/wp\/v2\/types\/post"}],"author":[{"embeddable":true,"href":"https:\/\/projectes.xtec.cat\/bescat\/wp-json\/wp\/v2\/users\/133"}],"replies":[{"embeddable":true,"href":"https:\/\/projectes.xtec.cat\/bescat\/wp-json\/wp\/v2\/comments?post=15050"}],"version-history":[{"count":1,"href":"https:\/\/projectes.xtec.cat\/bescat\/wp-json\/wp\/v2\/posts\/15050\/revisions"}],"predecessor-version":[{"id":15052,"href":"https:\/\/projectes.xtec.cat\/bescat\/wp-json\/wp\/v2\/posts\/15050\/revisions\/15052"}],"wp:featuredmedia":[{"embeddable":true,"href":"https:\/\/projectes.xtec.cat\/bescat\/wp-json\/wp\/v2\/media\/14959"}],"wp:attachment":[{"href":"https:\/\/projectes.xtec.cat\/bescat\/wp-json\/wp\/v2\/media?parent=15050"}],"wp:term":[{"taxonomy":"category","embeddable":true,"href":"https:\/\/projectes.xtec.cat\/bescat\/wp-json\/wp\/v2\/categories?post=15050"},{"taxonomy":"post_tag","embeddable":true,"href":"https:\/\/projectes.xtec.cat\/bescat\/wp-json\/wp\/v2\/tags?post=15050"}],"curies":[{"name":"wp","href":"https:\/\/api.w.org\/{rel}","templated":true}]}}