{"id":15192,"date":"2025-04-08T18:23:04","date_gmt":"2025-04-08T16:23:04","guid":{"rendered":"https:\/\/projectes.xtec.cat\/bescat\/?p=15192"},"modified":"2025-04-09T08:37:39","modified_gmt":"2025-04-09T06:37:39","slug":"visita-formativa-plamib","status":"publish","type":"post","link":"https:\/\/projectes.xtec.cat\/bescat\/general\/visita-formativa-plamib\/","title":{"rendered":"Visita formativa PLAMIB: Pati de Llibres"},"content":{"rendered":"\n<div class=\"wp-block-media-text is-stacked-on-mobile\" style=\"grid-template-columns:46% auto\"><figure class=\"wp-block-media-text__media\"><img loading=\"lazy\" decoding=\"async\" width=\"1024\" height=\"1024\" src=\"https:\/\/projectes.xtec.cat\/bescat\/wp-content\/uploads\/usu793\/2025\/04\/Pati-de-llibres-1024x1024.png\" alt=\"\" class=\"wp-image-15193 size-full\" srcset=\"https:\/\/projectes.xtec.cat\/bescat\/wp-content\/uploads\/usu793\/2025\/04\/Pati-de-llibres-1024x1024.png 1024w, https:\/\/projectes.xtec.cat\/bescat\/wp-content\/uploads\/usu793\/2025\/04\/Pati-de-llibres-300x300.png 300w, https:\/\/projectes.xtec.cat\/bescat\/wp-content\/uploads\/usu793\/2025\/04\/Pati-de-llibres-150x150.png 150w, https:\/\/projectes.xtec.cat\/bescat\/wp-content\/uploads\/usu793\/2025\/04\/Pati-de-llibres-768x768.png 768w, https:\/\/projectes.xtec.cat\/bescat\/wp-content\/uploads\/usu793\/2025\/04\/Pati-de-llibres.png 1080w\" sizes=\"auto, (max-width: 1024px) 100vw, 1024px\" \/><\/figure><div class=\"wp-block-media-text__content\">\n<p>Tot caminant per Sant Cugat, en una placeta on hi toca el sol a mitja tarda trobem la llibreria Pati de Llibres. La reconeixereu pel seu tendal verd i l&#8217;aparador ple de del\u00edcies liter\u00e0ries. Ahir\u00a0a la tarda, la seva llibretera, Mont Soler, ens va acollir a la visita PLAMIB.<\/p>\n\n\n\n<p>La Mont ens va explicar com est\u00e0 organitzada la llibreria i quines s\u00f3n les accions principals que fan amb els centres educatius. Tamb\u00e9 ens va oferir uns consells clars sobre com seleccionar llibres per a les biblioteques de centre i d&#8217;aula i ens va presentar alguns t\u00edtols molt interessants.&nbsp;<\/p>\n<\/div><\/div>\n\n\n\n<div style=\"height:41px\" aria-hidden=\"true\" class=\"wp-block-spacer\"><\/div>\n\n\n\n<p>Ens quedem amb un missatge de la Mont: cal&nbsp;estar al dia de les publicacions que es fan i aix\u00f2&nbsp;\u00e9s una feina complexa, per la qual cosa, el llibreter i la llibretera de cap\u00e7alera s\u00f3n imprescindibles. Les llibreries de proximitat estan especialitzades i tenen els coneixements necessaris per poder oferir als centres all\u00f2 m\u00e9s adequat per a cada moment. Cal oferir a l&#8217;alumnat, tant als petits com als m\u00e9s grans, t\u00edtols diversos, tipologies diverses, obres de qualitat que, potser, no tindran al seu abast fora de l&#8217;escola.<\/p>\n\n\n\n<p>Agra\u00efm a la Mont i a Pati de Llibres la seva acollida i us recomanem molt que, si no la coneixeu, us hi deixeu caure. Segur que en sortireu amb alguna recomanaci\u00f3 de qualitat.<\/p>\n","protected":false},"excerpt":{"rendered":"<p>Tot caminant per Sant Cugat, en una placeta on hi toca el sol a mitja tarda trobem la llibreria Pati de Llibres. La reconeixereu pel seu tendal verd i l&#8217;aparador ple de del\u00edcies liter\u00e0ries. Ahir\u00a0a la tarda, la seva llibretera, Mont Soler, ens va acollir&hellip;  <a href=\"https:\/\/projectes.xtec.cat\/bescat\/general\/visita-formativa-plamib\/\" title=\"Read Visita formativa PLAMIB: Pati de Llibres\">Llegeix m\u00e9s\u00bb<\/a><\/p>\n","protected":false},"author":133,"featured_media":15193,"comment_status":"open","ping_status":"open","sticky":false,"template":"","format":"standard","meta":{"_bbp_topic_count":0,"_bbp_reply_count":0,"_bbp_total_topic_count":0,"_bbp_total_reply_count":0,"_bbp_voice_count":0,"_bbp_anonymous_reply_count":0,"_bbp_topic_count_hidden":0,"_bbp_reply_count_hidden":0,"_bbp_forum_subforum_count":0,"footnotes":""},"categories":[154,1,379,29,538],"tags":[],"class_list":["post-15192","post","type-post","status-publish","format-standard","has-post-thumbnail","hentry","category-formacio","category-general","category-noticies","category-portada","category-visites-formatives"],"post_mailing_queue_ids":[],"_links":{"self":[{"href":"https:\/\/projectes.xtec.cat\/bescat\/wp-json\/wp\/v2\/posts\/15192","targetHints":{"allow":["GET"]}}],"collection":[{"href":"https:\/\/projectes.xtec.cat\/bescat\/wp-json\/wp\/v2\/posts"}],"about":[{"href":"https:\/\/projectes.xtec.cat\/bescat\/wp-json\/wp\/v2\/types\/post"}],"author":[{"embeddable":true,"href":"https:\/\/projectes.xtec.cat\/bescat\/wp-json\/wp\/v2\/users\/133"}],"replies":[{"embeddable":true,"href":"https:\/\/projectes.xtec.cat\/bescat\/wp-json\/wp\/v2\/comments?post=15192"}],"version-history":[{"count":5,"href":"https:\/\/projectes.xtec.cat\/bescat\/wp-json\/wp\/v2\/posts\/15192\/revisions"}],"predecessor-version":[{"id":15198,"href":"https:\/\/projectes.xtec.cat\/bescat\/wp-json\/wp\/v2\/posts\/15192\/revisions\/15198"}],"wp:featuredmedia":[{"embeddable":true,"href":"https:\/\/projectes.xtec.cat\/bescat\/wp-json\/wp\/v2\/media\/15193"}],"wp:attachment":[{"href":"https:\/\/projectes.xtec.cat\/bescat\/wp-json\/wp\/v2\/media?parent=15192"}],"wp:term":[{"taxonomy":"category","embeddable":true,"href":"https:\/\/projectes.xtec.cat\/bescat\/wp-json\/wp\/v2\/categories?post=15192"},{"taxonomy":"post_tag","embeddable":true,"href":"https:\/\/projectes.xtec.cat\/bescat\/wp-json\/wp\/v2\/tags?post=15192"}],"curies":[{"name":"wp","href":"https:\/\/api.w.org\/{rel}","templated":true}]}}