{"id":15226,"date":"2025-04-11T11:25:42","date_gmt":"2025-04-11T09:25:42","guid":{"rendered":"https:\/\/projectes.xtec.cat\/bescat\/?p=15226"},"modified":"2025-04-11T12:15:45","modified_gmt":"2025-04-11T10:15:45","slug":"lhora-del-conte-recer-de-lectura-converses-al-voltant-dels-albums-a-la-biblioteca-escolar-de-nuria-vouillamoz","status":"publish","type":"post","link":"https:\/\/projectes.xtec.cat\/bescat\/general\/lhora-del-conte-recer-de-lectura-converses-al-voltant-dels-albums-a-la-biblioteca-escolar-de-nuria-vouillamoz\/","title":{"rendered":"L\u2019hora del conte, recer de lectura: converses al voltant dels \u00e0lbums a la biblioteca escolar de N\u00faria Vouillamoz"},"content":{"rendered":"\n<div class=\"wp-block-columns is-layout-flex wp-container-core-columns-is-layout-1 wp-block-columns-is-layout-flex\">\n<div class=\"wp-block-column is-layout-flow wp-block-column-is-layout-flow\">\n<figure class=\"wp-block-image size-large is-resized\"><a href=\"https:\/\/projectes.xtec.cat\/bescat\/wp-content\/uploads\/usu793\/2025\/04\/Lhora-del-conte-recer-de-lectura-scaled.jpg\"><img loading=\"lazy\" decoding=\"async\" width=\"679\" height=\"1024\" src=\"https:\/\/projectes.xtec.cat\/bescat\/wp-content\/uploads\/usu793\/2025\/04\/Lhora-del-conte-recer-de-lectura-679x1024.jpg\" alt=\"\" class=\"wp-image-15227\" style=\"width:383px;height:auto\" srcset=\"https:\/\/projectes.xtec.cat\/bescat\/wp-content\/uploads\/usu793\/2025\/04\/Lhora-del-conte-recer-de-lectura-679x1024.jpg 679w, https:\/\/projectes.xtec.cat\/bescat\/wp-content\/uploads\/usu793\/2025\/04\/Lhora-del-conte-recer-de-lectura-199x300.jpg 199w, https:\/\/projectes.xtec.cat\/bescat\/wp-content\/uploads\/usu793\/2025\/04\/Lhora-del-conte-recer-de-lectura-768x1157.jpg 768w, https:\/\/projectes.xtec.cat\/bescat\/wp-content\/uploads\/usu793\/2025\/04\/Lhora-del-conte-recer-de-lectura-1019x1536.jpg 1019w, https:\/\/projectes.xtec.cat\/bescat\/wp-content\/uploads\/usu793\/2025\/04\/Lhora-del-conte-recer-de-lectura-1359x2048.jpg 1359w, https:\/\/projectes.xtec.cat\/bescat\/wp-content\/uploads\/usu793\/2025\/04\/Lhora-del-conte-recer-de-lectura-scaled.jpg 1699w\" sizes=\"auto, (max-width: 679px) 100vw, 679px\" \/><\/a><\/figure>\n<\/div>\n\n\n\n<div class=\"wp-block-column is-layout-flow wp-block-column-is-layout-flow\">\n<p>Des de la veu de l\u2019expertesa, la N\u00faria Vouillamoz, bibliotec\u00e0ria de l\u2019escola Gerbert d\u2019Orlhac, ens presenta en aquesta obra una oportunitat de reflexionar sobre la lectura en veu alta, la narraci\u00f3 oral i la conversa a la biblioteca escolar.<\/p>\n\n\n\n<p>L\u2019autora ens descriu la import\u00e0ncia de compartir lectures, especialment d\u2019\u00e0lbums, que per les seves qualitats, permeten entendre com funciona la bona literatura en poques p\u00e0gines i aprofundir-hi mitjan\u00e7ant la conversa liter\u00e0ria.<\/p>\n\n\n\n<p>Despr\u00e9s d\u2019una primera part farcida de coneixements necessaris per mediadors i mediadores, se\u2019ns ofereix, a la segona part, una proposta pr\u00e0ctica d\u2019itineraris de lectura, amb bons exemples, on es descriuen les obres que conformen cada itinerari i els aspectes a destacar.<\/p>\n\n\n\n<p>Una obra indispensable per a les biblioteques escolars, tant de prim\u00e0ria com de secund\u00e0ria, malgrat que el t\u00edtol ens pugui portar a pensar que el contingut fa refer\u00e8ncia a primeres edats.<\/p>\n\n\n\n<p>Vouillamoz, N\u00faria (2024).<em> <a href=\"https:\/\/www.rosasensat.org\/producte\/lhora-del-conte-recer-de-lectura\/\" target=\"_blank\" rel=\"noreferrer noopener\">L\u2019hora del conte, recer de lectura: converses al voltant dels \u00e0lbums a la biblioteca escolar.<\/a><\/em> Premi Marta Mata de Pedagogia 2022. Rosa Sensat.<\/p>\n<\/div>\n<\/div>\n","protected":false},"excerpt":{"rendered":"<p><a href=\"https:\/\/projectes.xtec.cat\/bescat\/wp-content\/uploads\/usu793\/2025\/04\/Lhora-del-conte-recer-de-lectura-scaled.jpg\"><\/a><\/p>\n<p>Des de la veu de l\u2019expertesa, la N\u00faria Vouillamoz, bibliotec\u00e0ria de l\u2019escola Gerbert d\u2019Orlhac, ens presenta en aquesta obra una oportunitat de reflexionar sobre la lectura en veu alta, la narraci\u00f3 oral i la conversa a la biblioteca escolar.<\/p>\n<p>L\u2019autora ens descriu la import\u00e0ncia de&hellip;  <a href=\"https:\/\/projectes.xtec.cat\/bescat\/general\/lhora-del-conte-recer-de-lectura-converses-al-voltant-dels-albums-a-la-biblioteca-escolar-de-nuria-vouillamoz\/\" title=\"Read L\u2019hora del conte, recer de lectura: converses al voltant dels \u00e0lbums a la biblioteca escolar de N\u00faria Vouillamoz\">Llegeix m\u00e9s\u00bb<\/a><\/p>\n","protected":false},"author":133,"featured_media":15227,"comment_status":"open","ping_status":"open","sticky":false,"template":"","format":"standard","meta":{"_bbp_topic_count":0,"_bbp_reply_count":0,"_bbp_total_topic_count":0,"_bbp_total_reply_count":0,"_bbp_voice_count":0,"_bbp_anonymous_reply_count":0,"_bbp_topic_count_hidden":0,"_bbp_reply_count_hidden":0,"_bbp_forum_subforum_count":0,"footnotes":""},"categories":[1,458,379,29],"tags":[376,421],"class_list":["post-15226","post","type-post","status-publish","format-standard","has-post-thumbnail","hentry","category-general","category-llibres-de-capcalera","category-noticies","category-portada","tag-biblioteca-escolar","tag-lectura"],"post_mailing_queue_ids":[],"_links":{"self":[{"href":"https:\/\/projectes.xtec.cat\/bescat\/wp-json\/wp\/v2\/posts\/15226","targetHints":{"allow":["GET"]}}],"collection":[{"href":"https:\/\/projectes.xtec.cat\/bescat\/wp-json\/wp\/v2\/posts"}],"about":[{"href":"https:\/\/projectes.xtec.cat\/bescat\/wp-json\/wp\/v2\/types\/post"}],"author":[{"embeddable":true,"href":"https:\/\/projectes.xtec.cat\/bescat\/wp-json\/wp\/v2\/users\/133"}],"replies":[{"embeddable":true,"href":"https:\/\/projectes.xtec.cat\/bescat\/wp-json\/wp\/v2\/comments?post=15226"}],"version-history":[{"count":5,"href":"https:\/\/projectes.xtec.cat\/bescat\/wp-json\/wp\/v2\/posts\/15226\/revisions"}],"predecessor-version":[{"id":15232,"href":"https:\/\/projectes.xtec.cat\/bescat\/wp-json\/wp\/v2\/posts\/15226\/revisions\/15232"}],"wp:featuredmedia":[{"embeddable":true,"href":"https:\/\/projectes.xtec.cat\/bescat\/wp-json\/wp\/v2\/media\/15227"}],"wp:attachment":[{"href":"https:\/\/projectes.xtec.cat\/bescat\/wp-json\/wp\/v2\/media?parent=15226"}],"wp:term":[{"taxonomy":"category","embeddable":true,"href":"https:\/\/projectes.xtec.cat\/bescat\/wp-json\/wp\/v2\/categories?post=15226"},{"taxonomy":"post_tag","embeddable":true,"href":"https:\/\/projectes.xtec.cat\/bescat\/wp-json\/wp\/v2\/tags?post=15226"}],"curies":[{"name":"wp","href":"https:\/\/api.w.org\/{rel}","templated":true}]}}