{"id":15415,"date":"2025-05-19T11:44:34","date_gmt":"2025-05-19T09:44:34","guid":{"rendered":"https:\/\/projectes.xtec.cat\/bescat\/?p=15415"},"modified":"2025-05-20T08:15:40","modified_gmt":"2025-05-20T06:15:40","slug":"visites-formatives-plamib-biblioteques-de-lescola-la-farga-de-salt","status":"publish","type":"post","link":"https:\/\/projectes.xtec.cat\/bescat\/general\/visites-formatives-plamib-biblioteques-de-lescola-la-farga-de-salt\/","title":{"rendered":"Visita formativa PLAMIB: biblioteques de l&#8217;escola La Farga, de Salt"},"content":{"rendered":"\n<div class=\"wp-block-media-text is-stacked-on-mobile\" style=\"grid-template-columns:47% auto\"><figure class=\"wp-block-media-text__media\"><img loading=\"lazy\" decoding=\"async\" width=\"1024\" height=\"1024\" src=\"https:\/\/projectes.xtec.cat\/bescat\/wp-content\/uploads\/usu793\/2025\/05\/Plantilla-PLAMIB-La-Farga-1024x1024.png\" alt=\"\" class=\"wp-image-15426 size-full\" srcset=\"https:\/\/projectes.xtec.cat\/bescat\/wp-content\/uploads\/usu793\/2025\/05\/Plantilla-PLAMIB-La-Farga-1024x1024.png 1024w, https:\/\/projectes.xtec.cat\/bescat\/wp-content\/uploads\/usu793\/2025\/05\/Plantilla-PLAMIB-La-Farga-300x300.png 300w, https:\/\/projectes.xtec.cat\/bescat\/wp-content\/uploads\/usu793\/2025\/05\/Plantilla-PLAMIB-La-Farga-150x150.png 150w, https:\/\/projectes.xtec.cat\/bescat\/wp-content\/uploads\/usu793\/2025\/05\/Plantilla-PLAMIB-La-Farga-768x768.png 768w, https:\/\/projectes.xtec.cat\/bescat\/wp-content\/uploads\/usu793\/2025\/05\/Plantilla-PLAMIB-La-Farga.png 1080w\" sizes=\"auto, (max-width: 1024px) 100vw, 1024px\" \/><\/figure><div class=\"wp-block-media-text__content\">\n<p>En el marc de les visites formatives vinculades a la Formaci\u00f3 Interna de Centre del PLAMIB, dijous passat a la tarda vam tenir l&#8217;oportunitat de visitar, virtualment, la\u00a0<a href=\"https:\/\/mverda22.wordpress.com\/\" target=\"_blank\" rel=\"noreferrer noopener\">biblioteca Mil\u00b7l\u00e8nium<\/a>\u00a0i la biblioteca MassaPetita de l&#8217;<a href=\"https:\/\/agora.xtec.cat\/ceip-lafarga-salt\/\" target=\"_blank\" rel=\"noreferrer noopener\">Escola La Farga de Salt<\/a>, que compten amb una llarga traject\u00f2ria.<\/p>\n\n\n\n<p>Montse Verdaguer, membre de la comissi\u00f3 de biblioteca del centre, ens va explicar el context d&#8217;una escola situada en una zona de m\u00e0xima complexitat, amb un 98% de fam\u00edlies que no tenen com a llengua materna ni el catal\u00e0 ni el castell\u00e0. Aix\u00ed, la biblioteca, gr\u00e0cies a un equip directiu conven\u00e7ut i al suport de l&#8217;Ajuntament de Salt, esdev\u00e9 un puntal indispensable per al foment de la lectura.&nbsp; &nbsp;<\/p>\n<\/div><\/div>\n\n\n\n<div style=\"height:36px\" aria-hidden=\"true\" class=\"wp-block-spacer\"><\/div>\n\n\n\n<p>Amb una presentaci\u00f3 farcida de bones pr\u00e0ctiques, Verdaguer va destacar la relaci\u00f3 amb altres agents educatius de l&#8217;entorn: la complicitat amb les biblioteques p\u00fabliques i la participaci\u00f3 en el seminari de biblioteques escolars, i, especialment, l&#8217;adhesi\u00f3 del centre en el programa Erasmus+KA120 de biblioteques escolars que els va permetre establir una l\u00ednia metodol\u00f2gica molt clara i un enriquiment a tres nivells: per a l&#8217;alumnat, per al professorat i per a la biblioteca.<\/p>\n\n\n\n<p>Gr\u00e0cies, Montse, per compartir la vostra experi\u00e8ncia i encomanar-nos la passi\u00f3 per educar el gust per la lectura a tota la comunitat educativa.&nbsp;<\/p>\n","protected":false},"excerpt":{"rendered":"<p>En el marc de les visites formatives vinculades a la Formaci\u00f3 Interna de Centre del PLAMIB, dijous passat a la tarda vam tenir l&#8217;oportunitat de visitar, virtualment, la\u00a0<a href=\"https:\/\/mverda22.wordpress.com\/\" target=\"_blank\" rel=\"noreferrer noopener\">biblioteca Mil\u00b7l\u00e8nium<\/a>\u00a0i la biblioteca MassaPetita de l&#8217;<a href=\"https:\/\/agora.xtec.cat\/ceip-lafarga-salt\/\" target=\"_blank\" rel=\"noreferrer noopener\">Escola La Farga de&hellip;  <a href=\"https:\/\/projectes.xtec.cat\/bescat\/general\/visites-formatives-plamib-biblioteques-de-lescola-la-farga-de-salt\/\" title=\"Read Visita formativa PLAMIB: biblioteques de l&#8217;escola La Farga, de Salt\">Llegeix m\u00e9s\u00bb<\/a><\/p>\n","protected":false},"author":133,"featured_media":15426,"comment_status":"open","ping_status":"open","sticky":false,"template":"","format":"standard","meta":{"_bbp_topic_count":0,"_bbp_reply_count":0,"_bbp_total_topic_count":0,"_bbp_total_reply_count":0,"_bbp_voice_count":0,"_bbp_anonymous_reply_count":0,"_bbp_topic_count_hidden":0,"_bbp_reply_count_hidden":0,"_bbp_forum_subforum_count":0,"footnotes":""},"categories":[1,507,379,29,538],"tags":[530,536],"class_list":["post-15415","post","type-post","status-publish","format-standard","has-post-thumbnail","hentry","category-general","category-info_plamib","category-noticies","category-portada","category-visites-formatives","tag-plamib","tag-visitesformatives"],"post_mailing_queue_ids":[],"_links":{"self":[{"href":"https:\/\/projectes.xtec.cat\/bescat\/wp-json\/wp\/v2\/posts\/15415","targetHints":{"allow":["GET"]}}],"collection":[{"href":"https:\/\/projectes.xtec.cat\/bescat\/wp-json\/wp\/v2\/posts"}],"about":[{"href":"https:\/\/projectes.xtec.cat\/bescat\/wp-json\/wp\/v2\/types\/post"}],"author":[{"embeddable":true,"href":"https:\/\/projectes.xtec.cat\/bescat\/wp-json\/wp\/v2\/users\/133"}],"replies":[{"embeddable":true,"href":"https:\/\/projectes.xtec.cat\/bescat\/wp-json\/wp\/v2\/comments?post=15415"}],"version-history":[{"count":6,"href":"https:\/\/projectes.xtec.cat\/bescat\/wp-json\/wp\/v2\/posts\/15415\/revisions"}],"predecessor-version":[{"id":15446,"href":"https:\/\/projectes.xtec.cat\/bescat\/wp-json\/wp\/v2\/posts\/15415\/revisions\/15446"}],"wp:featuredmedia":[{"embeddable":true,"href":"https:\/\/projectes.xtec.cat\/bescat\/wp-json\/wp\/v2\/media\/15426"}],"wp:attachment":[{"href":"https:\/\/projectes.xtec.cat\/bescat\/wp-json\/wp\/v2\/media?parent=15415"}],"wp:term":[{"taxonomy":"category","embeddable":true,"href":"https:\/\/projectes.xtec.cat\/bescat\/wp-json\/wp\/v2\/categories?post=15415"},{"taxonomy":"post_tag","embeddable":true,"href":"https:\/\/projectes.xtec.cat\/bescat\/wp-json\/wp\/v2\/tags?post=15415"}],"curies":[{"name":"wp","href":"https:\/\/api.w.org\/{rel}","templated":true}]}}