{"id":15488,"date":"2025-05-23T10:29:33","date_gmt":"2025-05-23T08:29:33","guid":{"rendered":"https:\/\/projectes.xtec.cat\/bescat\/?p=15488"},"modified":"2025-05-23T14:12:17","modified_gmt":"2025-05-23T12:12:17","slug":"biblioentrevista-a-cristina-correro-iglesias","status":"publish","type":"post","link":"https:\/\/projectes.xtec.cat\/bescat\/general\/biblioentrevista-a-cristina-correro-iglesias\/","title":{"rendered":"Biblioentrevista a Cristina Correro Iglesias"},"content":{"rendered":"\n<div class=\"wp-block-columns is-layout-flex wp-container-core-columns-is-layout-1 wp-block-columns-is-layout-flex\">\n<div class=\"wp-block-column is-layout-flow wp-block-column-is-layout-flow\">\n<figure class=\"wp-block-image size-full\"><a href=\"https:\/\/projectes.xtec.cat\/bescat\/wp-content\/uploads\/usu793\/2025\/05\/Biblioentrevista-Cristina-Correro-Iglesias.png\"><img loading=\"lazy\" decoding=\"async\" width=\"410\" height=\"588\" src=\"https:\/\/projectes.xtec.cat\/bescat\/wp-content\/uploads\/usu793\/2025\/05\/Biblioentrevista-Cristina-Correro-Iglesias.png\" alt=\"\" class=\"wp-image-15489\" srcset=\"https:\/\/projectes.xtec.cat\/bescat\/wp-content\/uploads\/usu793\/2025\/05\/Biblioentrevista-Cristina-Correro-Iglesias.png 410w, https:\/\/projectes.xtec.cat\/bescat\/wp-content\/uploads\/usu793\/2025\/05\/Biblioentrevista-Cristina-Correro-Iglesias-209x300.png 209w\" sizes=\"auto, (max-width: 410px) 100vw, 410px\" \/><\/a><\/figure>\n<\/div>\n\n\n\n<div class=\"wp-block-column is-layout-flow wp-block-column-is-layout-flow\">\n<p>Aquest mes de maig vam entrevistar Cristina Correro, doctora en educaci\u00f3 i especialista en literatura infantil, per parlar de poesia i biblioteques escolars.<\/p>\n\n\n\n<p>Aquesta entrevista va ser una de les activitats que Correro va realitzar en el programa de mobilitat d&#8217;expert per al projecte 23 Erasmus CETE+.<\/p>\n\n\n\n<p>Volem agrair la seva col\u00b7laboraci\u00f3 i els coneixements que ens va transmetre tant a l&#8217;entrevista com al taller que va impartir a la III Jornada CETE+.<\/p>\n\n\n\n<p>Tamb\u00e9 volem agrair a Canal de Reporters l&#8217;enregistrament i edici\u00f3 del v\u00eddeo (enregistrat amb elements de la maleta audiovisual de l&#8217;\u00c0rea de Cultura Digital).<\/p>\n\n\n\n<p><strong><a href=\"https:\/\/drive.google.com\/file\/d\/17hCI_pan5S76yrLFlhHoCOkdZG2soKBr\/view?usp=drive_link\" target=\"_blank\" rel=\"noreferrer noopener\">V\u00eddeo Entrevista Cristina Correro<\/a><\/strong><\/p>\n\n\n\n<p><a href=\"https:\/\/drive.google.com\/file\/d\/1ADxqx_05GUPA2BB3fWkZRndNMOT4jV7y\/view?usp=drive_link\" target=\"_blank\" rel=\"noreferrer noopener\">Entrevista Cristina Correro pdf<\/a><\/p>\n<\/div>\n<\/div>\n\n\n\n<figure class=\"wp-block-image size-full\"><a href=\"https:\/\/projectes.xtec.cat\/bescat\/wp-content\/uploads\/usu793\/2025\/05\/Entrevista-Correro-e1747989417981.png\"><img loading=\"lazy\" decoding=\"async\" width=\"433\" height=\"244\" src=\"https:\/\/projectes.xtec.cat\/bescat\/wp-content\/uploads\/usu793\/2025\/05\/Entrevista-Correro-e1747989417981.png\" alt=\"\" class=\"wp-image-15491\" srcset=\"https:\/\/projectes.xtec.cat\/bescat\/wp-content\/uploads\/usu793\/2025\/05\/Entrevista-Correro-e1747989417981.png 433w, https:\/\/projectes.xtec.cat\/bescat\/wp-content\/uploads\/usu793\/2025\/05\/Entrevista-Correro-e1747989417981-300x169.png 300w\" sizes=\"auto, (max-width: 433px) 100vw, 433px\" \/><\/a><\/figure>\n","protected":false},"excerpt":{"rendered":"<p><a href=\"https:\/\/projectes.xtec.cat\/bescat\/wp-content\/uploads\/usu793\/2025\/05\/Biblioentrevista-Cristina-Correro-Iglesias.png\"><\/a><\/p>\n<p>Aquest mes de maig vam entrevistar Cristina Correro, doctora en educaci\u00f3 i especialista en literatura infantil, per parlar de poesia i biblioteques escolars.<\/p>\n<p>Aquesta entrevista va ser una de les activitats que Correro va realitzar en el programa de mobilitat d&#8217;expert per al projecte 23&hellip;  <a href=\"https:\/\/projectes.xtec.cat\/bescat\/general\/biblioentrevista-a-cristina-correro-iglesias\/\" title=\"Read Biblioentrevista a Cristina Correro Iglesias\">Llegeix m\u00e9s\u00bb<\/a><\/p>\n","protected":false},"author":133,"featured_media":15489,"comment_status":"open","ping_status":"open","sticky":false,"template":"","format":"standard","meta":{"_bbp_topic_count":0,"_bbp_reply_count":0,"_bbp_total_topic_count":0,"_bbp_total_reply_count":0,"_bbp_voice_count":0,"_bbp_anonymous_reply_count":0,"_bbp_topic_count_hidden":0,"_bbp_reply_count_hidden":0,"_bbp_forum_subforum_count":0,"footnotes":""},"categories":[450,1,379,451,29,481],"tags":[541,376,454,453,503],"class_list":["post-15488","post","type-post","status-publish","format-standard","has-post-thumbnail","hentry","category-erasmuspuntedu","category-general","category-noticies","category-noticies-erasmus","category-portada","category-projecte-23","tag-biblioentrevista","tag-biblioteca-escolar","tag-cete","tag-erasmus","tag-erasmusbescat"],"post_mailing_queue_ids":[],"_links":{"self":[{"href":"https:\/\/projectes.xtec.cat\/bescat\/wp-json\/wp\/v2\/posts\/15488","targetHints":{"allow":["GET"]}}],"collection":[{"href":"https:\/\/projectes.xtec.cat\/bescat\/wp-json\/wp\/v2\/posts"}],"about":[{"href":"https:\/\/projectes.xtec.cat\/bescat\/wp-json\/wp\/v2\/types\/post"}],"author":[{"embeddable":true,"href":"https:\/\/projectes.xtec.cat\/bescat\/wp-json\/wp\/v2\/users\/133"}],"replies":[{"embeddable":true,"href":"https:\/\/projectes.xtec.cat\/bescat\/wp-json\/wp\/v2\/comments?post=15488"}],"version-history":[{"count":5,"href":"https:\/\/projectes.xtec.cat\/bescat\/wp-json\/wp\/v2\/posts\/15488\/revisions"}],"predecessor-version":[{"id":15501,"href":"https:\/\/projectes.xtec.cat\/bescat\/wp-json\/wp\/v2\/posts\/15488\/revisions\/15501"}],"wp:featuredmedia":[{"embeddable":true,"href":"https:\/\/projectes.xtec.cat\/bescat\/wp-json\/wp\/v2\/media\/15489"}],"wp:attachment":[{"href":"https:\/\/projectes.xtec.cat\/bescat\/wp-json\/wp\/v2\/media?parent=15488"}],"wp:term":[{"taxonomy":"category","embeddable":true,"href":"https:\/\/projectes.xtec.cat\/bescat\/wp-json\/wp\/v2\/categories?post=15488"},{"taxonomy":"post_tag","embeddable":true,"href":"https:\/\/projectes.xtec.cat\/bescat\/wp-json\/wp\/v2\/tags?post=15488"}],"curies":[{"name":"wp","href":"https:\/\/api.w.org\/{rel}","templated":true}]}}