{"id":15578,"date":"2025-05-30T10:00:19","date_gmt":"2025-05-30T08:00:19","guid":{"rendered":"https:\/\/projectes.xtec.cat\/bescat\/?p=15578"},"modified":"2025-05-30T10:00:20","modified_gmt":"2025-05-30T08:00:20","slug":"visites-formatives-plamib-biblioteca-de-linstitut-can-peixauet","status":"publish","type":"post","link":"https:\/\/projectes.xtec.cat\/bescat\/portada\/visites-formatives-plamib-biblioteca-de-linstitut-can-peixauet\/","title":{"rendered":"Visites formatives PLAMIB: biblioteca de l&#8217;institut Can Peixauet"},"content":{"rendered":"\n<div class=\"wp-block-media-text is-stacked-on-mobile\" style=\"grid-template-columns:34% auto\"><figure class=\"wp-block-media-text__media\"><img loading=\"lazy\" decoding=\"async\" width=\"1024\" height=\"1024\" src=\"https:\/\/projectes.xtec.cat\/bescat\/wp-content\/uploads\/usu793\/2025\/05\/Plantilla-PLAMIB-Can-Peixauet-1024x1024.png\" alt=\"\" class=\"wp-image-15579 size-full\" srcset=\"https:\/\/projectes.xtec.cat\/bescat\/wp-content\/uploads\/usu793\/2025\/05\/Plantilla-PLAMIB-Can-Peixauet-1024x1024.png 1024w, https:\/\/projectes.xtec.cat\/bescat\/wp-content\/uploads\/usu793\/2025\/05\/Plantilla-PLAMIB-Can-Peixauet-300x300.png 300w, https:\/\/projectes.xtec.cat\/bescat\/wp-content\/uploads\/usu793\/2025\/05\/Plantilla-PLAMIB-Can-Peixauet-150x150.png 150w, https:\/\/projectes.xtec.cat\/bescat\/wp-content\/uploads\/usu793\/2025\/05\/Plantilla-PLAMIB-Can-Peixauet-768x768.png 768w, https:\/\/projectes.xtec.cat\/bescat\/wp-content\/uploads\/usu793\/2025\/05\/Plantilla-PLAMIB-Can-Peixauet.png 1080w\" sizes=\"auto, (max-width: 1024px) 100vw, 1024px\" \/><\/figure><div class=\"wp-block-media-text__content\">\n<p>Dimarts a la tarda vam gaudir d&#8217;una nova visita pedag\u00f2gica per a docents PLAMIB. Aquest cop, l&#8217;equip de biblioteca de l&#8217;<a href=\"https:\/\/agora.xtec.cat\/iescanpeixauet\/\" data-type=\"link\" data-id=\"https:\/\/agora.xtec.cat\/iescanpeixauet\/\" target=\"_blank\" rel=\"noreferrer noopener\">institut Can Peixauet<\/a> de Santa Coloma de Gramenet (Canpe per als amics) ens va rebre amb molt entusiasme. La Vanessa, en Toni, l&#8217;Anna, la Montse i la Mar\u00eda Jos\u00e9 ens van explicar el seu projecte de biblioteca, que uneix una curosa selecci\u00f3 de literatura juvenil amb una bateria de propostes vivencials que arrenquen les lletres de les p\u00e0gines i les fan vives.&nbsp;<\/p>\n<\/div><\/div>\n\n\n\n<div style=\"height:52px\" aria-hidden=\"true\" class=\"wp-block-spacer\"><\/div>\n\n\n\n<p>La ludificaci\u00f3 i les visites de creadors al centre s\u00f3n els dos pals de paller que fan d&#8217;aquest projecte un \u00e8xit de participaci\u00f3 i gaudi per a tota la comunitat educativa: des dels jocs de taula literaris, els escape rooms tem\u00e0tics, els projectes de reflexi\u00f3 i creaci\u00f3 amb ulleres coeducadores a les m\u00faltiples visites d&#8217;autors fins a una tert\u00falia nom\u00e9s per a docents i personal pas.&nbsp;<\/p>\n\n\n\n<p>Gr\u00e0cies a l&#8217;equip del Canpe per acollir aquesta visita i animar-nos a perdre la vergonya i sortir de la biblioteca cap al m\u00f3n!<\/p>\n","protected":false},"excerpt":{"rendered":"<p>Dimarts a la tarda vam gaudir d&#8217;una nova visita pedag\u00f2gica per a docents PLAMIB. Aquest cop, l&#8217;equip de biblioteca de l&#8217;<a href=\"https:\/\/agora.xtec.cat\/iescanpeixauet\/\" data-type=\"link\" data-id=\"https:\/\/agora.xtec.cat\/iescanpeixauet\/\" target=\"_blank\" rel=\"noreferrer noopener\">institut Can Peixauet<\/a> de Santa Coloma de Gramenet (Canpe per als amics) ens va rebre amb molt entusiasme. La&hellip;  <a href=\"https:\/\/projectes.xtec.cat\/bescat\/portada\/visites-formatives-plamib-biblioteca-de-linstitut-can-peixauet\/\" title=\"Read Visites formatives PLAMIB: biblioteca de l&#8217;institut Can Peixauet\">Llegeix m\u00e9s\u00bb<\/a><\/p>\n","protected":false},"author":133,"featured_media":15579,"comment_status":"open","ping_status":"open","sticky":false,"template":"","format":"standard","meta":{"_bbp_topic_count":0,"_bbp_reply_count":0,"_bbp_total_topic_count":0,"_bbp_total_reply_count":0,"_bbp_voice_count":0,"_bbp_anonymous_reply_count":0,"_bbp_topic_count_hidden":0,"_bbp_reply_count_hidden":0,"_bbp_forum_subforum_count":0,"footnotes":""},"categories":[507,379,29,538],"tags":[530,537],"class_list":["post-15578","post","type-post","status-publish","format-standard","has-post-thumbnail","hentry","category-info_plamib","category-noticies","category-portada","category-visites-formatives","tag-plamib","tag-visites-formatives"],"post_mailing_queue_ids":[],"_links":{"self":[{"href":"https:\/\/projectes.xtec.cat\/bescat\/wp-json\/wp\/v2\/posts\/15578","targetHints":{"allow":["GET"]}}],"collection":[{"href":"https:\/\/projectes.xtec.cat\/bescat\/wp-json\/wp\/v2\/posts"}],"about":[{"href":"https:\/\/projectes.xtec.cat\/bescat\/wp-json\/wp\/v2\/types\/post"}],"author":[{"embeddable":true,"href":"https:\/\/projectes.xtec.cat\/bescat\/wp-json\/wp\/v2\/users\/133"}],"replies":[{"embeddable":true,"href":"https:\/\/projectes.xtec.cat\/bescat\/wp-json\/wp\/v2\/comments?post=15578"}],"version-history":[{"count":3,"href":"https:\/\/projectes.xtec.cat\/bescat\/wp-json\/wp\/v2\/posts\/15578\/revisions"}],"predecessor-version":[{"id":15582,"href":"https:\/\/projectes.xtec.cat\/bescat\/wp-json\/wp\/v2\/posts\/15578\/revisions\/15582"}],"wp:featuredmedia":[{"embeddable":true,"href":"https:\/\/projectes.xtec.cat\/bescat\/wp-json\/wp\/v2\/media\/15579"}],"wp:attachment":[{"href":"https:\/\/projectes.xtec.cat\/bescat\/wp-json\/wp\/v2\/media?parent=15578"}],"wp:term":[{"taxonomy":"category","embeddable":true,"href":"https:\/\/projectes.xtec.cat\/bescat\/wp-json\/wp\/v2\/categories?post=15578"},{"taxonomy":"post_tag","embeddable":true,"href":"https:\/\/projectes.xtec.cat\/bescat\/wp-json\/wp\/v2\/tags?post=15578"}],"curies":[{"name":"wp","href":"https:\/\/api.w.org\/{rel}","templated":true}]}}