{"id":15651,"date":"2025-06-11T09:46:12","date_gmt":"2025-06-11T07:46:12","guid":{"rendered":"https:\/\/projectes.xtec.cat\/bescat\/?p=15651"},"modified":"2025-06-11T09:47:45","modified_gmt":"2025-06-11T07:47:45","slug":"cada-uno-ve-lo-que-sabe","status":"publish","type":"post","link":"https:\/\/projectes.xtec.cat\/bescat\/general\/cada-uno-ve-lo-que-sabe\/","title":{"rendered":"Cada uno ve lo que sabe"},"content":{"rendered":"\n<div class=\"wp-block-media-text is-stacked-on-mobile\" style=\"grid-template-columns:37% auto\"><figure class=\"wp-block-media-text__media\"><a href=\"https:\/\/editorialgg.com\/cada-uno-ve-lo-que-sabe-libro.html\" target=\"_blank\" rel=\" noreferrer noopener\"><img loading=\"lazy\" decoding=\"async\" width=\"616\" height=\"1024\" src=\"https:\/\/projectes.xtec.cat\/bescat\/wp-content\/uploads\/usu793\/2025\/06\/Cada-uno-ve-lo-que-sabe-616x1024.png\" alt=\"\" class=\"wp-image-15653 size-full\" srcset=\"https:\/\/projectes.xtec.cat\/bescat\/wp-content\/uploads\/usu793\/2025\/06\/Cada-uno-ve-lo-que-sabe-616x1024.png 616w, https:\/\/projectes.xtec.cat\/bescat\/wp-content\/uploads\/usu793\/2025\/06\/Cada-uno-ve-lo-que-sabe-180x300.png 180w, https:\/\/projectes.xtec.cat\/bescat\/wp-content\/uploads\/usu793\/2025\/06\/Cada-uno-ve-lo-que-sabe-768x1277.png 768w, https:\/\/projectes.xtec.cat\/bescat\/wp-content\/uploads\/usu793\/2025\/06\/Cada-uno-ve-lo-que-sabe-924x1536.png 924w, https:\/\/projectes.xtec.cat\/bescat\/wp-content\/uploads\/usu793\/2025\/06\/Cada-uno-ve-lo-que-sabe-1232x2048.png 1232w, https:\/\/projectes.xtec.cat\/bescat\/wp-content\/uploads\/usu793\/2025\/06\/Cada-uno-ve-lo-que-sabe.png 1486w\" sizes=\"auto, (max-width: 616px) 100vw, 616px\" \/><\/a><\/figure><div class=\"wp-block-media-text__content\">\n<p>El llibre <em><a href=\"https:\/\/editorialgg.com\/cada-uno-ve-lo-que-sabe-libro.html\" target=\"_blank\" rel=\"noreferrer noopener\">Cada uno ve lo que sabe<\/a><\/em> d&#8217;Anna Juan Cantavella i Piu Mart\u00ednez L\u00f3pez (Editorial Gustavo Gili) \u00e9s una pe\u00e7a essencial per a qualsevol que vulgui anar m\u00e9s enll\u00e0 de la simple contemplaci\u00f3 de les il\u00b7lustracions en els \u00e0lbums il\u00b7lustrats.<\/p>\n\n\n\n<p>Lluny de ser un manual acad\u00e8mic, aquesta guia pr\u00e0ctica convida el lector a desenvolupar una alfabetitzaci\u00f3 visual cr\u00edtica. Les seves p\u00e0gines desgranen, de manera entenedora, com elements com el color, la composici\u00f3, la tipografia o la relaci\u00f3 entre text i imatge construeixen el sentit d&#8217;una narraci\u00f3.<\/p>\n\n\n\n<p>La guia d&#8217;Anna Juan i Piu Mart\u00ednez \u00e9s una eina valuosa per a docents, bibliotecaris, pares o qualsevol persona que treballi amb infants i joves o que simplement gaudeixi de l&#8217;art dels llibres il\u00b7lustrats. A trav\u00e9s d&#8217;exemples concrets i un llenguatge clar, les autores ens ofereixen les claus per comprendre les intencions de l&#8217;il\u00b7lustrador, per detectar els matisos que sovint passen desapercebuts i que ens provoquen una determinada emoci\u00f3.<\/p>\n<\/div><\/div>\n\n\n\n<div style=\"height:59px\" aria-hidden=\"true\" class=\"wp-block-spacer\"><\/div>\n\n\n\n<p>L&#8217;objectiu \u00e9s clar: transformar la simple observaci\u00f3 en una lectura profunda i significativa, i donar \u00e8mfasi en la interacci\u00f3 entre el text i la il\u00b7lustraci\u00f3, ja que ambd\u00f3s elements dialoguen i enriqueixen la narrativa.<\/p>\n\n\n\n<p><br>En definitiva, \u00e9s un recurs valu\u00f3s que ens ensenya a mirar els \u00e0lbums il\u00b7lustrats amb una nova mirada, i que transforma la visi\u00f3 simple i planera en una veritable comprensi\u00f3.<\/p>\n","protected":false},"excerpt":{"rendered":"<p><a href=\"https:\/\/editorialgg.com\/cada-uno-ve-lo-que-sabe-libro.html\" target=\"_blank\" rel=\" noreferrer noopener\"><\/a><br \/>\nEl llibre <a href=\"https:\/\/editorialgg.com\/cada-uno-ve-lo-que-sabe-libro.html\" target=\"_blank\" rel=\"noreferrer noopener\">Cada uno ve lo que sabe<\/a> d&#8217;Anna Juan Cantavella i Piu Mart\u00ednez L\u00f3pez (Editorial Gustavo Gili) \u00e9s una pe\u00e7a essencial per a qualsevol que vulgui anar m\u00e9s enll\u00e0 de la simple contemplaci\u00f3 de les&hellip;  <a href=\"https:\/\/projectes.xtec.cat\/bescat\/general\/cada-uno-ve-lo-que-sabe\/\" title=\"Read Cada uno ve lo que sabe\">Llegeix m\u00e9s\u00bb<\/a><\/p>\n","protected":false},"author":133,"featured_media":15653,"comment_status":"open","ping_status":"open","sticky":false,"template":"","format":"standard","meta":{"_bbp_topic_count":0,"_bbp_reply_count":0,"_bbp_total_topic_count":0,"_bbp_total_reply_count":0,"_bbp_voice_count":0,"_bbp_anonymous_reply_count":0,"_bbp_topic_count_hidden":0,"_bbp_reply_count_hidden":0,"_bbp_forum_subforum_count":0,"footnotes":""},"categories":[1,458,379,29],"tags":[376],"class_list":["post-15651","post","type-post","status-publish","format-standard","has-post-thumbnail","hentry","category-general","category-llibres-de-capcalera","category-noticies","category-portada","tag-biblioteca-escolar"],"post_mailing_queue_ids":[],"_links":{"self":[{"href":"https:\/\/projectes.xtec.cat\/bescat\/wp-json\/wp\/v2\/posts\/15651","targetHints":{"allow":["GET"]}}],"collection":[{"href":"https:\/\/projectes.xtec.cat\/bescat\/wp-json\/wp\/v2\/posts"}],"about":[{"href":"https:\/\/projectes.xtec.cat\/bescat\/wp-json\/wp\/v2\/types\/post"}],"author":[{"embeddable":true,"href":"https:\/\/projectes.xtec.cat\/bescat\/wp-json\/wp\/v2\/users\/133"}],"replies":[{"embeddable":true,"href":"https:\/\/projectes.xtec.cat\/bescat\/wp-json\/wp\/v2\/comments?post=15651"}],"version-history":[{"count":6,"href":"https:\/\/projectes.xtec.cat\/bescat\/wp-json\/wp\/v2\/posts\/15651\/revisions"}],"predecessor-version":[{"id":15674,"href":"https:\/\/projectes.xtec.cat\/bescat\/wp-json\/wp\/v2\/posts\/15651\/revisions\/15674"}],"wp:featuredmedia":[{"embeddable":true,"href":"https:\/\/projectes.xtec.cat\/bescat\/wp-json\/wp\/v2\/media\/15653"}],"wp:attachment":[{"href":"https:\/\/projectes.xtec.cat\/bescat\/wp-json\/wp\/v2\/media?parent=15651"}],"wp:term":[{"taxonomy":"category","embeddable":true,"href":"https:\/\/projectes.xtec.cat\/bescat\/wp-json\/wp\/v2\/categories?post=15651"},{"taxonomy":"post_tag","embeddable":true,"href":"https:\/\/projectes.xtec.cat\/bescat\/wp-json\/wp\/v2\/tags?post=15651"}],"curies":[{"name":"wp","href":"https:\/\/api.w.org\/{rel}","templated":true}]}}