{"id":15827,"date":"2025-09-02T13:19:29","date_gmt":"2025-09-02T11:19:29","guid":{"rendered":"https:\/\/projectes.xtec.cat\/bescat\/?p=15827"},"modified":"2025-09-02T13:51:09","modified_gmt":"2025-09-02T11:51:09","slug":"formacio-de-biblioteques-escolars-1r-torn-3","status":"publish","type":"post","link":"https:\/\/projectes.xtec.cat\/bescat\/general\/formacio-de-biblioteques-escolars-1r-torn-3\/","title":{"rendered":"Formaci\u00f3 de biblioteques escolars 1r torn"},"content":{"rendered":"\n<div class=\"wp-block-columns is-layout-flex wp-container-core-columns-is-layout-1 wp-block-columns-is-layout-flex\">\n<div class=\"wp-block-column is-layout-flow wp-block-column-is-layout-flow\">\n<figure class=\"wp-block-image size-large\"><a href=\"https:\/\/xtec.gencat.cat\/ca\/formacio\/formaciogeneralprofessorat\/biblioteques_escolars\/\" target=\"_blank\" rel=\" noreferrer noopener\"><img loading=\"lazy\" decoding=\"async\" width=\"1024\" height=\"724\" src=\"https:\/\/projectes.xtec.cat\/bescat\/wp-content\/uploads\/usu793\/2025\/09\/Imatge-22-1-1024x724.png\" alt=\"\" class=\"wp-image-15828\" srcset=\"https:\/\/projectes.xtec.cat\/bescat\/wp-content\/uploads\/usu793\/2025\/09\/Imatge-22-1-1024x724.png 1024w, https:\/\/projectes.xtec.cat\/bescat\/wp-content\/uploads\/usu793\/2025\/09\/Imatge-22-1-300x212.png 300w, https:\/\/projectes.xtec.cat\/bescat\/wp-content\/uploads\/usu793\/2025\/09\/Imatge-22-1-768x543.png 768w, https:\/\/projectes.xtec.cat\/bescat\/wp-content\/uploads\/usu793\/2025\/09\/Imatge-22-1-1536x1086.png 1536w, https:\/\/projectes.xtec.cat\/bescat\/wp-content\/uploads\/usu793\/2025\/09\/Imatge-22-1-2048x1448.png 2048w\" sizes=\"auto, (max-width: 1024px) 100vw, 1024px\" \/><\/a><\/figure>\n<\/div>\n\n\n\n<div class=\"wp-block-column is-layout-flow wp-block-column-is-layout-flow\">\n<p><\/p>\n\n\n\n<p>Inscripcions del 5 al 21 de setembre de 2025.<\/p>\n\n\n\n<p>M\u00e9s informaci\u00f3 general sobre la formaci\u00f3 XTEC a la p\u00e0gina&nbsp;<a href=\"https:\/\/xtec.gencat.cat\/ca\/formacio\/info-general\/oferta-formativa\/\" target=\"_blank\" rel=\"noreferrer noopener\"><strong>web de formaci\u00f3<\/strong><\/a>.<\/p>\n\n\n\n<p><strong><a href=\"https:\/\/xtec.gencat.cat\/ca\/formacio\/formaciogeneralprofessorat\/biblioteques_escolars\/\" target=\"_blank\" rel=\"noreferrer noopener\">Oferta formativa de 1r torn<\/a>\u00a0<\/strong>del Programa de biblioteques escolars.<\/p>\n<\/div>\n<\/div>\n","protected":false},"excerpt":{"rendered":"<p><a href=\"https:\/\/xtec.gencat.cat\/ca\/formacio\/formaciogeneralprofessorat\/biblioteques_escolars\/\" target=\"_blank\" rel=\" noreferrer noopener\"><\/a><\/p>\n<p>Inscripcions del 5 al 21 de setembre de 2025.<\/p>\n<p>M\u00e9s informaci\u00f3 general sobre la formaci\u00f3 XTEC a la p\u00e0gina&nbsp;<a href=\"https:\/\/xtec.gencat.cat\/ca\/formacio\/info-general\/oferta-formativa\/\" target=\"_blank\" rel=\"noreferrer noopener\">web de formaci\u00f3<\/a>.<\/p>\n<p><a href=\"https:\/\/xtec.gencat.cat\/ca\/formacio\/formaciogeneralprofessorat\/biblioteques_escolars\/\" target=\"_blank\" rel=\"noreferrer noopener\">Oferta formativa de 1r torn<\/a>\u00a0del Programa de biblioteques escolars.<\/p>\n","protected":false},"author":133,"featured_media":15828,"comment_status":"open","ping_status":"open","sticky":false,"template":"","format":"standard","meta":{"_bbp_topic_count":0,"_bbp_reply_count":0,"_bbp_total_topic_count":0,"_bbp_total_reply_count":0,"_bbp_voice_count":0,"_bbp_anonymous_reply_count":0,"_bbp_topic_count_hidden":0,"_bbp_reply_count_hidden":0,"_bbp_forum_subforum_count":0,"footnotes":""},"categories":[154,1,379,29],"tags":[376],"class_list":["post-15827","post","type-post","status-publish","format-standard","has-post-thumbnail","hentry","category-formacio","category-general","category-noticies","category-portada","tag-biblioteca-escolar"],"post_mailing_queue_ids":[],"_links":{"self":[{"href":"https:\/\/projectes.xtec.cat\/bescat\/wp-json\/wp\/v2\/posts\/15827","targetHints":{"allow":["GET"]}}],"collection":[{"href":"https:\/\/projectes.xtec.cat\/bescat\/wp-json\/wp\/v2\/posts"}],"about":[{"href":"https:\/\/projectes.xtec.cat\/bescat\/wp-json\/wp\/v2\/types\/post"}],"author":[{"embeddable":true,"href":"https:\/\/projectes.xtec.cat\/bescat\/wp-json\/wp\/v2\/users\/133"}],"replies":[{"embeddable":true,"href":"https:\/\/projectes.xtec.cat\/bescat\/wp-json\/wp\/v2\/comments?post=15827"}],"version-history":[{"count":5,"href":"https:\/\/projectes.xtec.cat\/bescat\/wp-json\/wp\/v2\/posts\/15827\/revisions"}],"predecessor-version":[{"id":15833,"href":"https:\/\/projectes.xtec.cat\/bescat\/wp-json\/wp\/v2\/posts\/15827\/revisions\/15833"}],"wp:featuredmedia":[{"embeddable":true,"href":"https:\/\/projectes.xtec.cat\/bescat\/wp-json\/wp\/v2\/media\/15828"}],"wp:attachment":[{"href":"https:\/\/projectes.xtec.cat\/bescat\/wp-json\/wp\/v2\/media?parent=15827"}],"wp:term":[{"taxonomy":"category","embeddable":true,"href":"https:\/\/projectes.xtec.cat\/bescat\/wp-json\/wp\/v2\/categories?post=15827"},{"taxonomy":"post_tag","embeddable":true,"href":"https:\/\/projectes.xtec.cat\/bescat\/wp-json\/wp\/v2\/tags?post=15827"}],"curies":[{"name":"wp","href":"https:\/\/api.w.org\/{rel}","templated":true}]}}