{"id":15862,"date":"2025-09-15T12:29:40","date_gmt":"2025-09-15T10:29:40","guid":{"rendered":"https:\/\/projectes.xtec.cat\/bescat\/?p=15862"},"modified":"2025-09-15T13:16:57","modified_gmt":"2025-09-15T11:16:57","slug":"sense-paraules-sis-tallers-de-lectura-dalbums-sense-mots-per-a-totes-les-edats","status":"publish","type":"post","link":"https:\/\/projectes.xtec.cat\/bescat\/general\/sense-paraules-sis-tallers-de-lectura-dalbums-sense-mots-per-a-totes-les-edats\/","title":{"rendered":"Sense paraules: sis tallers de lectura d&#8217;\u00e0lbums sense mots per a totes les edats"},"content":{"rendered":"\n<div class=\"wp-block-columns is-layout-flex wp-container-core-columns-is-layout-1 wp-block-columns-is-layout-flex\">\n<div class=\"wp-block-column is-layout-flow wp-block-column-is-layout-flow\">\n<figure class=\"wp-block-image size-large is-resized\"><a href=\"https:\/\/projectes.xtec.cat\/bescat\/wp-content\/uploads\/usu793\/2025\/09\/Sense-paraules-scaled.jpg\"><img loading=\"lazy\" decoding=\"async\" width=\"653\" height=\"1024\" src=\"https:\/\/projectes.xtec.cat\/bescat\/wp-content\/uploads\/usu793\/2025\/09\/Sense-paraules-653x1024.jpg\" alt=\"\" class=\"wp-image-15863\" style=\"width:370px;height:auto\" srcset=\"https:\/\/projectes.xtec.cat\/bescat\/wp-content\/uploads\/usu793\/2025\/09\/Sense-paraules-653x1024.jpg 653w, https:\/\/projectes.xtec.cat\/bescat\/wp-content\/uploads\/usu793\/2025\/09\/Sense-paraules-191x300.jpg 191w, https:\/\/projectes.xtec.cat\/bescat\/wp-content\/uploads\/usu793\/2025\/09\/Sense-paraules-768x1204.jpg 768w, https:\/\/projectes.xtec.cat\/bescat\/wp-content\/uploads\/usu793\/2025\/09\/Sense-paraules-979x1536.jpg 979w, https:\/\/projectes.xtec.cat\/bescat\/wp-content\/uploads\/usu793\/2025\/09\/Sense-paraules-1306x2048.jpg 1306w, https:\/\/projectes.xtec.cat\/bescat\/wp-content\/uploads\/usu793\/2025\/09\/Sense-paraules-scaled.jpg 1632w\" sizes=\"auto, (max-width: 653px) 100vw, 653px\" \/><\/a><\/figure>\n<\/div>\n\n\n\n<div class=\"wp-block-column is-layout-flow wp-block-column-is-layout-flow\">\n<p><em>Sense paraules: sis tallers de lectura d&#8217;\u00e0lbums sense mots per a totes les edats<\/em> \u00e9s, per sobre de tot, un llibre pr\u00e0ctic i inspirador. En un temps en qu\u00e8 la imatge cada vegada t\u00e9 m\u00e9s protagonisme, Emma Bosch, professora de la Universitat de Barcelona i especialista en literatura infantil amb una traject\u00f2ria molt vinculada al foment de la lectura i a la formaci\u00f3 de futurs mestres, reivindica els \u00e0lbums sense paraules com una eina plena de possibilitats, no nom\u00e9s per a prelectors, sin\u00f3 per a totes les edats.\u00a0<\/p>\n\n\n\n<p>Guardonada amb el Premi Marta Mata de Pedagogia 2019, l&#8217;obra s&#8217;estructura en sis tallers tem\u00e0tics que tenen com a objectiu la familiaritzaci\u00f3 amb el llenguatge visual, la interpretaci\u00f3 d&#8217;imatges seq\u00fcencials i la descoberta de diferents narratives gr\u00e0fiques. Cadascun dels tallers va dedicat a una tipologia concreta d&#8217;\u00e0lbum sense mots: des de relats circulars fins a hist\u00f2ries que van cap endavant i cap endarrere o \u00e0lbums que expliquen simult\u00e0niament diverses hist\u00f2ries, i inclou orientacions metodol\u00f2giques, activitats aplicables a diferents edats, bibliografia recomanada i fotografies reals de la pr\u00e0ctica educativa que l&#8217;autora ha dut a terme al llarg de la seva traject\u00f2ria.<\/p>\n\n\n\n<p>D&#8217;aquesta manera, doncs, Bosch ens convida a redescobrir la lectura com una experi\u00e8ncia col\u00b7lectiva transformadora on cada lector pot posar veu, context i emoci\u00f3 a all\u00f2 que llegeix. Perqu\u00e8 llegir tamb\u00e9 \u00e9s mirar, comprendre, connectar i imaginar.<\/p>\n<\/div>\n<\/div>\n","protected":false},"excerpt":{"rendered":"<p><a href=\"https:\/\/projectes.xtec.cat\/bescat\/wp-content\/uploads\/usu793\/2025\/09\/Sense-paraules-scaled.jpg\"><\/a><\/p>\n<p>Sense paraules: sis tallers de lectura d&#8217;\u00e0lbums sense mots per a totes les edats \u00e9s, per sobre de tot, un llibre pr\u00e0ctic i inspirador. En un temps en qu\u00e8 la imatge cada vegada t\u00e9 m\u00e9s protagonisme, Emma Bosch, professora de la Universitat de Barcelona&hellip;  <a href=\"https:\/\/projectes.xtec.cat\/bescat\/general\/sense-paraules-sis-tallers-de-lectura-dalbums-sense-mots-per-a-totes-les-edats\/\" title=\"Read Sense paraules: sis tallers de lectura d&#8217;\u00e0lbums sense mots per a totes les edats\">Llegeix m\u00e9s\u00bb<\/a><\/p>\n","protected":false},"author":133,"featured_media":15863,"comment_status":"open","ping_status":"open","sticky":false,"template":"","format":"standard","meta":{"_bbp_topic_count":0,"_bbp_reply_count":0,"_bbp_total_topic_count":0,"_bbp_total_reply_count":0,"_bbp_voice_count":0,"_bbp_anonymous_reply_count":0,"_bbp_topic_count_hidden":0,"_bbp_reply_count_hidden":0,"_bbp_forum_subforum_count":0,"footnotes":""},"categories":[1,458,379,29],"tags":[376],"class_list":["post-15862","post","type-post","status-publish","format-standard","has-post-thumbnail","hentry","category-general","category-llibres-de-capcalera","category-noticies","category-portada","tag-biblioteca-escolar"],"post_mailing_queue_ids":[],"_links":{"self":[{"href":"https:\/\/projectes.xtec.cat\/bescat\/wp-json\/wp\/v2\/posts\/15862","targetHints":{"allow":["GET"]}}],"collection":[{"href":"https:\/\/projectes.xtec.cat\/bescat\/wp-json\/wp\/v2\/posts"}],"about":[{"href":"https:\/\/projectes.xtec.cat\/bescat\/wp-json\/wp\/v2\/types\/post"}],"author":[{"embeddable":true,"href":"https:\/\/projectes.xtec.cat\/bescat\/wp-json\/wp\/v2\/users\/133"}],"replies":[{"embeddable":true,"href":"https:\/\/projectes.xtec.cat\/bescat\/wp-json\/wp\/v2\/comments?post=15862"}],"version-history":[{"count":6,"href":"https:\/\/projectes.xtec.cat\/bescat\/wp-json\/wp\/v2\/posts\/15862\/revisions"}],"predecessor-version":[{"id":15870,"href":"https:\/\/projectes.xtec.cat\/bescat\/wp-json\/wp\/v2\/posts\/15862\/revisions\/15870"}],"wp:featuredmedia":[{"embeddable":true,"href":"https:\/\/projectes.xtec.cat\/bescat\/wp-json\/wp\/v2\/media\/15863"}],"wp:attachment":[{"href":"https:\/\/projectes.xtec.cat\/bescat\/wp-json\/wp\/v2\/media?parent=15862"}],"wp:term":[{"taxonomy":"category","embeddable":true,"href":"https:\/\/projectes.xtec.cat\/bescat\/wp-json\/wp\/v2\/categories?post=15862"},{"taxonomy":"post_tag","embeddable":true,"href":"https:\/\/projectes.xtec.cat\/bescat\/wp-json\/wp\/v2\/tags?post=15862"}],"curies":[{"name":"wp","href":"https:\/\/api.w.org\/{rel}","templated":true}]}}