{"id":16096,"date":"2025-11-05T11:15:02","date_gmt":"2025-11-05T10:15:02","guid":{"rendered":"https:\/\/projectes.xtec.cat\/bescat\/?p=16096"},"modified":"2025-11-05T11:15:02","modified_gmt":"2025-11-05T10:15:02","slug":"bones-practiques-itinerari-lector","status":"publish","type":"post","link":"https:\/\/projectes.xtec.cat\/bescat\/general\/bones-practiques-itinerari-lector\/","title":{"rendered":"Bones pr\u00e0ctiques: Itinerari lector"},"content":{"rendered":"\n<div class=\"wp-block-media-text is-stacked-on-mobile\"><figure class=\"wp-block-media-text__media\"><a href=\"https:\/\/view.genially.com\/6731f4a2e753c4d9c4487fb1\/interactive-content-itinerari-lector\" target=\"_blank\" rel=\" noreferrer noopener\"><img loading=\"lazy\" decoding=\"async\" width=\"1024\" height=\"574\" src=\"https:\/\/projectes.xtec.cat\/bescat\/wp-content\/uploads\/usu793\/2025\/11\/ItinerariBaixEmporda-1024x574.png\" alt=\"\" class=\"wp-image-16097 size-full\" srcset=\"https:\/\/projectes.xtec.cat\/bescat\/wp-content\/uploads\/usu793\/2025\/11\/ItinerariBaixEmporda-1024x574.png 1024w, https:\/\/projectes.xtec.cat\/bescat\/wp-content\/uploads\/usu793\/2025\/11\/ItinerariBaixEmporda-300x168.png 300w, https:\/\/projectes.xtec.cat\/bescat\/wp-content\/uploads\/usu793\/2025\/11\/ItinerariBaixEmporda-768x430.png 768w, https:\/\/projectes.xtec.cat\/bescat\/wp-content\/uploads\/usu793\/2025\/11\/ItinerariBaixEmporda-1536x861.png 1536w, https:\/\/projectes.xtec.cat\/bescat\/wp-content\/uploads\/usu793\/2025\/11\/ItinerariBaixEmporda.png 1547w\" sizes=\"auto, (max-width: 1024px) 100vw, 1024px\" \/><\/a><\/figure><div class=\"wp-block-media-text__content\">\n<p>Seminari de Biblioteques Escolars del Baix Empord\u00e0<\/p>\n\n\n\n<p>Seminaris i grups de treball de BE<\/p>\n\n\n\n<p>Infantil, Prim\u00e0ria<\/p>\n\n\n\n<p>Objectius:<\/p>\n\n\n\n<p>Elaborar un itinerari lector col\u00b7lectiu seguint les recomanacions de les guies de lectura liter\u00e0ria a infantil i a prim\u00e0ria del Departament d&#8217;Educaci\u00f3.<\/p>\n<\/div><\/div>\n\n\n\n<div style=\"height:36px\" aria-hidden=\"true\" class=\"wp-block-spacer\"><\/div>\n\n\n\n<p>Us compartim&nbsp;<a href=\"https:\/\/view.genially.com\/6731f4a2e753c4d9c4487fb1\/interactive-content-itinerari-lector\" target=\"_blank\" rel=\"noreferrer noopener\">un itinerari lector col\u00b7lectiu&nbsp;<\/a>elaborat en el marc del seminari de biblioteques escolars del Baix Empord\u00e0. Per a la seva confecci\u00f3, s&#8217;han basat en les <em><a href=\"https:\/\/projectes.xtec.cat\/educacio-literaria\/general\/la-lectura-literaria-de-0-a-18-anys-enregistraments-i-materials-didactics\/\" data-type=\"link\" data-id=\"https:\/\/projectes.xtec.cat\/educacio-literaria\/general\/la-lectura-literaria-de-0-a-18-anys-enregistraments-i-materials-didactics\/\" target=\"_blank\" rel=\"noreferrer noopener\">Orientacions per a l&#8217;ensenyament de la literatura<\/a><\/em> per a infantil i prim\u00e0ria del Departament d\u2019Educaci\u00f3. Per aquest motiu, han seleccionat llibres de diverses tipologies, aix\u00ed com amb diferents tipus de lletra (sense text, lletra de pal, lletra d\u2019impremta, etc.). Tamb\u00e9 han procurat que hi estiguin representats els sis vectors del curr\u00edculum. Clicant sobre les diferents etapes o cicles, accedireu a la selecci\u00f3 de llibres recomanats. Al final de la presentaci\u00f3, trobareu la simbologia corresponent a les diverses tipologies, i din\u00e0miques lectores per a cada cicle.<\/p>\n\n\n\n<div class=\"wp-block-buttons is-layout-flex wp-block-buttons-is-layout-flex\">\n<div class=\"wp-block-button has-custom-width wp-block-button__width-25 has-custom-font-size has-small-font-size\"><a class=\"wp-block-button__link has-white-color has-text-color has-background has-link-color wp-element-button\" href=\"https:\/\/serveiseducatius.xtec.cat\/baixemporda\/general\/itinerari-lector-2\/\" style=\"background-color:#81568a\" target=\"_blank\" rel=\"noreferrer noopener\"><strong>Article original<\/strong><\/a><\/div>\n<\/div>\n\n\n\n<p><\/p>\n","protected":false},"excerpt":{"rendered":"<p><a href=\"https:\/\/view.genially.com\/6731f4a2e753c4d9c4487fb1\/interactive-content-itinerari-lector\" target=\"_blank\" rel=\" noreferrer noopener\"><\/a><br \/>\nSeminari de Biblioteques Escolars del Baix Empord\u00e0<\/p>\n<p>Seminaris i grups de treball de BE<\/p>\n<p>Infantil, Prim\u00e0ria<\/p>\n<p>Objectius:<\/p>\n<p>Elaborar un itinerari lector col\u00b7lectiu seguint les recomanacions de les guies de lectura liter\u00e0ria a infantil i a prim\u00e0ria del Departament d&#8217;Educaci\u00f3.<\/p>\n<p>Us compartim&nbsp;<a href=\"https:\/\/view.genially.com\/6731f4a2e753c4d9c4487fb1\/interactive-content-itinerari-lector\" target=\"_blank\" rel=\"noreferrer noopener\">un&hellip;  <a href=\"https:\/\/projectes.xtec.cat\/bescat\/general\/bones-practiques-itinerari-lector\/\" title=\"Read Bones pr\u00e0ctiques: Itinerari lector\">Llegeix m\u00e9s\u00bb<\/a><\/p>\n","protected":false},"author":133,"featured_media":16097,"comment_status":"open","ping_status":"open","sticky":false,"template":"","format":"standard","meta":{"_bbp_topic_count":0,"_bbp_reply_count":0,"_bbp_total_topic_count":0,"_bbp_total_reply_count":0,"_bbp_voice_count":0,"_bbp_anonymous_reply_count":0,"_bbp_topic_count_hidden":0,"_bbp_reply_count_hidden":0,"_bbp_forum_subforum_count":0,"footnotes":""},"categories":[1,287,539,379,29,288],"tags":[472],"class_list":["post-16096","post","type-post","status-publish","format-standard","has-post-thumbnail","hentry","category-general","category-infantil","category-linia-seminaris-i-grups-de-treball","category-noticies","category-portada","category-primaria","tag-bones-practiques"],"post_mailing_queue_ids":[],"_links":{"self":[{"href":"https:\/\/projectes.xtec.cat\/bescat\/wp-json\/wp\/v2\/posts\/16096","targetHints":{"allow":["GET"]}}],"collection":[{"href":"https:\/\/projectes.xtec.cat\/bescat\/wp-json\/wp\/v2\/posts"}],"about":[{"href":"https:\/\/projectes.xtec.cat\/bescat\/wp-json\/wp\/v2\/types\/post"}],"author":[{"embeddable":true,"href":"https:\/\/projectes.xtec.cat\/bescat\/wp-json\/wp\/v2\/users\/133"}],"replies":[{"embeddable":true,"href":"https:\/\/projectes.xtec.cat\/bescat\/wp-json\/wp\/v2\/comments?post=16096"}],"version-history":[{"count":5,"href":"https:\/\/projectes.xtec.cat\/bescat\/wp-json\/wp\/v2\/posts\/16096\/revisions"}],"predecessor-version":[{"id":16104,"href":"https:\/\/projectes.xtec.cat\/bescat\/wp-json\/wp\/v2\/posts\/16096\/revisions\/16104"}],"wp:featuredmedia":[{"embeddable":true,"href":"https:\/\/projectes.xtec.cat\/bescat\/wp-json\/wp\/v2\/media\/16097"}],"wp:attachment":[{"href":"https:\/\/projectes.xtec.cat\/bescat\/wp-json\/wp\/v2\/media?parent=16096"}],"wp:term":[{"taxonomy":"category","embeddable":true,"href":"https:\/\/projectes.xtec.cat\/bescat\/wp-json\/wp\/v2\/categories?post=16096"},{"taxonomy":"post_tag","embeddable":true,"href":"https:\/\/projectes.xtec.cat\/bescat\/wp-json\/wp\/v2\/tags?post=16096"}],"curies":[{"name":"wp","href":"https:\/\/api.w.org\/{rel}","templated":true}]}}