{"id":16199,"date":"2025-11-19T11:12:35","date_gmt":"2025-11-19T10:12:35","guid":{"rendered":"https:\/\/projectes.xtec.cat\/bescat\/?p=16199"},"modified":"2025-11-19T11:13:49","modified_gmt":"2025-11-19T10:13:49","slug":"bibliotip-imatgiaris","status":"publish","type":"post","link":"https:\/\/projectes.xtec.cat\/bescat\/general\/bibliotip-imatgiaris\/","title":{"rendered":"Bibliotip: Imatgiaris"},"content":{"rendered":"\n<div class=\"wp-block-columns is-layout-flex wp-container-core-columns-is-layout-1 wp-block-columns-is-layout-flex\">\n<div class=\"wp-block-column is-layout-flow wp-block-column-is-layout-flow\">\n<figure class=\"wp-block-image size-large\"><a href=\"https:\/\/youtu.be\/HszteFZ3Lg4\" target=\"_blank\" rel=\" noreferrer noopener\"><img loading=\"lazy\" decoding=\"async\" width=\"1024\" height=\"576\" src=\"https:\/\/projectes.xtec.cat\/bescat\/wp-content\/uploads\/usu793\/2025\/11\/Imatgiaris-1024x576.jpg\" alt=\"\" class=\"wp-image-16200\" srcset=\"https:\/\/projectes.xtec.cat\/bescat\/wp-content\/uploads\/usu793\/2025\/11\/Imatgiaris-1024x576.jpg 1024w, https:\/\/projectes.xtec.cat\/bescat\/wp-content\/uploads\/usu793\/2025\/11\/Imatgiaris-300x169.jpg 300w, https:\/\/projectes.xtec.cat\/bescat\/wp-content\/uploads\/usu793\/2025\/11\/Imatgiaris-768x432.jpg 768w, https:\/\/projectes.xtec.cat\/bescat\/wp-content\/uploads\/usu793\/2025\/11\/Imatgiaris-1536x864.jpg 1536w, https:\/\/projectes.xtec.cat\/bescat\/wp-content\/uploads\/usu793\/2025\/11\/Imatgiaris.jpg 1920w\" sizes=\"auto, (max-width: 1024px) 100vw, 1024px\" \/><\/a><\/figure>\n<\/div>\n\n\n\n<div class=\"wp-block-column is-layout-flow wp-block-column-is-layout-flow\">\n<p>Us presentem un&nbsp;<a href=\"https:\/\/youtu.be\/HszteFZ3Lg4\" target=\"_blank\" rel=\"noreferrer noopener\"><strong>Bibliotip nou: Imatgiaris<\/strong><\/a><\/p>\n\n\n\n<p>Els Bibliotips s\u00f3n presentacions breus de conceptes b\u00e0sics del m\u00f3n del llibre i de la biblioteca escolar creades per l\u2019equip del Programa de biblioteques escolars,&nbsp;en el marc del Pla de millora de biblioteques escolars PLAMIB, i un recurs per als centres educatius i tota la comunitat educativa.<\/p>\n\n\n\n<p><a href=\"https:\/\/youtu.be\/HszteFZ3Lg4\" target=\"_blank\" rel=\"noreferrer noopener\">Enlla\u00e7 Bibliotip amb \u00e0udio<\/a><\/p>\n\n\n\n<p><a href=\"https:\/\/drive.google.com\/file\/d\/1kPJOq1xDyQF2fRi-I44Jyhg4loqSF-b4\/view?usp=sharing\" target=\"_blank\" rel=\"noreferrer noopener\">Enlla\u00e7 document pdf<\/a><\/p>\n\n\n\n<p><a href=\"https:\/\/view.genially.com\/684f04d0b8b5e33ca35b2352\/guide-bibliotips\" target=\"_blank\" rel=\"noreferrer noopener\">Bibliotips publicats<\/a><\/p>\n<\/div>\n<\/div>\n","protected":false},"excerpt":{"rendered":"<p><a href=\"https:\/\/youtu.be\/HszteFZ3Lg4\" target=\"_blank\" rel=\" noreferrer noopener\"><\/a><\/p>\n<p>Us presentem un&nbsp;<a href=\"https:\/\/youtu.be\/HszteFZ3Lg4\" target=\"_blank\" rel=\"noreferrer noopener\">Bibliotip nou: Imatgiaris<\/a><\/p>\n<p>Els Bibliotips s\u00f3n presentacions breus de conceptes b\u00e0sics del m\u00f3n del llibre i de la biblioteca escolar creades per l\u2019equip del Programa de biblioteques escolars,&nbsp;en el marc del Pla de millora de&hellip;  <a href=\"https:\/\/projectes.xtec.cat\/bescat\/general\/bibliotip-imatgiaris\/\" title=\"Read Bibliotip: Imatgiaris\">Llegeix m\u00e9s\u00bb<\/a><\/p>\n","protected":false},"author":133,"featured_media":16200,"comment_status":"open","ping_status":"open","sticky":false,"template":"","format":"standard","meta":{"_bbp_topic_count":0,"_bbp_reply_count":0,"_bbp_total_topic_count":0,"_bbp_total_reply_count":0,"_bbp_voice_count":0,"_bbp_anonymous_reply_count":0,"_bbp_topic_count_hidden":0,"_bbp_reply_count_hidden":0,"_bbp_forum_subforum_count":0,"footnotes":""},"categories":[529,545,1,379,29,76],"tags":[376,535,530],"class_list":["post-16199","post","type-post","status-publish","format-standard","has-post-thumbnail","hentry","category-bibliotips","category-bibliotips-bibliotips","category-general","category-noticies","category-portada","category-recursos","tag-biblioteca-escolar","tag-bibliotips","tag-plamib"],"post_mailing_queue_ids":[],"_links":{"self":[{"href":"https:\/\/projectes.xtec.cat\/bescat\/wp-json\/wp\/v2\/posts\/16199","targetHints":{"allow":["GET"]}}],"collection":[{"href":"https:\/\/projectes.xtec.cat\/bescat\/wp-json\/wp\/v2\/posts"}],"about":[{"href":"https:\/\/projectes.xtec.cat\/bescat\/wp-json\/wp\/v2\/types\/post"}],"author":[{"embeddable":true,"href":"https:\/\/projectes.xtec.cat\/bescat\/wp-json\/wp\/v2\/users\/133"}],"replies":[{"embeddable":true,"href":"https:\/\/projectes.xtec.cat\/bescat\/wp-json\/wp\/v2\/comments?post=16199"}],"version-history":[{"count":4,"href":"https:\/\/projectes.xtec.cat\/bescat\/wp-json\/wp\/v2\/posts\/16199\/revisions"}],"predecessor-version":[{"id":16204,"href":"https:\/\/projectes.xtec.cat\/bescat\/wp-json\/wp\/v2\/posts\/16199\/revisions\/16204"}],"wp:featuredmedia":[{"embeddable":true,"href":"https:\/\/projectes.xtec.cat\/bescat\/wp-json\/wp\/v2\/media\/16200"}],"wp:attachment":[{"href":"https:\/\/projectes.xtec.cat\/bescat\/wp-json\/wp\/v2\/media?parent=16199"}],"wp:term":[{"taxonomy":"category","embeddable":true,"href":"https:\/\/projectes.xtec.cat\/bescat\/wp-json\/wp\/v2\/categories?post=16199"},{"taxonomy":"post_tag","embeddable":true,"href":"https:\/\/projectes.xtec.cat\/bescat\/wp-json\/wp\/v2\/tags?post=16199"}],"curies":[{"name":"wp","href":"https:\/\/api.w.org\/{rel}","templated":true}]}}