{"id":16417,"date":"2026-02-12T09:46:29","date_gmt":"2026-02-12T08:46:29","guid":{"rendered":"https:\/\/projectes.xtec.cat\/bescat\/?p=16417"},"modified":"2026-02-27T12:09:59","modified_gmt":"2026-02-27T11:09:59","slug":"bones-practiques-format-contra-la-desinformacio","status":"publish","type":"post","link":"https:\/\/projectes.xtec.cat\/bescat\/general\/bones-practiques-format-contra-la-desinformacio\/","title":{"rendered":"Bones pr\u00e0ctiques: Forma&#8217;t contra la desinformaci\u00f3"},"content":{"rendered":"\n<div class=\"wp-block-media-text is-stacked-on-mobile\"><figure class=\"wp-block-media-text__media\"><img loading=\"lazy\" decoding=\"async\" width=\"768\" height=\"576\" src=\"https:\/\/projectes.xtec.cat\/bescat\/wp-content\/uploads\/usu793\/2026\/02\/CRP-Badalona01.jpg\" alt=\"\" class=\"wp-image-16418 size-full\" srcset=\"https:\/\/projectes.xtec.cat\/bescat\/wp-content\/uploads\/usu793\/2026\/02\/CRP-Badalona01.jpg 768w, https:\/\/projectes.xtec.cat\/bescat\/wp-content\/uploads\/usu793\/2026\/02\/CRP-Badalona01-300x225.jpg 300w, https:\/\/projectes.xtec.cat\/bescat\/wp-content\/uploads\/usu793\/2026\/02\/CRP-Badalona01-200x150.jpg 200w\" sizes=\"auto, (max-width: 768px) 100vw, 768px\" \/><\/figure><div class=\"wp-block-media-text__content\">\n<p>CRP Ciutat de Badalona<\/p>\n\n\n\n<p>L\u00ednia 5: La biblioteca escolar com a agent d\u2019impuls i participaci\u00f3 activa a la cultura digital<\/p>\n\n\n\n<p>Infantil, Prim\u00e0ria, ESO, Batxillerat, Formaci\u00f3 professional, Educaci\u00f3 d&#8217;adults<\/p>\n\n\n\n<p>Objectius:<\/p>\n\n\n\n<ul class=\"wp-block-list\">\n<li>Formar docents i alumnat en conceptes b\u00e0sics de desinformaci\u00f3, fake news, rumors, etc. fent servir un m\u00e8tode de formaci\u00f3 en cascada i generant espais de debat entre alumnat i professorat.<\/li>\n<\/ul>\n<\/div><\/div>\n\n\n\n<div style=\"height:20px\" aria-hidden=\"true\" class=\"wp-block-spacer\"><\/div>\n\n\n\n<ul class=\"wp-block-list\">\n<li>Facilitar eines per localitzar, avaluar i desmentir informaci\u00f3 err\u00f2nia o maliciosa, i conscienciar sobre la responsabilitat de compartir i difondre aquest tipus d\u2019informaci\u00f3.<\/li>\n\n\n\n<li>Promoure la col\u00b7laboraci\u00f3 entre el personal de les biblioteques i centres de recursos pedag\u00f2gics del municipi i de poblacions properes per compartir recursos, experi\u00e8ncies, din\u00e0miques, aix\u00ed com crear xarxes col\u00b7laboratives amb altres entitats.<\/li>\n<\/ul>\n\n\n\n<p>El personal de tots els equips del Servei Educatiu de Badalona ha participat en una formaci\u00f3 gamificada sobre desinformaci\u00f3 i eines de verificaci\u00f3, dins del projecte internacional Media and Information Literacy, Community Connections (MILCC).<\/p>\n\n\n\n<figure class=\"wp-block-image size-large\"><a href=\"https:\/\/projectes.xtec.cat\/bescat\/wp-content\/uploads\/usu793\/2026\/02\/CRP-Badalona02.png\"><img loading=\"lazy\" decoding=\"async\" width=\"1024\" height=\"220\" src=\"https:\/\/projectes.xtec.cat\/bescat\/wp-content\/uploads\/usu793\/2026\/02\/CRP-Badalona02-1024x220.png\" alt=\"\" class=\"wp-image-16419\" srcset=\"https:\/\/projectes.xtec.cat\/bescat\/wp-content\/uploads\/usu793\/2026\/02\/CRP-Badalona02-1024x220.png 1024w, https:\/\/projectes.xtec.cat\/bescat\/wp-content\/uploads\/usu793\/2026\/02\/CRP-Badalona02-300x64.png 300w, https:\/\/projectes.xtec.cat\/bescat\/wp-content\/uploads\/usu793\/2026\/02\/CRP-Badalona02-768x165.png 768w, https:\/\/projectes.xtec.cat\/bescat\/wp-content\/uploads\/usu793\/2026\/02\/CRP-Badalona02.png 1090w\" sizes=\"auto, (max-width: 1024px) 100vw, 1024px\" \/><\/a><\/figure>\n\n\n\n<div style=\"height:57px\" aria-hidden=\"true\" class=\"wp-block-spacer\"><\/div>\n\n\n\n<div class=\"wp-block-media-text has-media-on-the-right is-stacked-on-mobile\" style=\"grid-template-columns:auto 37%\"><div class=\"wp-block-media-text__content\">\n<p>Professionals de les biblioteques p\u00fabliques i escolars de la Ciutat de Badalona s\u2019han unit per participar en aquest projecte europeu, per tal de millorar les compet\u00e8ncies en alfabetitzaci\u00f3 medi\u00e0tica i informacional de la nostra comunitat. El projecte va ser un dels<a href=\"https:\/\/learntocheck.org\/item\/50-bibliotecas-espanolas-disenan-actividades-de-ami-con-learn-to-check\/\" target=\"_blank\" rel=\"noreferrer noopener\">&nbsp;50 seleccionats en l\u2019\u00e0mbit del territori espanyol<\/a>&nbsp;per participar gr\u00e0cies a la coalici\u00f3 entre ambd\u00f3s sistemes de biblioteques.<\/p>\n<\/div><figure class=\"wp-block-media-text__media\"><img loading=\"lazy\" decoding=\"async\" width=\"768\" height=\"576\" src=\"https:\/\/projectes.xtec.cat\/bescat\/wp-content\/uploads\/usu793\/2026\/02\/CRP-Badalona03-1.jpg\" alt=\"\" class=\"wp-image-16421 size-full\" srcset=\"https:\/\/projectes.xtec.cat\/bescat\/wp-content\/uploads\/usu793\/2026\/02\/CRP-Badalona03-1.jpg 768w, https:\/\/projectes.xtec.cat\/bescat\/wp-content\/uploads\/usu793\/2026\/02\/CRP-Badalona03-1-300x225.jpg 300w, https:\/\/projectes.xtec.cat\/bescat\/wp-content\/uploads\/usu793\/2026\/02\/CRP-Badalona03-1-200x150.jpg 200w\" sizes=\"auto, (max-width: 768px) 100vw, 768px\" \/><\/figure><\/div>\n\n\n\n<div style=\"height:30px\" aria-hidden=\"true\" class=\"wp-block-spacer\"><\/div>\n\n\n\n<div class=\"wp-block-media-text is-stacked-on-mobile\" style=\"grid-template-columns:30% auto\"><figure class=\"wp-block-media-text__media\"><img loading=\"lazy\" decoding=\"async\" width=\"768\" height=\"1024\" src=\"https:\/\/projectes.xtec.cat\/bescat\/wp-content\/uploads\/usu793\/2026\/02\/CRP-Badalona04-768x1024.jpg\" alt=\"\" class=\"wp-image-16422 size-full\" srcset=\"https:\/\/projectes.xtec.cat\/bescat\/wp-content\/uploads\/usu793\/2026\/02\/CRP-Badalona04-768x1024.jpg 768w, https:\/\/projectes.xtec.cat\/bescat\/wp-content\/uploads\/usu793\/2026\/02\/CRP-Badalona04-225x300.jpg 225w, https:\/\/projectes.xtec.cat\/bescat\/wp-content\/uploads\/usu793\/2026\/02\/CRP-Badalona04.jpg 960w\" sizes=\"auto, (max-width: 768px) 100vw, 768px\" \/><\/figure><div class=\"wp-block-media-text__content\">\n<p>Aquesta formaci\u00f3 s\u2019ha tradu\u00eft en l\u2019adaptaci\u00f3 d\u2019un <em>scape room<\/em> sobre desinformaci\u00f3 que s\u2019oferir\u00e0 als centres educatius com a formaci\u00f3 per al seu claustre, la generaci\u00f3 de materials de suport per oferir als centres i la creaci\u00f3 d\u2019un nou fons bibliogr\u00e0fic de suport a la biblioteca central Can Casacuberta, a disposici\u00f3 del p\u00fablic en general.<\/p>\n\n\n\n<p>El pilotatge de l\u2019<em>scape room<\/em> s\u2019ha dut a terme amb els equips de treball que conformen els Serveis Educatius Ciutat de Badalona: EAP, ELIC, CRP i una representaci\u00f3 del CREDA Barcelon\u00e8s.<\/p>\n<\/div><\/div>\n\n\n\n<div style=\"height:42px\" aria-hidden=\"true\" class=\"wp-block-spacer\"><\/div>\n\n\n\n<div class=\"wp-block-buttons is-layout-flex wp-block-buttons-is-layout-flex\">\n<div class=\"wp-block-button has-custom-width wp-block-button__width-25 has-custom-font-size has-small-font-size\"><a class=\"wp-block-button__link has-white-color has-text-color has-background has-link-color wp-element-button\" href=\"https:\/\/serveiseducatius.xtec.cat\/badalona\/general\/formacio-del-professorat-en-desinformacio-i-eines-de-verificacio-dins-del-projecte-milcc\/\" style=\"background-color:#81568a\" target=\"_blank\" rel=\"noreferrer noopener\"><strong>Article original<\/strong><\/a><\/div>\n<\/div>\n\n\n\n<p><\/p>\n","protected":false},"excerpt":{"rendered":"<p>CRP Ciutat de Badalona<\/p>\n<p>L\u00ednia 5: La biblioteca escolar com a agent d\u2019impuls i participaci\u00f3 activa a la cultura digital<\/p>\n<p>Infantil, Prim\u00e0ria, ESO, Batxillerat, Formaci\u00f3 professional, Educaci\u00f3 d&#8217;adults<\/p>\n<p>Objectius:<\/p>\n<ul class=\"wp-block-list\">\n<li>Formar docents i alumnat en conceptes b\u00e0sics de desinformaci\u00f3, fake news, rumors, etc. fent servir un m\u00e8tode de formaci\u00f3&hellip;  <a href=\"https:\/\/projectes.xtec.cat\/bescat\/general\/bones-practiques-format-contra-la-desinformacio\/\" title=\"Read Bones pr\u00e0ctiques: Forma&#8217;t contra la desinformaci\u00f3\">Llegeix m\u00e9s\u00bb<\/a><br \/>\n","protected":false},"author":133,"featured_media":16418,"comment_status":"open","ping_status":"open","sticky":false,"template":"","format":"standard","meta":{"_bbp_topic_count":0,"_bbp_reply_count":0,"_bbp_total_topic_count":0,"_bbp_total_reply_count":0,"_bbp_voice_count":0,"_bbp_anonymous_reply_count":0,"_bbp_topic_count_hidden":0,"_bbp_reply_count_hidden":0,"_bbp_forum_subforum_count":0,"footnotes":""},"categories":[290,289,154,292,1,555,287,299,379,29,288],"tags":[472,530],"class_list":["post-16417","post","type-post","status-publish","format-standard","has-post-thumbnail","hentry","category-batxillerat","category-eso","category-formacio","category-formacio-professional","category-general","category-infantil-2","category-infantil","category-l5","category-noticies","category-portada","category-primaria","tag-bones-practiques","tag-plamib"],"post_mailing_queue_ids":[],"_links":{"self":[{"href":"https:\/\/projectes.xtec.cat\/bescat\/wp-json\/wp\/v2\/posts\/16417","targetHints":{"allow":["GET"]}}],"collection":[{"href":"https:\/\/projectes.xtec.cat\/bescat\/wp-json\/wp\/v2\/posts"}],"about":[{"href":"https:\/\/projectes.xtec.cat\/bescat\/wp-json\/wp\/v2\/types\/post"}],"author":[{"embeddable":true,"href":"https:\/\/projectes.xtec.cat\/bescat\/wp-json\/wp\/v2\/users\/133"}],"replies":[{"embeddable":true,"href":"https:\/\/projectes.xtec.cat\/bescat\/wp-json\/wp\/v2\/comments?post=16417"}],"version-history":[{"count":6,"href":"https:\/\/projectes.xtec.cat\/bescat\/wp-json\/wp\/v2\/posts\/16417\/revisions"}],"predecessor-version":[{"id":16439,"href":"https:\/\/projectes.xtec.cat\/bescat\/wp-json\/wp\/v2\/posts\/16417\/revisions\/16439"}],"wp:featuredmedia":[{"embeddable":true,"href":"https:\/\/projectes.xtec.cat\/bescat\/wp-json\/wp\/v2\/media\/16418"}],"wp:attachment":[{"href":"https:\/\/projectes.xtec.cat\/bescat\/wp-json\/wp\/v2\/media?parent=16417"}],"wp:term":[{"taxonomy":"category","embeddable":true,"href":"https:\/\/projectes.xtec.cat\/bescat\/wp-json\/wp\/v2\/categories?post=16417"},{"taxonomy":"post_tag","embeddable":true,"href":"https:\/\/projectes.xtec.cat\/bescat\/wp-json\/wp\/v2\/tags?post=16417"}],"curies":[{"name":"wp","href":"https:\/\/api.w.org\/{rel}","templated":true}]}}