{"id":16577,"date":"2026-03-26T09:23:30","date_gmt":"2026-03-26T08:23:30","guid":{"rendered":"https:\/\/projectes.xtec.cat\/bescat\/?p=16577"},"modified":"2026-03-26T09:49:59","modified_gmt":"2026-03-26T08:49:59","slug":"bones-practiques-nenes-i-dones-a-la-ciencia","status":"publish","type":"post","link":"https:\/\/projectes.xtec.cat\/bescat\/general\/bones-practiques-nenes-i-dones-a-la-ciencia\/","title":{"rendered":"Bones pr\u00e0ctiques: Nenes i dones a la ci\u00e8ncia"},"content":{"rendered":"\n<div class=\"wp-block-media-text is-stacked-on-mobile\"><figure class=\"wp-block-media-text__media\"><img loading=\"lazy\" decoding=\"async\" width=\"1024\" height=\"768\" src=\"https:\/\/projectes.xtec.cat\/bescat\/wp-content\/uploads\/usu793\/2026\/03\/Mar1-1024x768.jpeg\" alt=\"\" class=\"wp-image-16578 size-full\" srcset=\"https:\/\/projectes.xtec.cat\/bescat\/wp-content\/uploads\/usu793\/2026\/03\/Mar1-1024x768.jpeg 1024w, https:\/\/projectes.xtec.cat\/bescat\/wp-content\/uploads\/usu793\/2026\/03\/Mar1-300x225.jpeg 300w, https:\/\/projectes.xtec.cat\/bescat\/wp-content\/uploads\/usu793\/2026\/03\/Mar1-768x576.jpeg 768w, https:\/\/projectes.xtec.cat\/bescat\/wp-content\/uploads\/usu793\/2026\/03\/Mar1-200x150.jpeg 200w, https:\/\/projectes.xtec.cat\/bescat\/wp-content\/uploads\/usu793\/2026\/03\/Mar1.jpeg 1536w\" sizes=\"auto, (max-width: 1024px) 100vw, 1024px\" \/><\/figure><div class=\"wp-block-media-text__content\">\n<p>Escola del Mar (Barcelona)<\/p>\n\n\n\n<p>L\u00ednia 3: La biblioteca escolar com a agent dinamitzador cultural del centre<\/p>\n\n\n\n<p>Infantil, Prim\u00e0ria<\/p>\n\n\n\n<p>Objectius:<\/p>\n\n\n\n<ul class=\"wp-block-list\">\n<li>Dinamitzar la biblioteca com a font d&#8217;informaci\u00f3 i centre cultural de l&#8217;escola.<\/li>\n\n\n\n<li>Visibilitzar i apropar els infants a diferents hist\u00f2ries de dones valentes i importants que van fer grans descobriments cient\u00edfics.<\/li>\n\n\n\n<li>Vetllar per la igualtat d&#8217;oportunitats, sense discriminaci\u00f3 de g\u00e8nere.<\/li>\n<\/ul>\n\n\n\n<p><\/p>\n<\/div><\/div>\n\n\n\n<p>La comissi\u00f3 de biblioteca de l&#8217;escola del Mar ha preparat una exposici\u00f3 de llibres, biografies, contes i material complementari per treballar a les diferents classes de l\u2019escola. L\u2019exposici\u00f3 fa refer\u00e8ncia a dones que han destacat al m\u00f3n de la ci\u00e8ncia, amb l\u2019objectiu d\u2019apropar la ci\u00e8ncia als alumnes, sense discriminaci\u00f3 de g\u00e8nere.<\/p>\n\n\n\n<div class=\"wp-block-columns is-layout-flex wp-container-core-columns-is-layout-1 wp-block-columns-is-layout-flex\">\n<div class=\"wp-block-column is-layout-flow wp-block-column-is-layout-flow\">\n<p>La biblioteca escolar ha comptat amb la participaci\u00f3 d\u2019alguns infants que formen part de la comissi\u00f3 de biblioteca (vida social) per fer el cartell de l\u2019exposici\u00f3. Han fet servir llibres de la pr\u00f2pia biblioteca i ho han complementat amb un lot de llibres de la&nbsp;<a href=\"https:\/\/ajuntament.barcelona.cat\/biblioteques\/ca\/bibmercerodoreda\/\" target=\"_blank\" rel=\"noreferrer noopener\">Biblioteca Merc\u00e8 Rodoreda<\/a>.<\/p>\n\n\n\n<p>Les diferents classes de l\u2019escola han pogut visitar l\u2019exposici\u00f3, han consultat els llibres i han fet servir el material de propostes i din\u00e0miques relacionades amb l\u2019exposici\u00f3 (Memory, sopes de lletres, escape room, laberints\u2026).<\/p>\n<\/div>\n\n\n\n<div class=\"wp-block-column is-layout-flow wp-block-column-is-layout-flow\">\n<figure class=\"wp-block-image size-full is-resized\"><a href=\"https:\/\/projectes.xtec.cat\/bescat\/wp-content\/uploads\/usu793\/2026\/03\/Mar2.jpg\"><img loading=\"lazy\" decoding=\"async\" width=\"389\" height=\"407\" src=\"https:\/\/projectes.xtec.cat\/bescat\/wp-content\/uploads\/usu793\/2026\/03\/Mar2.jpg\" alt=\"\" class=\"wp-image-16579\" style=\"width:315px;height:auto\" srcset=\"https:\/\/projectes.xtec.cat\/bescat\/wp-content\/uploads\/usu793\/2026\/03\/Mar2.jpg 389w, https:\/\/projectes.xtec.cat\/bescat\/wp-content\/uploads\/usu793\/2026\/03\/Mar2-287x300.jpg 287w\" sizes=\"auto, (max-width: 389px) 100vw, 389px\" \/><\/a><\/figure>\n<\/div>\n<\/div>\n\n\n\n<div class=\"wp-block-buttons is-layout-flex wp-block-buttons-is-layout-flex\">\n<div class=\"wp-block-button has-custom-width wp-block-button__width-25 has-custom-font-size has-small-font-size\"><a class=\"wp-block-button__link has-white-color has-text-color has-background has-link-color wp-element-button\" href=\"https:\/\/agora.xtec.cat\/escoladelmar\/general\/nenes-i-dones-a-la-ciencia\/\" style=\"background-color:#81568a\" target=\"_blank\" rel=\"noreferrer noopener\"><strong>Article original<\/strong><\/a><\/div>\n<\/div>\n\n\n\n<div style=\"height:47px\" aria-hidden=\"true\" class=\"wp-block-spacer\"><\/div>\n","protected":false},"excerpt":{"rendered":"<p>Escola del Mar (Barcelona)<\/p>\n<p>L\u00ednia 3: La biblioteca escolar com a agent dinamitzador cultural del centre<\/p>\n<p>Infantil, Prim\u00e0ria<\/p>\n<p>Objectius:<\/p>\n<ul class=\"wp-block-list\">\n<li>Dinamitzar la biblioteca com a font d&#8217;informaci\u00f3 i centre cultural de l&#8217;escola.<\/li>\n<li>Visibilitzar i apropar els infants a diferents hist\u00f2ries de dones valentes i importants que van fer grans descobriments&hellip;  <a href=\"https:\/\/projectes.xtec.cat\/bescat\/general\/bones-practiques-nenes-i-dones-a-la-ciencia\/\" title=\"Read Bones pr\u00e0ctiques: Nenes i dones a la ci\u00e8ncia\">Llegeix m\u00e9s\u00bb<\/a><br \/>\n","protected":false},"author":133,"featured_media":16578,"comment_status":"open","ping_status":"open","sticky":false,"template":"","format":"standard","meta":{"_bbp_topic_count":0,"_bbp_reply_count":0,"_bbp_total_topic_count":0,"_bbp_total_reply_count":0,"_bbp_voice_count":0,"_bbp_anonymous_reply_count":0,"_bbp_topic_count_hidden":0,"_bbp_reply_count_hidden":0,"_bbp_forum_subforum_count":0,"footnotes":""},"categories":[1,287,297,379,29,288],"tags":[472],"class_list":["post-16577","post","type-post","status-publish","format-standard","has-post-thumbnail","hentry","category-general","category-infantil","category-l3","category-noticies","category-portada","category-primaria","tag-bones-practiques"],"post_mailing_queue_ids":[],"_links":{"self":[{"href":"https:\/\/projectes.xtec.cat\/bescat\/wp-json\/wp\/v2\/posts\/16577","targetHints":{"allow":["GET"]}}],"collection":[{"href":"https:\/\/projectes.xtec.cat\/bescat\/wp-json\/wp\/v2\/posts"}],"about":[{"href":"https:\/\/projectes.xtec.cat\/bescat\/wp-json\/wp\/v2\/types\/post"}],"author":[{"embeddable":true,"href":"https:\/\/projectes.xtec.cat\/bescat\/wp-json\/wp\/v2\/users\/133"}],"replies":[{"embeddable":true,"href":"https:\/\/projectes.xtec.cat\/bescat\/wp-json\/wp\/v2\/comments?post=16577"}],"version-history":[{"count":5,"href":"https:\/\/projectes.xtec.cat\/bescat\/wp-json\/wp\/v2\/posts\/16577\/revisions"}],"predecessor-version":[{"id":16621,"href":"https:\/\/projectes.xtec.cat\/bescat\/wp-json\/wp\/v2\/posts\/16577\/revisions\/16621"}],"wp:featuredmedia":[{"embeddable":true,"href":"https:\/\/projectes.xtec.cat\/bescat\/wp-json\/wp\/v2\/media\/16578"}],"wp:attachment":[{"href":"https:\/\/projectes.xtec.cat\/bescat\/wp-json\/wp\/v2\/media?parent=16577"}],"wp:term":[{"taxonomy":"category","embeddable":true,"href":"https:\/\/projectes.xtec.cat\/bescat\/wp-json\/wp\/v2\/categories?post=16577"},{"taxonomy":"post_tag","embeddable":true,"href":"https:\/\/projectes.xtec.cat\/bescat\/wp-json\/wp\/v2\/tags?post=16577"}],"curies":[{"name":"wp","href":"https:\/\/api.w.org\/{rel}","templated":true}]}}