{"id":16665,"date":"2026-04-24T13:12:22","date_gmt":"2026-04-24T11:12:22","guid":{"rendered":"https:\/\/projectes.xtec.cat\/bescat\/?p=16665"},"modified":"2026-04-24T13:12:23","modified_gmt":"2026-04-24T11:12:23","slug":"bones-practiques-paraules-de-guerra-paraules-de-pau","status":"publish","type":"post","link":"https:\/\/projectes.xtec.cat\/bescat\/general\/bones-practiques-paraules-de-guerra-paraules-de-pau\/","title":{"rendered":"Bones pr\u00e0ctiques: Paraules de guerra-paraules de pau"},"content":{"rendered":"\n<div class=\"wp-block-media-text is-stacked-on-mobile\"><figure class=\"wp-block-media-text__media\"><img loading=\"lazy\" decoding=\"async\" width=\"480\" height=\"640\" src=\"https:\/\/projectes.xtec.cat\/bescat\/wp-content\/uploads\/usu793\/2026\/04\/Font-rubia4.jpg\" alt=\"\" class=\"wp-image-16666 size-full\" srcset=\"https:\/\/projectes.xtec.cat\/bescat\/wp-content\/uploads\/usu793\/2026\/04\/Font-rubia4.jpg 480w, https:\/\/projectes.xtec.cat\/bescat\/wp-content\/uploads\/usu793\/2026\/04\/Font-rubia4-225x300.jpg 225w\" sizes=\"auto, (max-width: 480px) 100vw, 480px\" \/><\/figure><div class=\"wp-block-media-text__content\">\n<p>Escola Font-r\u00fabia (Font-rub\u00ed)<\/p>\n\n\n\n<p>L\u00ednia 4: La biblioteca escolar com a laboratori per liderar i promoure un centre lector<\/p>\n\n\n\n<p>Infantil, Prim\u00e0ria<\/p>\n\n\n\n<p>Objectius:<\/p>\n\n\n\n<ul class=\"wp-block-list\">\n<li>Con\u00e8ixer i promoure la lectura d&#8217;\u00e0lbums il\u00b7lustrats que fan refer\u00e8ncia a la guerra i a la pau.<\/li>\n\n\n\n<li>Adquirir nou vocabulari en refer\u00e8ncia a aquest tema<\/li>\n\n\n\n<li>Reflexionar sobre els missatges impl\u00edcits que podem inferir dels llibres que llegim.<\/li>\n<\/ul>\n\n\n\n<p>Dins de l\u2019eix transversal que aquest curs es treballa a l\u2019escola Font-r\u00fabia,&nbsp;<strong>\u201c<\/strong>Fem cr\u00e9ixer la Pau\u201d&nbsp;, la biblioteca va preparar una din\u00e0mica per ampliar el vocabulari i tenir coneixement m\u00e9s acurat de paraules que sovint&nbsp;els infants els senten per\u00f2 de les quals tenen un significat conf\u00fas o poc clar.<\/p>\n<\/div><\/div>\n\n\n\n<div style=\"height:52px\" aria-hidden=\"true\" class=\"wp-block-spacer\"><\/div>\n\n\n\n<div class=\"wp-block-columns is-layout-flex wp-container-core-columns-is-layout-1 wp-block-columns-is-layout-flex\">\n<div class=\"wp-block-column is-layout-flow wp-block-column-is-layout-flow\" style=\"flex-basis:33.33%\">\n<figure class=\"wp-block-image size-full\"><a href=\"https:\/\/projectes.xtec.cat\/bescat\/wp-content\/uploads\/usu793\/2026\/04\/Font-rubia3.jpg\"><img loading=\"lazy\" decoding=\"async\" width=\"480\" height=\"640\" src=\"https:\/\/projectes.xtec.cat\/bescat\/wp-content\/uploads\/usu793\/2026\/04\/Font-rubia3.jpg\" alt=\"\" class=\"wp-image-16668\" srcset=\"https:\/\/projectes.xtec.cat\/bescat\/wp-content\/uploads\/usu793\/2026\/04\/Font-rubia3.jpg 480w, https:\/\/projectes.xtec.cat\/bescat\/wp-content\/uploads\/usu793\/2026\/04\/Font-rubia3-225x300.jpg 225w\" sizes=\"auto, (max-width: 480px) 100vw, 480px\" \/><\/a><\/figure>\n<\/div>\n\n\n\n<div class=\"wp-block-column is-layout-flow wp-block-column-is-layout-flow\"><\/div>\n\n\n\n<div class=\"wp-block-column is-layout-flow wp-block-column-is-layout-flow\" style=\"flex-basis:66.66%\">\n<p>A la zona d\u2019exposici\u00f3 hi havia una bona colla de llibres que tracten sobre aquesta tem\u00e0tica, molt interessants i acurats i que permeten parlar d\u2019un tema que a vegades pot semblar complex. Juntament amb els llibres exposats, a la cartellera hi havia tot de vocabulari relacionat amb la guerra. Es tractava de definicions clares i breus de conceptes com poden ser<em> camp de refugiats<\/em>, <em>mem\u00f2ria hist\u00f2rica<\/em>, <em>espoliaci\u00f3<\/em>, <em>exili<\/em>, <em>ex\u00e8rcit<\/em>\u2026 Tots aquests conceptes tamb\u00e9 estaven representats per una imatge que ajudava a comprendre&#8217;n el significat.<\/p>\n\n\n\n<p>Els alumnes, un cop havien llegit i mirat b\u00e9 els llibres de l\u2019exposici\u00f3, van haver d&#8217;indicar en una fitxa amb quins conceptes relacionaven cadascun. Posteriorment, es posava en com\u00fa amb tot el grup i tamb\u00e9 triaven paraules de pau per contrarestar i per fer propostes per revertir la situaci\u00f3.<\/p>\n<\/div>\n<\/div>\n\n\n\n<div style=\"height:46px\" aria-hidden=\"true\" class=\"wp-block-spacer\"><\/div>\n\n\n\n<p>L\u2019activitat la van dur a terme els diferents grups classe de l\u2019escola, des d\u2019infantil fins a sis\u00e8. En els grups d\u2019educaci\u00f3 infantil i cicle inicial la lectura dels \u00e0lbums es va fer conjuntament, i tamb\u00e9 es van triar les paraules m\u00e9s adequades.<\/p>\n\n\n\n<div class=\"wp-block-buttons is-layout-flex wp-block-buttons-is-layout-flex\">\n<div class=\"wp-block-button has-custom-width wp-block-button__width-25 has-custom-font-size has-small-font-size\"><a class=\"wp-block-button__link has-white-color has-text-color has-background has-link-color wp-element-button\" href=\"https:\/\/blocs.xtec.cat\/bibliotecafontrubia\/2025\/11\/11\/activitat-dinamitzada-paraules-de-guerra-paraules-de-pau\/\" style=\"background-color:#81568a\"><strong>Article original<\/strong><\/a><\/div>\n<\/div>\n","protected":false},"excerpt":{"rendered":"<p>Escola Font-r\u00fabia (Font-rub\u00ed)<\/p>\n<p>L\u00ednia 4: La biblioteca escolar com a laboratori per liderar i promoure un centre lector<\/p>\n<p>Infantil, Prim\u00e0ria<\/p>\n<p>Objectius:<\/p>\n<ul class=\"wp-block-list\">\n<li>Con\u00e8ixer i promoure la lectura d&#8217;\u00e0lbums il\u00b7lustrats que fan refer\u00e8ncia a la guerra i a la pau.<\/li>\n<li>Adquirir nou vocabulari en refer\u00e8ncia a aquest tema<\/li>\n<li>Reflexionar sobre els missatges&hellip;  <a href=\"https:\/\/projectes.xtec.cat\/bescat\/general\/bones-practiques-paraules-de-guerra-paraules-de-pau\/\" title=\"Read Bones pr\u00e0ctiques: Paraules de guerra-paraules de pau\">Llegeix m\u00e9s\u00bb<\/a><br \/>\n","protected":false},"author":133,"featured_media":16667,"comment_status":"open","ping_status":"open","sticky":false,"template":"","format":"standard","meta":{"_bbp_topic_count":0,"_bbp_reply_count":0,"_bbp_total_topic_count":0,"_bbp_total_reply_count":0,"_bbp_voice_count":0,"_bbp_anonymous_reply_count":0,"_bbp_topic_count_hidden":0,"_bbp_reply_count_hidden":0,"_bbp_forum_subforum_count":0,"footnotes":""},"categories":[1,287,298,379,29,288],"tags":[472],"class_list":["post-16665","post","type-post","status-publish","format-standard","has-post-thumbnail","hentry","category-general","category-infantil","category-l4","category-noticies","category-portada","category-primaria","tag-bones-practiques"],"post_mailing_queue_ids":[],"_links":{"self":[{"href":"https:\/\/projectes.xtec.cat\/bescat\/wp-json\/wp\/v2\/posts\/16665","targetHints":{"allow":["GET"]}}],"collection":[{"href":"https:\/\/projectes.xtec.cat\/bescat\/wp-json\/wp\/v2\/posts"}],"about":[{"href":"https:\/\/projectes.xtec.cat\/bescat\/wp-json\/wp\/v2\/types\/post"}],"author":[{"embeddable":true,"href":"https:\/\/projectes.xtec.cat\/bescat\/wp-json\/wp\/v2\/users\/133"}],"replies":[{"embeddable":true,"href":"https:\/\/projectes.xtec.cat\/bescat\/wp-json\/wp\/v2\/comments?post=16665"}],"version-history":[{"count":6,"href":"https:\/\/projectes.xtec.cat\/bescat\/wp-json\/wp\/v2\/posts\/16665\/revisions"}],"predecessor-version":[{"id":16676,"href":"https:\/\/projectes.xtec.cat\/bescat\/wp-json\/wp\/v2\/posts\/16665\/revisions\/16676"}],"wp:featuredmedia":[{"embeddable":true,"href":"https:\/\/projectes.xtec.cat\/bescat\/wp-json\/wp\/v2\/media\/16667"}],"wp:attachment":[{"href":"https:\/\/projectes.xtec.cat\/bescat\/wp-json\/wp\/v2\/media?parent=16665"}],"wp:term":[{"taxonomy":"category","embeddable":true,"href":"https:\/\/projectes.xtec.cat\/bescat\/wp-json\/wp\/v2\/categories?post=16665"},{"taxonomy":"post_tag","embeddable":true,"href":"https:\/\/projectes.xtec.cat\/bescat\/wp-json\/wp\/v2\/tags?post=16665"}],"curies":[{"name":"wp","href":"https:\/\/api.w.org\/{rel}","templated":true}]}}