{"id":16692,"date":"2026-04-30T08:28:29","date_gmt":"2026-04-30T06:28:29","guid":{"rendered":"https:\/\/projectes.xtec.cat\/bescat\/?p=16692"},"modified":"2026-04-30T08:28:29","modified_gmt":"2026-04-30T06:28:29","slug":"bones-practiques-sant-jordi-secret","status":"publish","type":"post","link":"https:\/\/projectes.xtec.cat\/bescat\/general\/bones-practiques-sant-jordi-secret\/","title":{"rendered":"Bones pr\u00e0ctiques: Sant Jordi secret"},"content":{"rendered":"\n<div class=\"wp-block-media-text is-stacked-on-mobile\"><figure class=\"wp-block-media-text__media\"><img loading=\"lazy\" decoding=\"async\" width=\"701\" height=\"1024\" src=\"https:\/\/projectes.xtec.cat\/bescat\/wp-content\/uploads\/usu793\/2026\/04\/Greda2-701x1024.jpg\" alt=\"\" class=\"wp-image-16694 size-full\" srcset=\"https:\/\/projectes.xtec.cat\/bescat\/wp-content\/uploads\/usu793\/2026\/04\/Greda2-701x1024.jpg 701w, https:\/\/projectes.xtec.cat\/bescat\/wp-content\/uploads\/usu793\/2026\/04\/Greda2-206x300.jpg 206w, https:\/\/projectes.xtec.cat\/bescat\/wp-content\/uploads\/usu793\/2026\/04\/Greda2-768x1121.jpg 768w, https:\/\/projectes.xtec.cat\/bescat\/wp-content\/uploads\/usu793\/2026\/04\/Greda2-1052x1536.jpg 1052w, https:\/\/projectes.xtec.cat\/bescat\/wp-content\/uploads\/usu793\/2026\/04\/Greda2.jpg 1096w\" sizes=\"auto, (max-width: 701px) 100vw, 701px\" \/><\/figure><div class=\"wp-block-media-text__content\">\n<p>Institut Escola Greda (Olot)<\/p>\n\n\n\n<p>L\u00ednia 6: La biblioteca escolar com a agent d\u2019impuls a la lectura entre el professorat<\/p>\n\n\n\n<p>Docents, Infantil, Prim\u00e0ria, ESO<\/p>\n\n\n\n<p>Objectius:<\/p>\n\n\n\n<ul class=\"wp-block-list\">\n<li>Fomentar la lectura en catal\u00e0.<\/li>\n\n\n\n<li>Refor\u00e7ar els vincles dins la comunitat educativa.<\/li>\n<\/ul>\n\n\n\n<p>Amb motiu de la diada de Sant Jordi, el Departament de catal\u00e0 de l&#8217;institut escola Greda va impulsar una iniciativa participativa que han anomenat&nbsp;<em>Sant Jordi Secret<\/em>.&nbsp;Es tracta d\u2019una proposta inspirada en l\u2019amic invisible, adre\u00e7ada a tot el professorat i personal d\u2019administraci\u00f3 i serveis, amb&nbsp;l\u2019objectiu de fomentar la lectura en catal\u00e0 i refor\u00e7ar els vincles dins la comunitat educativa.<\/p>\n<\/div><\/div>\n\n\n\n<div style=\"height:76px\" aria-hidden=\"true\" class=\"wp-block-spacer\"><\/div>\n\n\n\n<div class=\"wp-block-columns is-layout-flex wp-container-core-columns-is-layout-1 wp-block-columns-is-layout-flex\">\n<div class=\"wp-block-column is-layout-flow wp-block-column-is-layout-flow\">\n<p>La iniciativa va tenir una bona acollida: una vintena llarga de participants, sobretot entre el professorat de secund\u00e0ria, que s&#8217;hi van inscriure despr\u00e9s de dipositar el seu nom en una caixa, juntament amb algunes pistes sobre els seus gustos literaris: g\u00e8neres, tem\u00e0tiques o autors preferits. Posteriorment, es va fer un sorteig i cada participant es va comprometre a regalar un llibre a la persona que li havia tocat, escollit a partir de les prefer\u00e8ncies indicades.<\/p>\n\n\n\n<p>Els llibres, curosament embolicats, anaven acompanyats d\u2019una dedicat\u00f2ria, un vers o unes paraules especials. El lliurament dels regals es va realitzar el dia 23 d\u2019abril a la sala de docents del centre.<\/p>\n<\/div>\n\n\n\n<div class=\"wp-block-column is-layout-flow wp-block-column-is-layout-flow\">\n<figure class=\"wp-block-image size-full is-resized\"><a href=\"https:\/\/projectes.xtec.cat\/bescat\/wp-content\/uploads\/usu793\/2026\/04\/Greda1.jpg\"><img loading=\"lazy\" decoding=\"async\" width=\"677\" height=\"719\" src=\"https:\/\/projectes.xtec.cat\/bescat\/wp-content\/uploads\/usu793\/2026\/04\/Greda1.jpg\" alt=\"\" class=\"wp-image-16693\" style=\"width:345px;height:auto\" srcset=\"https:\/\/projectes.xtec.cat\/bescat\/wp-content\/uploads\/usu793\/2026\/04\/Greda1.jpg 677w, https:\/\/projectes.xtec.cat\/bescat\/wp-content\/uploads\/usu793\/2026\/04\/Greda1-282x300.jpg 282w\" sizes=\"auto, (max-width: 677px) 100vw, 677px\" \/><\/a><\/figure>\n<\/div>\n<\/div>\n\n\n\n<div style=\"height:39px\" aria-hidden=\"true\" class=\"wp-block-spacer\"><\/div>\n\n\n\n<p>Aquesta proposta es va presentar com una oportunitat per&nbsp;compartir el plaer de la lectura, descobrir noves propostes liter\u00e0ries i enfortir el sentiment de comunitat.&nbsp;Llegir, i especialment en catal\u00e0, esdev\u00e9 aix\u00ed un punt de trobada que connecta les persones i enriqueix l\u2019experi\u00e8ncia educativa.<\/p>\n\n\n\n<div style=\"height:25px\" aria-hidden=\"true\" class=\"wp-block-spacer\"><\/div>\n\n\n\n<div class=\"wp-block-buttons is-layout-flex wp-block-buttons-is-layout-flex\">\n<div class=\"wp-block-button has-custom-width wp-block-button__width-25 has-custom-font-size has-small-font-size\"><a class=\"wp-block-button__link has-white-color has-text-color has-background has-link-color wp-element-button\" href=\"https:\/\/sites.google.com\/iegreda.cat\/biblioiegreda\/actualitat\" style=\"background-color:#81568a\" target=\"_blank\" rel=\"noreferrer noopener\"><strong>Article original<\/strong><\/a><\/div>\n<\/div>\n\n\n\n<div style=\"height:44px\" aria-hidden=\"true\" class=\"wp-block-spacer\"><\/div>\n","protected":false},"excerpt":{"rendered":"<p>Institut Escola Greda (Olot)<\/p>\n<p>L\u00ednia 6: La biblioteca escolar com a agent d\u2019impuls a la lectura entre el professorat<\/p>\n<p>Docents, Infantil, Prim\u00e0ria, ESO<\/p>\n<p>Objectius:<\/p>\n<ul class=\"wp-block-list\">\n<li>Fomentar la lectura en catal\u00e0.<\/li>\n<li>Refor\u00e7ar els vincles dins la comunitat educativa.<\/li>\n<\/ul>\n<p>Amb motiu de la diada de Sant Jordi, el Departament de catal\u00e0 de l&#8217;institut&hellip;  <a href=\"https:\/\/projectes.xtec.cat\/bescat\/general\/bones-practiques-sant-jordi-secret\/\" title=\"Read Bones pr\u00e0ctiques: Sant Jordi secret\">Llegeix m\u00e9s\u00bb<\/a><\/p>\n","protected":false},"author":133,"featured_media":16694,"comment_status":"open","ping_status":"open","sticky":false,"template":"","format":"standard","meta":{"_bbp_topic_count":0,"_bbp_reply_count":0,"_bbp_total_topic_count":0,"_bbp_total_reply_count":0,"_bbp_voice_count":0,"_bbp_anonymous_reply_count":0,"_bbp_topic_count_hidden":0,"_bbp_reply_count_hidden":0,"_bbp_forum_subforum_count":0,"footnotes":""},"categories":[289,1,287,512,379,29,288],"tags":[472],"class_list":["post-16692","post","type-post","status-publish","format-standard","has-post-thumbnail","hentry","category-eso","category-general","category-infantil","category-l6","category-noticies","category-portada","category-primaria","tag-bones-practiques"],"post_mailing_queue_ids":[],"_links":{"self":[{"href":"https:\/\/projectes.xtec.cat\/bescat\/wp-json\/wp\/v2\/posts\/16692","targetHints":{"allow":["GET"]}}],"collection":[{"href":"https:\/\/projectes.xtec.cat\/bescat\/wp-json\/wp\/v2\/posts"}],"about":[{"href":"https:\/\/projectes.xtec.cat\/bescat\/wp-json\/wp\/v2\/types\/post"}],"author":[{"embeddable":true,"href":"https:\/\/projectes.xtec.cat\/bescat\/wp-json\/wp\/v2\/users\/133"}],"replies":[{"embeddable":true,"href":"https:\/\/projectes.xtec.cat\/bescat\/wp-json\/wp\/v2\/comments?post=16692"}],"version-history":[{"count":4,"href":"https:\/\/projectes.xtec.cat\/bescat\/wp-json\/wp\/v2\/posts\/16692\/revisions"}],"predecessor-version":[{"id":16698,"href":"https:\/\/projectes.xtec.cat\/bescat\/wp-json\/wp\/v2\/posts\/16692\/revisions\/16698"}],"wp:featuredmedia":[{"embeddable":true,"href":"https:\/\/projectes.xtec.cat\/bescat\/wp-json\/wp\/v2\/media\/16694"}],"wp:attachment":[{"href":"https:\/\/projectes.xtec.cat\/bescat\/wp-json\/wp\/v2\/media?parent=16692"}],"wp:term":[{"taxonomy":"category","embeddable":true,"href":"https:\/\/projectes.xtec.cat\/bescat\/wp-json\/wp\/v2\/categories?post=16692"},{"taxonomy":"post_tag","embeddable":true,"href":"https:\/\/projectes.xtec.cat\/bescat\/wp-json\/wp\/v2\/tags?post=16692"}],"curies":[{"name":"wp","href":"https:\/\/api.w.org\/{rel}","templated":true}]}}