{"id":17285,"date":"2026-09-02T12:41:47","date_gmt":"2026-09-02T10:41:47","guid":{"rendered":"https:\/\/projectes.xtec.cat\/bescat\/?p=17285"},"modified":"2026-09-02T13:26:51","modified_gmt":"2026-09-02T11:26:51","slug":"formacio-biblioteques-escolars-2026-2027","status":"publish","type":"post","link":"https:\/\/projectes.xtec.cat\/bescat\/general\/formacio-biblioteques-escolars-2026-2027\/","title":{"rendered":"Formaci\u00f3 Biblioteques escolars 2026-2027"},"content":{"rendered":"\n<div class=\"wp-block-columns is-layout-flex wp-container-core-columns-is-layout-1 wp-block-columns-is-layout-flex\">\n<div class=\"wp-block-column is-layout-flow wp-block-column-is-layout-flow\">\n<figure class=\"wp-block-image size-large\"><a href=\"https:\/\/projectes.xtec.cat\/bescat\/wp-content\/uploads\/usu793\/2026\/09\/Inscripcio-Formacio-BE-curs-2026-2027-7.png\"><img loading=\"lazy\" decoding=\"async\" width=\"1024\" height=\"724\" src=\"https:\/\/projectes.xtec.cat\/bescat\/wp-content\/uploads\/usu793\/2026\/09\/Inscripcio-Formacio-BE-curs-2026-2027-7-1024x724.png\" alt=\"\" class=\"wp-image-17296\" srcset=\"https:\/\/projectes.xtec.cat\/bescat\/wp-content\/uploads\/usu793\/2026\/09\/Inscripcio-Formacio-BE-curs-2026-2027-7-1024x724.png 1024w, https:\/\/projectes.xtec.cat\/bescat\/wp-content\/uploads\/usu793\/2026\/09\/Inscripcio-Formacio-BE-curs-2026-2027-7-300x212.png 300w, https:\/\/projectes.xtec.cat\/bescat\/wp-content\/uploads\/usu793\/2026\/09\/Inscripcio-Formacio-BE-curs-2026-2027-7-768x543.png 768w, https:\/\/projectes.xtec.cat\/bescat\/wp-content\/uploads\/usu793\/2026\/09\/Inscripcio-Formacio-BE-curs-2026-2027-7-1536x1086.png 1536w, https:\/\/projectes.xtec.cat\/bescat\/wp-content\/uploads\/usu793\/2026\/09\/Inscripcio-Formacio-BE-curs-2026-2027-7-2048x1448.png 2048w\" sizes=\"auto, (max-width: 1024px) 100vw, 1024px\" \/><\/a><\/figure>\n<\/div>\n\n\n\n<div class=\"wp-block-column is-layout-flow wp-block-column-is-layout-flow\">\n<p>Us presentem l&#8217;oferta formativa del Programa de biblioteques escolars.<\/p>\n\n\n\n<p>Els cursos es distribueixen en dos torns i s\u00f3n telem\u00e0tics. Trobareu formacions de 30 hores i, com a novetat, cursos de 20 hores.<\/p>\n\n\n\n<p>Inscripcions 1r torn: del 4 al 20 de setembre de 2026<\/p>\n\n\n\n<p>Inscripcions 2n torn: del 7 al 15 de gener de 2027<\/p>\n\n\n\n<p>Informaci\u00f3 general sobre la formaci\u00f3 a la p\u00e0gina&nbsp;<a href=\"https:\/\/xtec.gencat.cat\/ca\/formacio\/info-general\/\" target=\"_blank\" rel=\"noreferrer noopener nofollow\"><strong>web XTEC<\/strong>.<\/a><\/p>\n\n\n\n<p><strong><a href=\"https:\/\/xtec.gencat.cat\/ca\/formacio\/formaciogeneralprofessorat\/biblioteques_escolars\/\" target=\"_blank\" rel=\"noreferrer noopener nofollow\">Oferta formativa de 1r torn&nbsp;<\/a><\/strong>del Programa de biblioteques escolars.<\/p>\n<\/div>\n<\/div>\n\n\n\n<p>1r torn<\/p>\n\n\n\n<div class=\"wp-block-columns is-layout-flex wp-container-core-columns-is-layout-2 wp-block-columns-is-layout-flex\">\n<div class=\"wp-block-column is-layout-flow wp-block-column-is-layout-flow\">\n<figure class=\"wp-block-image size-large\"><a href=\"https:\/\/projectes.xtec.cat\/bescat\/wp-content\/uploads\/usu793\/2026\/09\/Inscripcio-Formacio-BE-curs-2026-2027-4.png\"><img loading=\"lazy\" decoding=\"async\" width=\"1024\" height=\"724\" src=\"https:\/\/projectes.xtec.cat\/bescat\/wp-content\/uploads\/usu793\/2026\/09\/Inscripcio-Formacio-BE-curs-2026-2027-4-1024x724.png\" alt=\"\" class=\"wp-image-17293\" srcset=\"https:\/\/projectes.xtec.cat\/bescat\/wp-content\/uploads\/usu793\/2026\/09\/Inscripcio-Formacio-BE-curs-2026-2027-4-1024x724.png 1024w, https:\/\/projectes.xtec.cat\/bescat\/wp-content\/uploads\/usu793\/2026\/09\/Inscripcio-Formacio-BE-curs-2026-2027-4-300x212.png 300w, https:\/\/projectes.xtec.cat\/bescat\/wp-content\/uploads\/usu793\/2026\/09\/Inscripcio-Formacio-BE-curs-2026-2027-4-768x543.png 768w, https:\/\/projectes.xtec.cat\/bescat\/wp-content\/uploads\/usu793\/2026\/09\/Inscripcio-Formacio-BE-curs-2026-2027-4-1536x1086.png 1536w, https:\/\/projectes.xtec.cat\/bescat\/wp-content\/uploads\/usu793\/2026\/09\/Inscripcio-Formacio-BE-curs-2026-2027-4-2048x1448.png 2048w\" sizes=\"auto, (max-width: 1024px) 100vw, 1024px\" \/><\/a><\/figure>\n<\/div>\n\n\n\n<div class=\"wp-block-column is-layout-flow wp-block-column-is-layout-flow\">\n<p>BELI &#8211; Literatura 0-12 anys. Panorama hist\u00f2ric, criteris de selecci\u00f3 i pla lector a l&#8217;escola, a la biblioteca i a casa<\/p>\n\n\n\n<p>BEID &#8211; Implementaci\u00f3 i dinamitzaci\u00f3 de les biblioteques dels centres educatius<\/p>\n\n\n\n<p>BECO &#8211; El llibre de coneixements a la biblioteca escolar (INF-PRI)<\/p>\n\n\n\n<p>BEPO &#8211; Biblioteca escolar i poesia<\/p>\n\n\n\n<p>BERI- Biblioteca escolar i recursos d&#8217;informaci\u00f3<\/p>\n\n\n\n<p>APO1 &#8211; Administraci\u00f3 Polaris 1<\/p>\n<\/div>\n<\/div>\n\n\n\n<div class=\"wp-block-columns is-layout-flex wp-container-core-columns-is-layout-3 wp-block-columns-is-layout-flex\">\n<div class=\"wp-block-column is-layout-flow wp-block-column-is-layout-flow\">\n<figure class=\"wp-block-image size-large\"><a href=\"https:\/\/projectes.xtec.cat\/bescat\/wp-content\/uploads\/usu793\/2026\/09\/Inscripcio-Formacio-BE-curs-2026-2027-11.png\"><img loading=\"lazy\" decoding=\"async\" width=\"1024\" height=\"724\" src=\"https:\/\/projectes.xtec.cat\/bescat\/wp-content\/uploads\/usu793\/2026\/09\/Inscripcio-Formacio-BE-curs-2026-2027-11-1024x724.png\" alt=\"\" class=\"wp-image-17308\" srcset=\"https:\/\/projectes.xtec.cat\/bescat\/wp-content\/uploads\/usu793\/2026\/09\/Inscripcio-Formacio-BE-curs-2026-2027-11-1024x724.png 1024w, https:\/\/projectes.xtec.cat\/bescat\/wp-content\/uploads\/usu793\/2026\/09\/Inscripcio-Formacio-BE-curs-2026-2027-11-300x212.png 300w, https:\/\/projectes.xtec.cat\/bescat\/wp-content\/uploads\/usu793\/2026\/09\/Inscripcio-Formacio-BE-curs-2026-2027-11-768x543.png 768w, https:\/\/projectes.xtec.cat\/bescat\/wp-content\/uploads\/usu793\/2026\/09\/Inscripcio-Formacio-BE-curs-2026-2027-11-1536x1086.png 1536w, https:\/\/projectes.xtec.cat\/bescat\/wp-content\/uploads\/usu793\/2026\/09\/Inscripcio-Formacio-BE-curs-2026-2027-11-2048x1448.png 2048w\" sizes=\"auto, (max-width: 1024px) 100vw, 1024px\" \/><\/a><\/figure>\n<\/div>\n\n\n\n<div class=\"wp-block-column is-layout-flow wp-block-column-is-layout-flow\">\n<p>AMPR &#8211; L\u2019alfabetitzaci\u00f3 Medi\u00e0tica i Informacional a la biblioteca de prim\u00e0ria<\/p>\n\n\n\n<p>DIBE &#8211; Dinamitzaci\u00f3 de la biblioteca escolar<\/p>\n\n\n\n<p>ALBE &#8211; La lectura d&#8217;\u00e0lbums i la biblioteca escolar<\/p>\n\n\n\n<p>BCLS &#8211; Educaci\u00f3 liter\u00e0ria i biblioteca escolar a secund\u00e0ria<\/p>\n<\/div>\n<\/div>\n\n\n\n<p>2n torn<\/p>\n\n\n\n<div class=\"wp-block-columns is-layout-flex wp-container-core-columns-is-layout-4 wp-block-columns-is-layout-flex\">\n<div class=\"wp-block-column is-layout-flow wp-block-column-is-layout-flow\">\n<figure class=\"wp-block-image size-large\"><a href=\"https:\/\/projectes.xtec.cat\/bescat\/wp-content\/uploads\/usu793\/2026\/09\/Inscripcio-Formacio-BE-curs-2026-2027-5.png\"><img loading=\"lazy\" decoding=\"async\" width=\"1024\" height=\"724\" src=\"https:\/\/projectes.xtec.cat\/bescat\/wp-content\/uploads\/usu793\/2026\/09\/Inscripcio-Formacio-BE-curs-2026-2027-5-1024x724.png\" alt=\"\" class=\"wp-image-17292\" srcset=\"https:\/\/projectes.xtec.cat\/bescat\/wp-content\/uploads\/usu793\/2026\/09\/Inscripcio-Formacio-BE-curs-2026-2027-5-1024x724.png 1024w, https:\/\/projectes.xtec.cat\/bescat\/wp-content\/uploads\/usu793\/2026\/09\/Inscripcio-Formacio-BE-curs-2026-2027-5-300x212.png 300w, https:\/\/projectes.xtec.cat\/bescat\/wp-content\/uploads\/usu793\/2026\/09\/Inscripcio-Formacio-BE-curs-2026-2027-5-768x543.png 768w, https:\/\/projectes.xtec.cat\/bescat\/wp-content\/uploads\/usu793\/2026\/09\/Inscripcio-Formacio-BE-curs-2026-2027-5-1536x1086.png 1536w, https:\/\/projectes.xtec.cat\/bescat\/wp-content\/uploads\/usu793\/2026\/09\/Inscripcio-Formacio-BE-curs-2026-2027-5-2048x1448.png 2048w\" sizes=\"auto, (max-width: 1024px) 100vw, 1024px\" \/><\/a><\/figure>\n<\/div>\n\n\n\n<div class=\"wp-block-column is-layout-flow wp-block-column-is-layout-flow\">\n<p>BELI &#8211; Literatura 0-12 anys. Panorama hist\u00f2ric, criteris de selecci\u00f3 i pla lector a l&#8217;escola, a la biblioteca i a casa<\/p>\n\n\n\n<p>BELF &#8211;  La literatura fant\u00e0stica a la biblioteca escolar de CS de prim\u00e0ria, secund\u00e0ria i batxillerat<\/p>\n\n\n\n<p>BECM &#8211; El c\u00f2mic a la biblioteca escolar<\/p>\n\n\n\n<p>APO1 &#8211; Administraci\u00f3 Polaris 1<\/p>\n\n\n\n<p>APO2 &#8211; Administraci\u00f3 Polaris 2 (centres nous)<\/p>\n<\/div>\n<\/div>\n\n\n\n<div class=\"wp-block-columns is-layout-flex wp-container-core-columns-is-layout-5 wp-block-columns-is-layout-flex\">\n<div class=\"wp-block-column is-layout-flow wp-block-column-is-layout-flow\">\n<figure class=\"wp-block-image size-large\"><a href=\"https:\/\/projectes.xtec.cat\/bescat\/wp-content\/uploads\/usu793\/2026\/09\/Inscripcio-Formacio-BE-curs-2026-2027-10.png\"><img loading=\"lazy\" decoding=\"async\" width=\"1024\" height=\"724\" src=\"https:\/\/projectes.xtec.cat\/bescat\/wp-content\/uploads\/usu793\/2026\/09\/Inscripcio-Formacio-BE-curs-2026-2027-10-1024x724.png\" alt=\"\" class=\"wp-image-17305\" srcset=\"https:\/\/projectes.xtec.cat\/bescat\/wp-content\/uploads\/usu793\/2026\/09\/Inscripcio-Formacio-BE-curs-2026-2027-10-1024x724.png 1024w, https:\/\/projectes.xtec.cat\/bescat\/wp-content\/uploads\/usu793\/2026\/09\/Inscripcio-Formacio-BE-curs-2026-2027-10-300x212.png 300w, https:\/\/projectes.xtec.cat\/bescat\/wp-content\/uploads\/usu793\/2026\/09\/Inscripcio-Formacio-BE-curs-2026-2027-10-768x543.png 768w, https:\/\/projectes.xtec.cat\/bescat\/wp-content\/uploads\/usu793\/2026\/09\/Inscripcio-Formacio-BE-curs-2026-2027-10-1536x1086.png 1536w, https:\/\/projectes.xtec.cat\/bescat\/wp-content\/uploads\/usu793\/2026\/09\/Inscripcio-Formacio-BE-curs-2026-2027-10-2048x1448.png 2048w\" sizes=\"auto, (max-width: 1024px) 100vw, 1024px\" \/><\/a><\/figure>\n<\/div>\n\n\n\n<div class=\"wp-block-column is-layout-flow wp-block-column-is-layout-flow\">\n<p>AMSE &#8211; L\u2019alfabetitzaci\u00f3 Medi\u00e0tica i Informacional a la biblioteca de secund\u00e0ria<\/p>\n\n\n\n<p>POCO &#8211; La pol\u00edtica de col\u00b7lecci\u00f3<\/p>\n\n\n\n<p>DIBE &#8211; Dinamitzaci\u00f3 de la biblioteca escolar<\/p>\n\n\n\n<p>BCCL &#8211; Conversa liter\u00e0ria a la biblioteca escolar<\/p>\n<\/div>\n<\/div>\n","protected":false},"excerpt":{"rendered":"<p>Us presentem l&#8217;oferta formativa del Programa de biblioteques escolars. Els cursos es distribueixen en dos torns i s\u00f3n telem\u00e0tics. Trobareu formacions de 30 hores i, com a novetat, cursos de 20 hores. Inscripcions 1r torn: del 4 al 20 de setembre de 2026 Inscripcions 2n torn: del 7 al 15 de gener de 2027 Informaci\u00f3 [&hellip;]<\/p>\n","protected":false},"author":133,"featured_media":17296,"comment_status":"open","ping_status":"open","sticky":false,"template":"","format":"standard","meta":{"_bbp_topic_count":0,"_bbp_reply_count":0,"_bbp_total_topic_count":0,"_bbp_total_reply_count":0,"_bbp_voice_count":0,"_bbp_anonymous_reply_count":0,"_bbp_topic_count_hidden":0,"_bbp_reply_count_hidden":0,"_bbp_forum_subforum_count":0,"site-sidebar-layout":"default","site-content-layout":"","ast-site-content-layout":"default","site-content-style":"default","site-sidebar-style":"default","ast-global-header-display":"","ast-banner-title-visibility":"","ast-main-header-display":"","ast-hfb-above-header-display":"","ast-hfb-below-header-display":"","ast-hfb-mobile-header-display":"","site-post-title":"","ast-breadcrumbs-content":"","ast-featured-img":"","footer-sml-layout":"","theme-transparent-header-meta":"","adv-header-id-meta":"","stick-header-meta":"","header-above-stick-meta":"","header-main-stick-meta":"","header-below-stick-meta":"","astra-migrate-meta-layouts":"set","ast-page-background-enabled":"default","ast-page-background-meta":{"desktop":{"background-color":"var(--ast-global-color-4)","background-image":"","background-repeat":"repeat","background-position":"center center","background-size":"auto","background-attachment":"scroll","background-type":"","background-media":"","overlay-type":"","overlay-color":"","overlay-opacity":"","overlay-gradient":""},"tablet":{"background-color":"","background-image":"","background-repeat":"repeat","background-position":"center center","background-size":"auto","background-attachment":"scroll","background-type":"","background-media":"","overlay-type":"","overlay-color":"","overlay-opacity":"","overlay-gradient":""},"mobile":{"background-color":"","background-image":"","background-repeat":"repeat","background-position":"center center","background-size":"auto","background-attachment":"scroll","background-type":"","background-media":"","overlay-type":"","overlay-color":"","overlay-opacity":"","overlay-gradient":""}},"ast-content-background-meta":{"desktop":{"background-color":"var(--ast-global-color-5)","background-image":"","background-repeat":"repeat","background-position":"center center","background-size":"auto","background-attachment":"scroll","background-type":"","background-media":"","overlay-type":"","overlay-color":"","overlay-opacity":"","overlay-gradient":""},"tablet":{"background-color":"var(--ast-global-color-5)","background-image":"","background-repeat":"repeat","background-position":"center center","background-size":"auto","background-attachment":"scroll","background-type":"","background-media":"","overlay-type":"","overlay-color":"","overlay-opacity":"","overlay-gradient":""},"mobile":{"background-color":"var(--ast-global-color-5)","background-image":"","background-repeat":"repeat","background-position":"center center","background-size":"auto","background-attachment":"scroll","background-type":"","background-media":"","overlay-type":"","overlay-color":"","overlay-opacity":"","overlay-gradient":""}},"footnotes":""},"categories":[154,1,379,29,580],"tags":[],"class_list":["post-17285","post","type-post","status-publish","format-standard","has-post-thumbnail","hentry","category-formacio","category-general","category-noticies","category-portada","category-torns"],"post_mailing_queue_ids":[],"_links":{"self":[{"href":"https:\/\/projectes.xtec.cat\/bescat\/wp-json\/wp\/v2\/posts\/17285","targetHints":{"allow":["GET"]}}],"collection":[{"href":"https:\/\/projectes.xtec.cat\/bescat\/wp-json\/wp\/v2\/posts"}],"about":[{"href":"https:\/\/projectes.xtec.cat\/bescat\/wp-json\/wp\/v2\/types\/post"}],"author":[{"embeddable":true,"href":"https:\/\/projectes.xtec.cat\/bescat\/wp-json\/wp\/v2\/users\/133"}],"replies":[{"embeddable":true,"href":"https:\/\/projectes.xtec.cat\/bescat\/wp-json\/wp\/v2\/comments?post=17285"}],"version-history":[{"count":4,"href":"https:\/\/projectes.xtec.cat\/bescat\/wp-json\/wp\/v2\/posts\/17285\/revisions"}],"predecessor-version":[{"id":17316,"href":"https:\/\/projectes.xtec.cat\/bescat\/wp-json\/wp\/v2\/posts\/17285\/revisions\/17316"}],"wp:featuredmedia":[{"embeddable":true,"href":"https:\/\/projectes.xtec.cat\/bescat\/wp-json\/wp\/v2\/media\/17296"}],"wp:attachment":[{"href":"https:\/\/projectes.xtec.cat\/bescat\/wp-json\/wp\/v2\/media?parent=17285"}],"wp:term":[{"taxonomy":"category","embeddable":true,"href":"https:\/\/projectes.xtec.cat\/bescat\/wp-json\/wp\/v2\/categories?post=17285"},{"taxonomy":"post_tag","embeddable":true,"href":"https:\/\/projectes.xtec.cat\/bescat\/wp-json\/wp\/v2\/tags?post=17285"}],"curies":[{"name":"wp","href":"https:\/\/api.w.org\/{rel}","templated":true}]}}