{"id":8357,"date":"2019-10-04T16:21:17","date_gmt":"2019-10-04T14:21:17","guid":{"rendered":"https:\/\/projectes.xtec.cat\/bescat\/?p=8357"},"modified":"2019-10-22T12:12:33","modified_gmt":"2019-10-22T10:12:33","slug":"camins-el-llibre-solidari-i-parelles-linguistiques","status":"publish","type":"post","link":"https:\/\/projectes.xtec.cat\/bescat\/portada\/camins-el-llibre-solidari-i-parelles-linguistiques\/","title":{"rendered":"Camins, el llibre solidari i parelles Ling\u00fc\u00edstiques."},"content":{"rendered":"<p>Centre: <a href=\"http:\/\/bibliotecapuigcargol.blogspot.com\" target=\"_blank\" rel=\"noopener noreferrer\">Institut Puig Cargol<\/a> de Calonge<\/p>\n<p>L\u00ednia 2: La biblioteca escolar com a agent d\u2019equitat, participaci\u00f3 i cohesi\u00f3 de la comunitat educativa.<\/p>\n<p>Etapa: ESO.<\/p>\n<p><strong>Parelles ling\u00fc\u00edstiques<\/strong><\/p>\n<ul>\n<li style=\"list-style-type: none;\">\n<ul>\n<li>Iniciativa de centre.<\/li>\n<li>L\u2019activitat consisteix en 11 trobades durant les quals aprenents i voluntaris conversen seguint les pautes d&#8217;un gui\u00f3 de conversa per a cada sessi\u00f3.<\/li>\n<li>Per tal de saber quines parelles\/grups hi ha es fa l\u2019acte de presentaci\u00f3 a la biblioteca. En aquell moment els alumnes descobreixen qui seran les seves parelles\/grups durant l\u2019activitat.<\/li>\n<li>A la presentaci\u00f3 hi venen representants del Consorci, de l\u2019Ajuntament del municipi, la LIC externa i la directora. Hi intervenen tamb\u00e9 la CLIC del centre i la tutora d\u2019Aula d\u2019Acollida.<\/li>\n<\/ul>\n<\/li>\n<\/ul>\n<p><strong><em>Camins<\/em>, un llibre solidari<\/strong><\/p>\n<p class=\"direction-ltr align-center para-style-body\"><em>&#8220;Segurament, les biblioteques escolars ja fa temps que han deixat de ser el que eren. Actualment, la seva funci\u00f3 no \u00e9s nom\u00e9s ser un espai per a treballar i fer deures, sin\u00f3 un espai que l\u2019alumnat i el professorat reconeixen com a seu i des d\u2019on poden organitzar activitats i difondre-les mitjan\u00e7ant el blog, sempre que tinguin a veure amb la lectura, els llibres, la cultura..<\/em><em>.<\/em><\/p>\n<p><em>El nostre projecte ha estat crear un llibre de haik\u00fas, escrit i il\u00b7lustrat pels alumnes del centre, per tal de vendre&#8217;l i recollir diners per a\u00a0Nasco.Feeding Minds, una ONG fundada i dirigida per Ousman Umar, despr\u00e9s de la colpidora i interessant xerrada que va fer al nostre centre.<\/em><\/p>\n<p class=\"direction-ltr align-center para-style-body\"><em>Tamb\u00e9 tenim ganes de comen\u00e7ar a fer activitats noves i de seguir pensant en idees que puguin motivar els alumnes.&#8221;<\/em><\/p>\n<p><img loading=\"lazy\" decoding=\"async\" class=\"alignnone wp-image-8358 size-full\" src=\"https:\/\/projectes.xtec.cat\/bescat\/wp-content\/uploads\/usu793\/2019\/10\/aa.png\" alt=\"\" width=\"920\" height=\"292\" srcset=\"https:\/\/projectes.xtec.cat\/bescat\/wp-content\/uploads\/usu793\/2019\/10\/aa.png 920w, https:\/\/projectes.xtec.cat\/bescat\/wp-content\/uploads\/usu793\/2019\/10\/aa-300x95.png 300w, https:\/\/projectes.xtec.cat\/bescat\/wp-content\/uploads\/usu793\/2019\/10\/aa-768x244.png 768w\" sizes=\"auto, (max-width: 920px) 100vw, 920px\" \/> <img loading=\"lazy\" decoding=\"async\" class=\"alignnone wp-image-8359 size-full\" src=\"https:\/\/projectes.xtec.cat\/bescat\/wp-content\/uploads\/usu793\/2019\/10\/ab.png\" alt=\"\" width=\"393\" height=\"276\" srcset=\"https:\/\/projectes.xtec.cat\/bescat\/wp-content\/uploads\/usu793\/2019\/10\/ab.png 393w, https:\/\/projectes.xtec.cat\/bescat\/wp-content\/uploads\/usu793\/2019\/10\/ab-300x211.png 300w\" sizes=\"auto, (max-width: 393px) 100vw, 393px\" \/> <img loading=\"lazy\" decoding=\"async\" class=\"alignnone wp-image-8360 size-full\" src=\"https:\/\/projectes.xtec.cat\/bescat\/wp-content\/uploads\/usu793\/2019\/10\/ac.png\" alt=\"\" width=\"844\" height=\"390\" srcset=\"https:\/\/projectes.xtec.cat\/bescat\/wp-content\/uploads\/usu793\/2019\/10\/ac.png 844w, https:\/\/projectes.xtec.cat\/bescat\/wp-content\/uploads\/usu793\/2019\/10\/ac-300x139.png 300w, https:\/\/projectes.xtec.cat\/bescat\/wp-content\/uploads\/usu793\/2019\/10\/ac-768x355.png 768w\" sizes=\"auto, (max-width: 844px) 100vw, 844px\" \/><\/p>\n","protected":false},"excerpt":{"rendered":"<p>Centre: <a href=\"http:\/\/bibliotecapuigcargol.blogspot.com\" target=\"_blank\" rel=\"noopener noreferrer\">Institut Puig Cargol<\/a> de Calonge<br \/>\nL\u00ednia 2: La biblioteca escolar com a agent d\u2019equitat, participaci\u00f3 i cohesi\u00f3 de la comunitat educativa.<br \/>\nEtapa: ESO.<br \/>\nParelles ling\u00fc\u00edstiques<\/p>\n<ul>\n<li style=\"list-style-type: none;\">\n<ul>\n<li>Iniciativa de centre.<\/li>\n<li>L\u2019activitat consisteix en 11 trobades durant les quals aprenents i voluntaris conversen seguint les pautes&hellip;  <a href=\"https:\/\/projectes.xtec.cat\/bescat\/portada\/camins-el-llibre-solidari-i-parelles-linguistiques\/\" title=\"Read Camins, el llibre solidari i parelles Ling\u00fc\u00edstiques.\">Llegeix m\u00e9s\u00bb<\/a><br \/>\n","protected":false},"author":3,"featured_media":8360,"comment_status":"open","ping_status":"closed","sticky":false,"template":"","format":"standard","meta":{"_bbp_topic_count":0,"_bbp_reply_count":0,"_bbp_total_topic_count":0,"_bbp_total_reply_count":0,"_bbp_voice_count":0,"_bbp_anonymous_reply_count":0,"_bbp_topic_count_hidden":0,"_bbp_reply_count_hidden":0,"_bbp_forum_subforum_count":0,"footnotes":""},"categories":[289,296,29],"tags":[],"class_list":["post-8357","post","type-post","status-publish","format-standard","has-post-thumbnail","hentry","category-eso","category-l2","category-portada"],"post_mailing_queue_ids":[],"_links":{"self":[{"href":"https:\/\/projectes.xtec.cat\/bescat\/wp-json\/wp\/v2\/posts\/8357","targetHints":{"allow":["GET"]}}],"collection":[{"href":"https:\/\/projectes.xtec.cat\/bescat\/wp-json\/wp\/v2\/posts"}],"about":[{"href":"https:\/\/projectes.xtec.cat\/bescat\/wp-json\/wp\/v2\/types\/post"}],"author":[{"embeddable":true,"href":"https:\/\/projectes.xtec.cat\/bescat\/wp-json\/wp\/v2\/users\/3"}],"replies":[{"embeddable":true,"href":"https:\/\/projectes.xtec.cat\/bescat\/wp-json\/wp\/v2\/comments?post=8357"}],"version-history":[{"count":3,"href":"https:\/\/projectes.xtec.cat\/bescat\/wp-json\/wp\/v2\/posts\/8357\/revisions"}],"predecessor-version":[{"id":8474,"href":"https:\/\/projectes.xtec.cat\/bescat\/wp-json\/wp\/v2\/posts\/8357\/revisions\/8474"}],"wp:featuredmedia":[{"embeddable":true,"href":"https:\/\/projectes.xtec.cat\/bescat\/wp-json\/wp\/v2\/media\/8360"}],"wp:attachment":[{"href":"https:\/\/projectes.xtec.cat\/bescat\/wp-json\/wp\/v2\/media?parent=8357"}],"wp:term":[{"taxonomy":"category","embeddable":true,"href":"https:\/\/projectes.xtec.cat\/bescat\/wp-json\/wp\/v2\/categories?post=8357"},{"taxonomy":"post_tag","embeddable":true,"href":"https:\/\/projectes.xtec.cat\/bescat\/wp-json\/wp\/v2\/tags?post=8357"}],"curies":[{"name":"wp","href":"https:\/\/api.w.org\/{rel}","templated":true}]}}