{"id":8367,"date":"2019-10-04T16:34:27","date_gmt":"2019-10-04T14:34:27","guid":{"rendered":"https:\/\/projectes.xtec.cat\/bescat\/?p=8367"},"modified":"2019-10-22T15:51:45","modified_gmt":"2019-10-22T13:51:45","slug":"una-biblioteca-participativa-de-totes-i-per-a-tots","status":"publish","type":"post","link":"https:\/\/projectes.xtec.cat\/bescat\/portada\/una-biblioteca-participativa-de-totes-i-per-a-tots\/","title":{"rendered":"Una biblioteca participativa de totes i per a tots."},"content":{"rendered":"<p>Centre: <a href=\"https:\/\/agora.xtec.cat\/ceip-rcastelltort\/categoria\/biblioteca\/\" target=\"_blank\" rel=\"noopener noreferrer\">Escola Pare Ramon Castelltort i Miralda<\/a> d&#8217;Igualada<\/p>\n<p>L\u00ednia 2: La biblioteca escolar com a agent d\u2019equitat, participaci\u00f3 i cohesi\u00f3 de la comunitat educativa.<\/p>\n<p>Etapa: Prim\u00e0ria.<\/p>\n<p><strong>Quines activitats s&#8217;hi fan?<\/strong><\/p>\n<p class=\"direction-ltr align-start para-style-body\">SANT JORDI: LECTURA DE POEMES, M\u00daSICA I IMATGES.<\/p>\n<p class=\"direction-ltr align-start para-style-body\">Alumnes voluntaris de cada classe es preparen un poema per fer un recital.<\/p>\n<p class=\"direction-ltr align-start para-style-body\">Alumnes de l\u2019escola que saben tocar diferents instruments es preparen peces per compartir amb el p\u00fablic.<\/p>\n<p class=\"direction-ltr align-start para-style-body\">TEATRE LLEGIT:<\/p>\n<p class=\"direction-ltr align-start para-style-body\">Intervenen alumnes, pares i mares, mestres&#8230;<\/p>\n<p class=\"direction-ltr align-start para-style-body\">LECTURA EN VEU ALTA DE CONTES CURTS:<\/p>\n<p class=\"direction-ltr align-start para-style-body\">El centre es presenta cada curs al certamen de Lectura en veu alta.<\/p>\n<p class=\"direction-ltr align-start para-style-body\">HORA DEL CONTE<\/p>\n<p class=\"direction-ltr align-start para-style-body\">Un moment m\u00e0gic que segueix tot un protocol per crear expectaci\u00f3, inter\u00e8s i m\u00e0xima atenci\u00f3 per part de l\u2019alumnat a partir d\u2019un titella: en Miquelet.<\/p>\n<p class=\"direction-ltr align-start para-style-body\">GUST PER LA LECTURA<\/p>\n<ul>\n<li style=\"list-style-type: none;\">\n<ul>\n<li>Pr\u00e9stec personal<\/li>\n<li>Espai \u00e0udio<\/li>\n<li>Capses de lectura per les aules<\/li>\n<li>Llibres de\u00a0 lectura socialitzada de prim\u00e0ria<\/li>\n<li>Llibreta del lector<\/li>\n<li>Espai lector<\/li>\n<li>Material de comprensi\u00f3 lectora<\/li>\n<\/ul>\n<\/li>\n<\/ul>\n<p class=\"direction-ltr align-start para-style-body\">CERCA D\u2019INFORMACI\u00d3<\/p>\n<ul>\n<li style=\"list-style-type: none;\">\n<ul>\n<li>Jocs relacionats amb el tema monogr\u00e0fic del curs on les fam\u00edlies participen amb els fills i filles.<\/li>\n<li>\u00a0A la BE hi ha ordinadors per facilitar la cerca d\u2019informaci\u00f3 i els treballs d&#8217;investigaci\u00f3.<\/li>\n<li>\u00a0Pr\u00e9stecs de capses mono tem\u00e0tiques a les aules per afavorir la recerca quan es realitzen treballs o es plantegen diferents projectes.<\/li>\n<\/ul>\n<\/li>\n<\/ul>\n<p class=\"direction-ltr align-start para-style-body\">DRAMATITZACIONS:\u00a0Presentaci\u00f3 d&#8217;obres adaptades amb la participaci\u00f3 de les fam\u00edlies.<\/p>\n<p class=\"direction-ltr align-start para-style-body\">CROSSSING BOOK:\u00a0Intercanvi de llibres entre tota la comunitat educativa.<\/p>\n<p class=\"direction-ltr align-start para-style-body\">ENIGMES:\u00a0Proposta mensual d&#8217;un enigma relacionat amb una \u00e0rea de coneixement . Dirigit als alumnes i a les fam\u00edlies.<\/p>\n<p class=\"direction-ltr align-start para-style-body\">COMISSI\u00d3 D&#8217;ALUMNES DE LA BE:\u00a0Alumnes voluntaris de cicle superior formen part d&#8217;una comissi\u00f3 amb unes funcions espec\u00edfiques: ajuden els companys a ser bons usuaris de la BE, a triar lectures, ordenen els llibres dels carros a les prestatgeries, fan de conta-contes&#8230;<\/p>\n<p>&nbsp;<\/p>\n<p class=\"direction-ltr align-center para-style-body\"><em>&#8220;A la nostra biblioteca tothom hi \u00e9s benvingut:\u00a0tota la comunitat escolar hi est\u00e0 vinculada.&#8221;<\/em><\/p>\n<p><img loading=\"lazy\" decoding=\"async\" class=\"alignnone wp-image-8368 size-full\" src=\"https:\/\/projectes.xtec.cat\/bescat\/wp-content\/uploads\/usu793\/2019\/10\/ca.png\" alt=\"\" width=\"365\" height=\"642\" srcset=\"https:\/\/projectes.xtec.cat\/bescat\/wp-content\/uploads\/usu793\/2019\/10\/ca.png 365w, https:\/\/projectes.xtec.cat\/bescat\/wp-content\/uploads\/usu793\/2019\/10\/ca-171x300.png 171w\" sizes=\"auto, (max-width: 365px) 100vw, 365px\" \/> <img loading=\"lazy\" decoding=\"async\" class=\"alignnone wp-image-8369 size-full\" src=\"https:\/\/projectes.xtec.cat\/bescat\/wp-content\/uploads\/usu793\/2019\/10\/cb.png\" alt=\"\" width=\"924\" height=\"290\" srcset=\"https:\/\/projectes.xtec.cat\/bescat\/wp-content\/uploads\/usu793\/2019\/10\/cb.png 924w, https:\/\/projectes.xtec.cat\/bescat\/wp-content\/uploads\/usu793\/2019\/10\/cb-300x94.png 300w, https:\/\/projectes.xtec.cat\/bescat\/wp-content\/uploads\/usu793\/2019\/10\/cb-768x241.png 768w\" sizes=\"auto, (max-width: 924px) 100vw, 924px\" \/> <img loading=\"lazy\" decoding=\"async\" class=\"alignnone wp-image-8370 size-full\" src=\"https:\/\/projectes.xtec.cat\/bescat\/wp-content\/uploads\/usu793\/2019\/10\/cc.png\" alt=\"\" width=\"360\" height=\"257\" srcset=\"https:\/\/projectes.xtec.cat\/bescat\/wp-content\/uploads\/usu793\/2019\/10\/cc.png 360w, https:\/\/projectes.xtec.cat\/bescat\/wp-content\/uploads\/usu793\/2019\/10\/cc-300x214.png 300w\" sizes=\"auto, (max-width: 360px) 100vw, 360px\" \/><\/p>\n","protected":false},"excerpt":{"rendered":"<p>Centre: <a href=\"https:\/\/agora.xtec.cat\/ceip-rcastelltort\/categoria\/biblioteca\/\" target=\"_blank\" rel=\"noopener noreferrer\">Escola Pare Ramon Castelltort i Miralda<\/a> d&#8217;Igualada<br \/>\nL\u00ednia 2: La biblioteca escolar com a agent d\u2019equitat, participaci\u00f3 i cohesi\u00f3 de la comunitat educativa.<br \/>\nEtapa: Prim\u00e0ria.<br \/>\nQuines activitats s&#8217;hi fan?<br \/>\nSANT JORDI: LECTURA DE POEMES, M\u00daSICA I IMATGES.<br \/>\nAlumnes voluntaris de cada classe es preparen un&hellip;  <a href=\"https:\/\/projectes.xtec.cat\/bescat\/portada\/una-biblioteca-participativa-de-totes-i-per-a-tots\/\" title=\"Read Una biblioteca participativa de totes i per a tots.\">Llegeix m\u00e9s\u00bb<\/a><\/p>\n","protected":false},"author":3,"featured_media":8368,"comment_status":"open","ping_status":"closed","sticky":false,"template":"","format":"standard","meta":{"_bbp_topic_count":0,"_bbp_reply_count":0,"_bbp_total_topic_count":0,"_bbp_total_reply_count":0,"_bbp_voice_count":0,"_bbp_anonymous_reply_count":0,"_bbp_topic_count_hidden":0,"_bbp_reply_count_hidden":0,"_bbp_forum_subforum_count":0,"footnotes":""},"categories":[296,29,288],"tags":[],"class_list":["post-8367","post","type-post","status-publish","format-standard","has-post-thumbnail","hentry","category-l2","category-portada","category-primaria"],"post_mailing_queue_ids":[],"_links":{"self":[{"href":"https:\/\/projectes.xtec.cat\/bescat\/wp-json\/wp\/v2\/posts\/8367","targetHints":{"allow":["GET"]}}],"collection":[{"href":"https:\/\/projectes.xtec.cat\/bescat\/wp-json\/wp\/v2\/posts"}],"about":[{"href":"https:\/\/projectes.xtec.cat\/bescat\/wp-json\/wp\/v2\/types\/post"}],"author":[{"embeddable":true,"href":"https:\/\/projectes.xtec.cat\/bescat\/wp-json\/wp\/v2\/users\/3"}],"replies":[{"embeddable":true,"href":"https:\/\/projectes.xtec.cat\/bescat\/wp-json\/wp\/v2\/comments?post=8367"}],"version-history":[{"count":1,"href":"https:\/\/projectes.xtec.cat\/bescat\/wp-json\/wp\/v2\/posts\/8367\/revisions"}],"predecessor-version":[{"id":8371,"href":"https:\/\/projectes.xtec.cat\/bescat\/wp-json\/wp\/v2\/posts\/8367\/revisions\/8371"}],"wp:featuredmedia":[{"embeddable":true,"href":"https:\/\/projectes.xtec.cat\/bescat\/wp-json\/wp\/v2\/media\/8368"}],"wp:attachment":[{"href":"https:\/\/projectes.xtec.cat\/bescat\/wp-json\/wp\/v2\/media?parent=8367"}],"wp:term":[{"taxonomy":"category","embeddable":true,"href":"https:\/\/projectes.xtec.cat\/bescat\/wp-json\/wp\/v2\/categories?post=8367"},{"taxonomy":"post_tag","embeddable":true,"href":"https:\/\/projectes.xtec.cat\/bescat\/wp-json\/wp\/v2\/tags?post=8367"}],"curies":[{"name":"wp","href":"https:\/\/api.w.org\/{rel}","templated":true}]}}