{"id":8517,"date":"2019-11-19T08:00:03","date_gmt":"2019-11-19T07:00:03","guid":{"rendered":"https:\/\/projectes.xtec.cat\/bescat\/?p=8517"},"modified":"2020-03-12T10:11:17","modified_gmt":"2020-03-12T09:11:17","slug":"jornada-lecxit-laventura-dacompanyar-a-un-infant-lector","status":"publish","type":"post","link":"https:\/\/projectes.xtec.cat\/bescat\/portada\/jornada-lecxit-laventura-dacompanyar-a-un-infant-lector\/","title":{"rendered":"Jornada Lecxit: L&#8217;aventura d&#8217;acompanyar a un infant lector!"},"content":{"rendered":"<p><a href=\"https:\/\/www.fbofill.cat\/agenda\/laventura-dacompanyar-un-infant-lector\" target=\"_blank\" rel=\"noopener noreferrer\"><img loading=\"lazy\" decoding=\"async\" class=\"alignleft wp-image-8518 size-full\" src=\"https:\/\/projectes.xtec.cat\/bescat\/wp-content\/uploads\/usu793\/2019\/11\/Jornada-LECXIT_Butlleti-3-1.png\" alt=\"\" width=\"286\" height=\"405\" srcset=\"https:\/\/projectes.xtec.cat\/bescat\/wp-content\/uploads\/usu793\/2019\/11\/Jornada-LECXIT_Butlleti-3-1.png 286w, https:\/\/projectes.xtec.cat\/bescat\/wp-content\/uploads\/usu793\/2019\/11\/Jornada-LECXIT_Butlleti-3-1-212x300.png 212w\" sizes=\"auto, (max-width: 286px) 100vw, 286px\" \/><\/a><\/p>\n<p>El proper dissabte 30 de novembre, al <a href=\"https:\/\/www.google.com\/maps\/place\/Passeig+de+Sant+Joan,+108,+08037+Barcelona\/@41.3999071,2.1671603,17\">Palau Macaya<\/a> de Barcelona, tindr\u00e0 lloc la Jornada Lecxit: <em>L&#8217;aventura d&#8217;acompanyar a un infant lector! La mentoria al servei de la comprensi\u00f3 lectora. <\/em>L&#8217;objectiu de la jornada \u00e9s aportar idees i estrat\u00e8gies en la tasca d&#8217;acompanyament a la millora de la comprensi\u00f3 lectora dels infants.<\/p>\n<p>Trobareu m\u00e9s informaci\u00f3 i el programa de la jornada a l&#8217; enlla\u00e7 seg\u00fcent:<\/p>\n<p><a href=\"https:\/\/www.fbofill.cat\/agenda\/laventura-dacompanyar-un-infant-lector\" target=\"_blank\" rel=\"noopener noreferrer\">https:\/\/www.fbofill.cat\/agenda\/laventura-dacompanyar-un-infant-lector<\/a><\/p>\n<p>L&#8217;acc\u00e9s \u00e9s lliure i gratu\u00eft, amb inscripci\u00f3 pr\u00e8via a un dels tallers. Tamb\u00e9 podeu seguir el debat per <a href=\"https:\/\/www.fbofill.cat\/formularis\/301119-jornada-lecxit-streaming\" target=\"_blank\" rel=\"noopener noreferrer\">streaming.<\/a><\/p>\n","protected":false},"excerpt":{"rendered":"<p><a href=\"https:\/\/www.fbofill.cat\/agenda\/laventura-dacompanyar-un-infant-lector\" target=\"_blank\" rel=\"noopener noreferrer\"><\/a><br \/>\nEl proper dissabte 30 de novembre, al <a href=\"https:\/\/www.google.com\/maps\/place\/Passeig+de+Sant+Joan,+108,+08037+Barcelona\/@41.3999071,2.1671603,17\">Palau Macaya<\/a> de Barcelona, tindr\u00e0 lloc la Jornada Lecxit: L&#8217;aventura d&#8217;acompanyar a un infant lector! La mentoria al servei de la comprensi\u00f3 lectora. L&#8217;objectiu de la jornada \u00e9s aportar idees i estrat\u00e8gies en&hellip;  <a href=\"https:\/\/projectes.xtec.cat\/bescat\/portada\/jornada-lecxit-laventura-dacompanyar-a-un-infant-lector\/\" title=\"Read Jornada Lecxit: L&#8217;aventura d&#8217;acompanyar a un infant lector!\">Llegeix m\u00e9s\u00bb<\/a><\/p>\n","protected":false},"author":5,"featured_media":8518,"comment_status":"open","ping_status":"closed","sticky":false,"template":"","format":"standard","meta":{"_bbp_topic_count":0,"_bbp_reply_count":0,"_bbp_total_topic_count":0,"_bbp_total_reply_count":0,"_bbp_voice_count":0,"_bbp_anonymous_reply_count":0,"_bbp_topic_count_hidden":0,"_bbp_reply_count_hidden":0,"_bbp_forum_subforum_count":0,"footnotes":""},"categories":[154,379,29],"tags":[305],"class_list":["post-8517","post","type-post","status-publish","format-standard","has-post-thumbnail","hentry","category-formacio","category-noticies","category-portada","tag-jornades"],"post_mailing_queue_ids":[],"_links":{"self":[{"href":"https:\/\/projectes.xtec.cat\/bescat\/wp-json\/wp\/v2\/posts\/8517","targetHints":{"allow":["GET"]}}],"collection":[{"href":"https:\/\/projectes.xtec.cat\/bescat\/wp-json\/wp\/v2\/posts"}],"about":[{"href":"https:\/\/projectes.xtec.cat\/bescat\/wp-json\/wp\/v2\/types\/post"}],"author":[{"embeddable":true,"href":"https:\/\/projectes.xtec.cat\/bescat\/wp-json\/wp\/v2\/users\/5"}],"replies":[{"embeddable":true,"href":"https:\/\/projectes.xtec.cat\/bescat\/wp-json\/wp\/v2\/comments?post=8517"}],"version-history":[{"count":3,"href":"https:\/\/projectes.xtec.cat\/bescat\/wp-json\/wp\/v2\/posts\/8517\/revisions"}],"predecessor-version":[{"id":8573,"href":"https:\/\/projectes.xtec.cat\/bescat\/wp-json\/wp\/v2\/posts\/8517\/revisions\/8573"}],"wp:featuredmedia":[{"embeddable":true,"href":"https:\/\/projectes.xtec.cat\/bescat\/wp-json\/wp\/v2\/media\/8518"}],"wp:attachment":[{"href":"https:\/\/projectes.xtec.cat\/bescat\/wp-json\/wp\/v2\/media?parent=8517"}],"wp:term":[{"taxonomy":"category","embeddable":true,"href":"https:\/\/projectes.xtec.cat\/bescat\/wp-json\/wp\/v2\/categories?post=8517"},{"taxonomy":"post_tag","embeddable":true,"href":"https:\/\/projectes.xtec.cat\/bescat\/wp-json\/wp\/v2\/tags?post=8517"}],"curies":[{"name":"wp","href":"https:\/\/api.w.org\/{rel}","templated":true}]}}