{"id":8522,"date":"2019-11-11T08:33:34","date_gmt":"2019-11-11T07:33:34","guid":{"rendered":"https:\/\/projectes.xtec.cat\/bescat\/?p=8522"},"modified":"2020-03-12T10:11:39","modified_gmt":"2020-03-12T09:11:39","slug":"iv-jornada-biblioteca-comunitat-educativa","status":"publish","type":"post","link":"https:\/\/projectes.xtec.cat\/bescat\/general\/iv-jornada-biblioteca-comunitat-educativa\/","title":{"rendered":"IV Jornada Biblioteca &#038; Comunitat Educativa"},"content":{"rendered":"<p><a href=\"https:\/\/serveiseducatius.xtec.cat\/baixllobregat5\/jornada-biblioteca-comunitat-educativa\/iv-jornada-biblioteca-comunitat-educativa-2019\/\"><img loading=\"lazy\" decoding=\"async\" class=\"alignleft wp-image-8556 size-full\" src=\"https:\/\/projectes.xtec.cat\/bescat\/wp-content\/uploads\/usu793\/2019\/11\/B_EDU2019-1.png\" alt=\"\" width=\"491\" height=\"299\" srcset=\"https:\/\/projectes.xtec.cat\/bescat\/wp-content\/uploads\/usu793\/2019\/11\/B_EDU2019-1.png 491w, https:\/\/projectes.xtec.cat\/bescat\/wp-content\/uploads\/usu793\/2019\/11\/B_EDU2019-1-300x183.png 300w\" sizes=\"auto, (max-width: 491px) 100vw, 491px\" \/><\/a><\/p>\n<p>La Xarxa de Biblioteques de Cornell\u00e0 i el Servei Educatiu del Baix Llobregat V, amb la col\u00b7laboraci\u00f3 de l\u2019Ajuntament de Cornell\u00e0 i la Diputaci\u00f3 de Barcelona organitzen la 4a Jornada de biblioteques i entorn, que es fa amb car\u00e0cter bianual.<\/p>\n<p>\u00c9s un espai matinal de treball, reflexi\u00f3 i intercanvi al voltant del titular <strong><em>Complexitat i complicitats<\/em>. <\/strong>Tindr\u00e0 lloc el\u00a0 proper dilluns 18 de novembre a la Biblioteca Sant Ildefons de Cornell\u00e0 de Llobregat<\/p>\n<p>\u00das adjuntem l&#8217;enlla\u00e7 amb la informaci\u00f3 de la jornada i us animem a participar.hi!<\/p>\n<p>&nbsp;<\/p>\n<p><a href=\"https:\/\/serveiseducatius.xtec.cat\/baixllobregat5\/jornada-biblioteca-comunitat-educativa\/iv-jornada-biblioteca-comunitat-educativa-2019\/\">https:\/\/serveiseducatius.xtec.cat\/baixllobregat5\/jornada-biblioteca-comunitat-educativa\/iv-jornada-biblioteca-comunitat-educativa-2019\/<\/a><\/p>\n<p>&nbsp;<\/p>\n","protected":false},"excerpt":{"rendered":"<p><a href=\"https:\/\/serveiseducatius.xtec.cat\/baixllobregat5\/jornada-biblioteca-comunitat-educativa\/iv-jornada-biblioteca-comunitat-educativa-2019\/\"><\/a><br \/>\nLa Xarxa de Biblioteques de Cornell\u00e0 i el Servei Educatiu del Baix Llobregat V, amb la col\u00b7laboraci\u00f3 de l\u2019Ajuntament de Cornell\u00e0 i la Diputaci\u00f3 de Barcelona organitzen la 4a Jornada de biblioteques i entorn, que es fa amb car\u00e0cter bianual.<br \/>\n\u00c9s un espai matinal de&hellip;  <a href=\"https:\/\/projectes.xtec.cat\/bescat\/general\/iv-jornada-biblioteca-comunitat-educativa\/\" title=\"Read IV Jornada Biblioteca &#038; Comunitat Educativa\">Llegeix m\u00e9s\u00bb<\/a><\/p>\n","protected":false},"author":5,"featured_media":8523,"comment_status":"open","ping_status":"closed","sticky":false,"template":"","format":"standard","meta":{"_bbp_topic_count":0,"_bbp_reply_count":0,"_bbp_total_topic_count":0,"_bbp_total_reply_count":0,"_bbp_voice_count":0,"_bbp_anonymous_reply_count":0,"_bbp_topic_count_hidden":0,"_bbp_reply_count_hidden":0,"_bbp_forum_subforum_count":0,"footnotes":""},"categories":[154,1,379,29],"tags":[305,307],"class_list":["post-8522","post","type-post","status-publish","format-standard","has-post-thumbnail","hentry","category-formacio","category-general","category-noticies","category-portada","tag-jornades","tag-servei-educatiu"],"post_mailing_queue_ids":[],"_links":{"self":[{"href":"https:\/\/projectes.xtec.cat\/bescat\/wp-json\/wp\/v2\/posts\/8522","targetHints":{"allow":["GET"]}}],"collection":[{"href":"https:\/\/projectes.xtec.cat\/bescat\/wp-json\/wp\/v2\/posts"}],"about":[{"href":"https:\/\/projectes.xtec.cat\/bescat\/wp-json\/wp\/v2\/types\/post"}],"author":[{"embeddable":true,"href":"https:\/\/projectes.xtec.cat\/bescat\/wp-json\/wp\/v2\/users\/5"}],"replies":[{"embeddable":true,"href":"https:\/\/projectes.xtec.cat\/bescat\/wp-json\/wp\/v2\/comments?post=8522"}],"version-history":[{"count":3,"href":"https:\/\/projectes.xtec.cat\/bescat\/wp-json\/wp\/v2\/posts\/8522\/revisions"}],"predecessor-version":[{"id":8557,"href":"https:\/\/projectes.xtec.cat\/bescat\/wp-json\/wp\/v2\/posts\/8522\/revisions\/8557"}],"wp:featuredmedia":[{"embeddable":true,"href":"https:\/\/projectes.xtec.cat\/bescat\/wp-json\/wp\/v2\/media\/8523"}],"wp:attachment":[{"href":"https:\/\/projectes.xtec.cat\/bescat\/wp-json\/wp\/v2\/media?parent=8522"}],"wp:term":[{"taxonomy":"category","embeddable":true,"href":"https:\/\/projectes.xtec.cat\/bescat\/wp-json\/wp\/v2\/categories?post=8522"},{"taxonomy":"post_tag","embeddable":true,"href":"https:\/\/projectes.xtec.cat\/bescat\/wp-json\/wp\/v2\/tags?post=8522"}],"curies":[{"name":"wp","href":"https:\/\/api.w.org\/{rel}","templated":true}]}}