{"id":8558,"date":"2019-11-13T08:53:54","date_gmt":"2019-11-13T07:53:54","guid":{"rendered":"https:\/\/projectes.xtec.cat\/bescat\/?p=8558"},"modified":"2019-11-13T08:53:54","modified_gmt":"2019-11-13T07:53:54","slug":"lalbum-a-laula-una-altra-manera-de-llegir","status":"publish","type":"post","link":"https:\/\/projectes.xtec.cat\/bescat\/general\/lalbum-a-laula-una-altra-manera-de-llegir\/","title":{"rendered":"&#8220;L&#8217;\u00e0lbum a l&#8217;aula: una altra manera de llegir&#8221;"},"content":{"rendered":"<p><a href=\"https:\/\/projectes.xtec.cat\/bescat\/wp-content\/uploads\/usu793\/2019\/11\/CapturaAlbum.jpg\"><img loading=\"lazy\" decoding=\"async\" class=\"alignleft wp-image-8561 \" src=\"https:\/\/projectes.xtec.cat\/bescat\/wp-content\/uploads\/usu793\/2019\/11\/CapturaAlbum-225x300.jpg\" alt=\"\" width=\"353\" height=\"470\" srcset=\"https:\/\/projectes.xtec.cat\/bescat\/wp-content\/uploads\/usu793\/2019\/11\/CapturaAlbum-225x300.jpg 225w, https:\/\/projectes.xtec.cat\/bescat\/wp-content\/uploads\/usu793\/2019\/11\/CapturaAlbum.jpg 688w\" sizes=\"auto, (max-width: 353px) 100vw, 353px\" \/><\/a>El passat dimecres 6 de novembre, en el marc <a href=\"https:\/\/sites.google.com\/a\/xtec.cat\/dinamitzacio-bepe\/\">seminari de biblioteques escolars del Pla de l&#8217;Estany <\/a>(Banyoles) es va fer una sessi\u00f3 de formaci\u00f3 amb l&#8217;acompanyament dels membres del Programa &#8220;puntedu&#8221;, sota el t\u00edtol: &#8220;L&#8217;\u00e0lbum a l&#8217;aula: una altra manera de llegir&#8221;. L&#8217;objectiu d&#8217;aquesta sessi\u00f3 era donar pistes per organitzar i dinamitzar les biblioteques d&#8217;aula i reflexionar sobre les potencialitats dels \u00e0lbums. La sessi\u00f3 es va fer a la biblioteca de l&#8217;escola La Draga, de Banyoles, un lloc amb encant.<\/p>\n<p>Alguns dels interrogants que van servir per emmarcar la reflexi\u00f3 van ser la complementarietat biblioteca escolar-biblioteca d&#8217;aula, els criteris d&#8217;adquisici\u00f3 dels fons de les biblioteques d&#8217;aula i la seva dinamitzaci\u00f3, les qualitats i caracter\u00edstiques dels \u00e0lbums\u00a0 i les seves possibilitats.<\/p>\n<p>I vosaltres, teniu biblioteques a les aules? Utilitzeu sovint els \u00e0lbums en el vostre temps de lectura? Quins s\u00f3n els vostres preferits?<\/p>\n<p>Enllacem dos documents que, si no coneixeu, poden ser del vostre inter\u00e8s:<\/p>\n<ul>\n<li><a href=\"http:\/\/xtec.gencat.cat\/web\/.content\/projectes\/biblioteca\/organitzacio\/documents\/bib_aula_marc_2016_web.pdf\">La biblioteca d&#8217;aula: una oportunitat per a la lectura i el coneixement.<\/a><\/li>\n<li><a href=\"http:\/\/xtec.gencat.cat\/web\/.content\/alfresco\/d\/d\/workspace\/SpacesStore\/0061\/8a244715-1333-4a23-adcc-735622e229f8\/albums_illustrat.pdf\">Els \u00e0lbums i els llibres il\u00b7lustrats: una descoberta, diverses veus.\u00a0<\/a><\/li>\n<\/ul>\n<p>&nbsp;<\/p>\n<p><img loading=\"lazy\" decoding=\"async\" class=\" wp-image-8567 aligncenter\" src=\"https:\/\/projectes.xtec.cat\/bescat\/wp-content\/uploads\/usu793\/2019\/11\/bonalectura.png\" alt=\"\" width=\"290\" height=\"92\" srcset=\"https:\/\/projectes.xtec.cat\/bescat\/wp-content\/uploads\/usu793\/2019\/11\/bonalectura.png 515w, https:\/\/projectes.xtec.cat\/bescat\/wp-content\/uploads\/usu793\/2019\/11\/bonalectura-300x95.png 300w\" sizes=\"auto, (max-width: 290px) 100vw, 290px\" \/><\/p>\n<p><a href=\"https:\/\/projectes.xtec.cat\/bescat\/wp-content\/uploads\/usu793\/2019\/11\/Captura2.jpg\" target=\"_blank\" rel=\"https:\/\/agora.xtec.cat\/ceipladraga\/projecte-educatiu\/biblioteca\/ noopener noreferrer\"><img loading=\"lazy\" decoding=\"async\" class=\"aligncenter wp-image-8560\" title=\"Biblioteca escola La Draga (Banyoles)\" src=\"https:\/\/projectes.xtec.cat\/bescat\/wp-content\/uploads\/usu793\/2019\/11\/Captura2.jpg\" alt=\"\" width=\"446\" height=\"338\" srcset=\"https:\/\/projectes.xtec.cat\/bescat\/wp-content\/uploads\/usu793\/2019\/11\/Captura2.jpg 1224w, https:\/\/projectes.xtec.cat\/bescat\/wp-content\/uploads\/usu793\/2019\/11\/Captura2-300x227.jpg 300w, https:\/\/projectes.xtec.cat\/bescat\/wp-content\/uploads\/usu793\/2019\/11\/Captura2-768x582.jpg 768w, https:\/\/projectes.xtec.cat\/bescat\/wp-content\/uploads\/usu793\/2019\/11\/Captura2-1024x776.jpg 1024w\" sizes=\"auto, (max-width: 446px) 100vw, 446px\" \/><\/a><\/p>\n<p style=\"text-align: center;\"><a href=\"https:\/\/agora.xtec.cat\/ceipladraga\/projecte-educatiu\/biblioteca\/\" target=\"_blank\" rel=\"noopener noreferrer\">Biblioteca escola La Draga (Banyoles)<\/a><\/p>\n<p>&nbsp;<\/p>\n","protected":false},"excerpt":{"rendered":"<p><a href=\"https:\/\/projectes.xtec.cat\/bescat\/wp-content\/uploads\/usu793\/2019\/11\/CapturaAlbum.jpg\"><\/a>El passat dimecres 6 de novembre, en el marc <a href=\"https:\/\/sites.google.com\/a\/xtec.cat\/dinamitzacio-bepe\/\">seminari de biblioteques escolars del Pla de l&#8217;Estany <\/a>(Banyoles) es va fer una sessi\u00f3 de formaci\u00f3 amb l&#8217;acompanyament dels membres del Programa &#8220;puntedu&#8221;, sota el t\u00edtol: &#8220;L&#8217;\u00e0lbum a l&#8217;aula: una altra manera de llegir&#8221;.&hellip;  <a href=\"https:\/\/projectes.xtec.cat\/bescat\/general\/lalbum-a-laula-una-altra-manera-de-llegir\/\" title=\"Read &#8220;L&#8217;\u00e0lbum a l&#8217;aula: una altra manera de llegir&#8221;\">Llegeix m\u00e9s\u00bb<\/a><\/p>\n","protected":false},"author":5,"featured_media":8559,"comment_status":"open","ping_status":"closed","sticky":false,"template":"","format":"standard","meta":{"_bbp_topic_count":0,"_bbp_reply_count":0,"_bbp_total_topic_count":0,"_bbp_total_reply_count":0,"_bbp_voice_count":0,"_bbp_anonymous_reply_count":0,"_bbp_topic_count_hidden":0,"_bbp_reply_count_hidden":0,"_bbp_forum_subforum_count":0,"footnotes":""},"categories":[64,154,1,29],"tags":[306,310,307],"class_list":["post-8558","post","type-post","status-publish","format-standard","has-post-thumbnail","hentry","category-comunitat","category-formacio","category-general","category-portada","tag-album","tag-formacio","tag-servei-educatiu"],"post_mailing_queue_ids":[],"_links":{"self":[{"href":"https:\/\/projectes.xtec.cat\/bescat\/wp-json\/wp\/v2\/posts\/8558","targetHints":{"allow":["GET"]}}],"collection":[{"href":"https:\/\/projectes.xtec.cat\/bescat\/wp-json\/wp\/v2\/posts"}],"about":[{"href":"https:\/\/projectes.xtec.cat\/bescat\/wp-json\/wp\/v2\/types\/post"}],"author":[{"embeddable":true,"href":"https:\/\/projectes.xtec.cat\/bescat\/wp-json\/wp\/v2\/users\/5"}],"replies":[{"embeddable":true,"href":"https:\/\/projectes.xtec.cat\/bescat\/wp-json\/wp\/v2\/comments?post=8558"}],"version-history":[{"count":3,"href":"https:\/\/projectes.xtec.cat\/bescat\/wp-json\/wp\/v2\/posts\/8558\/revisions"}],"predecessor-version":[{"id":8572,"href":"https:\/\/projectes.xtec.cat\/bescat\/wp-json\/wp\/v2\/posts\/8558\/revisions\/8572"}],"wp:featuredmedia":[{"embeddable":true,"href":"https:\/\/projectes.xtec.cat\/bescat\/wp-json\/wp\/v2\/media\/8559"}],"wp:attachment":[{"href":"https:\/\/projectes.xtec.cat\/bescat\/wp-json\/wp\/v2\/media?parent=8558"}],"wp:term":[{"taxonomy":"category","embeddable":true,"href":"https:\/\/projectes.xtec.cat\/bescat\/wp-json\/wp\/v2\/categories?post=8558"},{"taxonomy":"post_tag","embeddable":true,"href":"https:\/\/projectes.xtec.cat\/bescat\/wp-json\/wp\/v2\/tags?post=8558"}],"curies":[{"name":"wp","href":"https:\/\/api.w.org\/{rel}","templated":true}]}}