{"id":8587,"date":"2019-12-09T09:00:20","date_gmt":"2019-12-09T08:00:20","guid":{"rendered":"https:\/\/projectes.xtec.cat\/bescat\/?p=8587"},"modified":"2019-12-10T09:31:27","modified_gmt":"2019-12-10T08:31:27","slug":"activitats-de-gestio-i-de-la-informacio-a-linstitut-mediterrania","status":"publish","type":"post","link":"https:\/\/projectes.xtec.cat\/bescat\/general\/activitats-de-gestio-i-de-la-informacio-a-linstitut-mediterrania\/","title":{"rendered":"Activitats en l&#8217;\u00fas i la gesti\u00f3 i de la informaci\u00f3 a l&#8217;Institut Mediterr\u00e0nia"},"content":{"rendered":"<p><img loading=\"lazy\" decoding=\"async\" class=\"wp-image-8627 alignleft\" src=\"https:\/\/projectes.xtec.cat\/bescat\/wp-content\/uploads\/usu793\/2019\/11\/not-300x162.jpg\" alt=\"\" width=\"500\" height=\"270\" srcset=\"https:\/\/projectes.xtec.cat\/bescat\/wp-content\/uploads\/usu793\/2019\/11\/not-300x162.jpg 300w, https:\/\/projectes.xtec.cat\/bescat\/wp-content\/uploads\/usu793\/2019\/11\/not-768x414.jpg 768w, https:\/\/projectes.xtec.cat\/bescat\/wp-content\/uploads\/usu793\/2019\/11\/not-1024x553.jpg 1024w, https:\/\/projectes.xtec.cat\/bescat\/wp-content\/uploads\/usu793\/2019\/11\/not.jpg 1351w\" sizes=\"auto, (max-width: 500px) 100vw, 500px\" \/>Centre: <a href=\"https:\/\/bibliotecaiesmediterrania.wordpress.com\/2019\/12\/06\/sessions-de-formacio-durant-el-primer-trimestre\/\">Institut Mediterr\u00e0nia<\/a> (El Masnou)<\/p>\n<p>L\u00ednia 5: La biblioteca escolar com a agent d&#8217;impuls i participaci\u00f3 activa a la cultura digital.<\/p>\n<p>Etapa: ESO, batxillerat.<\/p>\n<p><strong>Objectius: <\/strong><\/p>\n<ul>\n<li>Ajudar a millorar les compet\u00e8ncies relacionades amb la informaci\u00f3 per tal d&#8217;optimitzar les seves cerques i l\u2019\u00fas que fan de la informaci\u00f3 trobada.<\/li>\n<\/ul>\n<p><strong>Explicaci\u00f3<\/strong><\/p>\n<p data-adtags-visited=\"true\">Un curs m\u00e9s, des de la biblioteca hem realitzat una seq\u00fc\u00e8ncia d&#8217;activitats al voltant de l\u2019\u00fas i la gesti\u00f3 de la informaci\u00f3.<\/p>\n<p data-adtags-visited=\"true\">Les activitats s\u00f3n diferents a cada curs d&#8217;ESO i al batxillerat:<\/p>\n<p data-adtags-visited=\"true\"><a href=\"https:\/\/issuu.com\/bibliomediterrania\/docs\/1r_eso_-_com_elaborar_un_bon_trebal\" target=\"_blank\" rel=\"noopener noreferrer\"><strong>1r d\u2019ESO<\/strong>\u00a0\u2013 Com elaborar un bon treball<\/a><\/p>\n<p data-adtags-visited=\"true\"><a href=\"https:\/\/issuu.com\/bibliomediterrania\/docs\/2n_eso_-_not_cies_falses_i_rumors_1\" target=\"_blank\" rel=\"noopener noreferrer\"><strong>2n d\u2019ESO<\/strong>\u00a0\u2013 Not\u00edcies falses i rumors<\/a><\/p>\n<p data-adtags-visited=\"true\"><a href=\"https:\/\/issuu.com\/bibliomediterrania\/docs\/3r_eso_-_com_fer_cerques_a_internet\" target=\"_blank\" rel=\"noopener noreferrer\"><strong>3r d\u2019ESO \u2013<\/strong>\u00a0Com fer cerques correctament a Google<\/a><\/p>\n<p data-adtags-visited=\"true\"><a href=\"https:\/\/issuu.com\/bibliomediterrania\/docs\/4t_eso_-_fonts_d_informaci_\" target=\"_blank\" rel=\"noopener noreferrer\"><strong>4t d\u2019ESO<\/strong>\u00a0\u2013 Fonts d\u2019informaci\u00f3: m\u00e9s enll\u00e0 de Google i Viquip\u00e8dia<\/a><\/p>\n<p data-adtags-visited=\"true\"><a href=\"https:\/\/issuu.com\/bibliomediterrania\/docs\/4t_d_eso_-_el_projecte_de_recerca_1_\" target=\"_blank\" rel=\"noopener noreferrer\"><strong>4t d&#8217;ESO<\/strong><strong> \u2013 <\/strong>El projecte de recerca (novetat curs 19\/20)<\/a><\/p>\n<p data-adtags-visited=\"true\"><a href=\"https:\/\/issuu.com\/bibliomediterrania\/docs\/1r_batx_-_el_treball_de_recerca.ppt_bf60caec067a53\" target=\"_blank\" rel=\"noopener noreferrer\"><strong>1r de Batxillerat<\/strong>\u00a0\u2013 El Treball de Recerca<\/a><\/p>\n<p data-adtags-visited=\"true\">\u00a0<strong>\u00a0 \u00a0 \u00a0 <\/strong><img loading=\"lazy\" decoding=\"async\" class=\"wp-image-8631 aligncenter\" src=\"https:\/\/projectes.xtec.cat\/bescat\/wp-content\/uploads\/usu793\/2019\/12\/TR-300x177.jpg\" alt=\"\" width=\"500\" height=\"296\" srcset=\"https:\/\/projectes.xtec.cat\/bescat\/wp-content\/uploads\/usu793\/2019\/12\/TR-300x177.jpg 300w, https:\/\/projectes.xtec.cat\/bescat\/wp-content\/uploads\/usu793\/2019\/12\/TR-768x454.jpg 768w, https:\/\/projectes.xtec.cat\/bescat\/wp-content\/uploads\/usu793\/2019\/12\/TR-1024x605.jpg 1024w, https:\/\/projectes.xtec.cat\/bescat\/wp-content\/uploads\/usu793\/2019\/12\/TR.jpg 1299w\" sizes=\"auto, (max-width: 500px) 100vw, 500px\" \/><\/p>\n<p>.<\/p>\n","protected":false},"excerpt":{"rendered":"<p>Centre: <a href=\"https:\/\/bibliotecaiesmediterrania.wordpress.com\/2019\/12\/06\/sessions-de-formacio-durant-el-primer-trimestre\/\">Institut Mediterr\u00e0nia<\/a> (El Masnou)<br \/>\nL\u00ednia 5: La biblioteca escolar com a agent d&#8217;impuls i participaci\u00f3 activa a la cultura digital.<br \/>\nEtapa: ESO, batxillerat.<br \/>\nObjectius: <\/p>\n<ul>\n<li>Ajudar a millorar les compet\u00e8ncies relacionades amb la informaci\u00f3 per tal d&#8217;optimitzar les seves cerques i l\u2019\u00fas que fan de la informaci\u00f3&hellip;  <a href=\"https:\/\/projectes.xtec.cat\/bescat\/general\/activitats-de-gestio-i-de-la-informacio-a-linstitut-mediterrania\/\" title=\"Read Activitats en l&#8217;\u00fas i la gesti\u00f3 i de la informaci\u00f3 a l&#8217;Institut Mediterr\u00e0nia\">Llegeix m\u00e9s\u00bb<\/a><br \/>\n","protected":false},"author":5,"featured_media":8591,"comment_status":"open","ping_status":"closed","sticky":false,"template":"","format":"standard","meta":{"_bbp_topic_count":0,"_bbp_reply_count":0,"_bbp_total_topic_count":0,"_bbp_total_reply_count":0,"_bbp_voice_count":0,"_bbp_anonymous_reply_count":0,"_bbp_topic_count_hidden":0,"_bbp_reply_count_hidden":0,"_bbp_forum_subforum_count":0,"footnotes":""},"categories":[290,289,1,299,29],"tags":[309],"class_list":["post-8587","post","type-post","status-publish","format-standard","has-post-thumbnail","hentry","category-batxillerat","category-eso","category-general","category-l5","category-portada","tag-secundaria"],"post_mailing_queue_ids":[],"_links":{"self":[{"href":"https:\/\/projectes.xtec.cat\/bescat\/wp-json\/wp\/v2\/posts\/8587","targetHints":{"allow":["GET"]}}],"collection":[{"href":"https:\/\/projectes.xtec.cat\/bescat\/wp-json\/wp\/v2\/posts"}],"about":[{"href":"https:\/\/projectes.xtec.cat\/bescat\/wp-json\/wp\/v2\/types\/post"}],"author":[{"embeddable":true,"href":"https:\/\/projectes.xtec.cat\/bescat\/wp-json\/wp\/v2\/users\/5"}],"replies":[{"embeddable":true,"href":"https:\/\/projectes.xtec.cat\/bescat\/wp-json\/wp\/v2\/comments?post=8587"}],"version-history":[{"count":4,"href":"https:\/\/projectes.xtec.cat\/bescat\/wp-json\/wp\/v2\/posts\/8587\/revisions"}],"predecessor-version":[{"id":8637,"href":"https:\/\/projectes.xtec.cat\/bescat\/wp-json\/wp\/v2\/posts\/8587\/revisions\/8637"}],"wp:featuredmedia":[{"embeddable":true,"href":"https:\/\/projectes.xtec.cat\/bescat\/wp-json\/wp\/v2\/media\/8591"}],"wp:attachment":[{"href":"https:\/\/projectes.xtec.cat\/bescat\/wp-json\/wp\/v2\/media?parent=8587"}],"wp:term":[{"taxonomy":"category","embeddable":true,"href":"https:\/\/projectes.xtec.cat\/bescat\/wp-json\/wp\/v2\/categories?post=8587"},{"taxonomy":"post_tag","embeddable":true,"href":"https:\/\/projectes.xtec.cat\/bescat\/wp-json\/wp\/v2\/tags?post=8587"}],"curies":[{"name":"wp","href":"https:\/\/api.w.org\/{rel}","templated":true}]}}