{"id":8868,"date":"2020-03-03T13:17:22","date_gmt":"2020-03-03T12:17:22","guid":{"rendered":"https:\/\/projectes.xtec.cat\/bescat\/?p=8868"},"modified":"2020-03-12T10:07:24","modified_gmt":"2020-03-12T09:07:24","slug":"llegir-amb-els-fills-i-filles","status":"publish","type":"post","link":"https:\/\/projectes.xtec.cat\/bescat\/portada\/llegir-amb-els-fills-i-filles\/","title":{"rendered":"Llegir amb els fills i filles&#8230;"},"content":{"rendered":"<p>Qu\u00e8 podem fer per encomanar-los les ganes de llegir? Quins llibres li puc regalar pel seu aniversari? Els hem d&#8217;obligar a llegir cada dia, si no en tenen ganes? Segur que us han fet moltes preguntes d&#8217;aquest estil al vostre centre. Les fam\u00edlies necessiten els vostres consells, la vostra expertesa. El programa<a href=\"https:\/\/www.lectura.cat\/\"> <strong>LECXIT-Lectura per a l\u2019\u00e8xit educatiu<\/strong><\/a> ha publicat un material molt interessant, creat per en <a href=\"https:\/\/jaumecentelles.cat\/\">Jaume Centelles<\/a>, tot un referent en el m\u00f3n de la lectura i de la biblioteca.<\/p>\n<p style=\"text-align: center;\"><a href=\"https:\/\/www.fbofill.cat\/sites\/default\/files\/4Orientacions%20per%20a%20pares%20i%20mares.pdf\"><img loading=\"lazy\" decoding=\"async\" class=\"alignnone wp-image-8862\" src=\"https:\/\/projectes.xtec.cat\/bescat\/wp-content\/uploads\/usu793\/2020\/03\/mostra-1024x621.png\" alt=\"\" width=\"500\" height=\"303\" srcset=\"https:\/\/projectes.xtec.cat\/bescat\/wp-content\/uploads\/usu793\/2020\/03\/mostra-1024x621.png 1024w, https:\/\/projectes.xtec.cat\/bescat\/wp-content\/uploads\/usu793\/2020\/03\/mostra-300x182.png 300w, https:\/\/projectes.xtec.cat\/bescat\/wp-content\/uploads\/usu793\/2020\/03\/mostra-768x466.png 768w, https:\/\/projectes.xtec.cat\/bescat\/wp-content\/uploads\/usu793\/2020\/03\/mostra.png 1411w\" sizes=\"auto, (max-width: 500px) 100vw, 500px\" \/><\/a><\/p>\n<p style=\"text-align: left;\"><a href=\"https:\/\/www.fbofill.cat\/sites\/default\/files\/4Orientacions%20per%20a%20pares%20i%20mares.pdf\">Llegir amb els fills i filles: q\u00fcesti\u00f3 de confian\u00e7a, generositat i paci\u00e8ncia<\/a> \u00e9s un dossier dirigit a les fam\u00edlies. La seva estructura \u00e9s molt senzilla, cont\u00e9 quatre cap\u00edtols que aborden els temes que m\u00e9s els poden interessar:<\/p>\n<ul>\n<li><strong>12 propostes per promoure la lectura dels fills i filles. <\/strong>Amb format d&#8217;infografia es recomanen accions quotidianes i senzilles per afavorir el gust per llegir des de casa.<\/li>\n<li><strong>Quins llibres escollir per als nostres fills i filles? <\/strong>Orientacions per ajudar les fam\u00edlies a triar llibres per franges d&#8217;edat.<strong><br \/>\n<\/strong><\/li>\n<li><strong>Com podem acompanyar la lectura des de casa?<\/strong> Es mostren, de manera senzilla i accessible, tres tipus b\u00e0sics i necessaris de lectura: compartida, guiada i en veu alta.<strong><br \/>\n<\/strong><\/li>\n<li><strong>Lectura en temps de vacances. <\/strong>Un dec\u00e0leg amb consells per aprofitar aquest temps de lleure per gaudir de la lectura i els espais lectors.<strong><br \/>\n<\/strong><\/li>\n<\/ul>\n<p>Una proposta fresca, atractiva i engrescadora que ben segur que us agradaria traslladar a les fam\u00edlies del vostre centre.<\/p>\n<p style=\"text-align: center;\"><strong><img loading=\"lazy\" decoding=\"async\" class=\"alignnone size-medium wp-image-8599\" src=\"https:\/\/projectes.xtec.cat\/bescat\/wp-content\/uploads\/usu793\/2019\/11\/lectura-300x117.png\" alt=\"\" width=\"300\" height=\"117\" srcset=\"https:\/\/projectes.xtec.cat\/bescat\/wp-content\/uploads\/usu793\/2019\/11\/lectura-300x117.png 300w, https:\/\/projectes.xtec.cat\/bescat\/wp-content\/uploads\/usu793\/2019\/11\/lectura.png 520w\" sizes=\"auto, (max-width: 300px) 100vw, 300px\" \/><\/strong><\/p>\n","protected":false},"excerpt":{"rendered":"<p>Qu\u00e8 podem fer per encomanar-los les ganes de llegir? Quins llibres li puc regalar pel seu aniversari? Els hem d&#8217;obligar a llegir cada dia, si no en tenen ganes? Segur que us han fet moltes preguntes d&#8217;aquest estil al vostre centre. Les fam\u00edlies necessiten els&hellip;  <a href=\"https:\/\/projectes.xtec.cat\/bescat\/portada\/llegir-amb-els-fills-i-filles\/\" title=\"Read Llegir amb els fills i filles&#8230;\">Llegeix m\u00e9s\u00bb<\/a><\/p>\n","protected":false},"author":4,"featured_media":8862,"comment_status":"open","ping_status":"closed","sticky":false,"template":"","format":"standard","meta":{"_bbp_topic_count":0,"_bbp_reply_count":0,"_bbp_total_topic_count":0,"_bbp_total_reply_count":0,"_bbp_voice_count":0,"_bbp_anonymous_reply_count":0,"_bbp_topic_count_hidden":0,"_bbp_reply_count_hidden":0,"_bbp_forum_subforum_count":0,"footnotes":""},"categories":[379,29],"tags":[373,371,372],"class_list":["post-8868","post","type-post","status-publish","format-standard","has-post-thumbnail","hentry","category-noticies","category-portada","tag-families","tag-gust-per-llegir","tag-habit-lector"],"post_mailing_queue_ids":[],"_links":{"self":[{"href":"https:\/\/projectes.xtec.cat\/bescat\/wp-json\/wp\/v2\/posts\/8868","targetHints":{"allow":["GET"]}}],"collection":[{"href":"https:\/\/projectes.xtec.cat\/bescat\/wp-json\/wp\/v2\/posts"}],"about":[{"href":"https:\/\/projectes.xtec.cat\/bescat\/wp-json\/wp\/v2\/types\/post"}],"author":[{"embeddable":true,"href":"https:\/\/projectes.xtec.cat\/bescat\/wp-json\/wp\/v2\/users\/4"}],"replies":[{"embeddable":true,"href":"https:\/\/projectes.xtec.cat\/bescat\/wp-json\/wp\/v2\/comments?post=8868"}],"version-history":[{"count":1,"href":"https:\/\/projectes.xtec.cat\/bescat\/wp-json\/wp\/v2\/posts\/8868\/revisions"}],"predecessor-version":[{"id":8869,"href":"https:\/\/projectes.xtec.cat\/bescat\/wp-json\/wp\/v2\/posts\/8868\/revisions\/8869"}],"wp:featuredmedia":[{"embeddable":true,"href":"https:\/\/projectes.xtec.cat\/bescat\/wp-json\/wp\/v2\/media\/8862"}],"wp:attachment":[{"href":"https:\/\/projectes.xtec.cat\/bescat\/wp-json\/wp\/v2\/media?parent=8868"}],"wp:term":[{"taxonomy":"category","embeddable":true,"href":"https:\/\/projectes.xtec.cat\/bescat\/wp-json\/wp\/v2\/categories?post=8868"},{"taxonomy":"post_tag","embeddable":true,"href":"https:\/\/projectes.xtec.cat\/bescat\/wp-json\/wp\/v2\/tags?post=8868"}],"curies":[{"name":"wp","href":"https:\/\/api.w.org\/{rel}","templated":true}]}}