{"id":9071,"date":"2020-06-01T09:00:31","date_gmt":"2020-06-01T07:00:31","guid":{"rendered":"https:\/\/projectes.xtec.cat\/bescat\/?p=9071"},"modified":"2020-06-01T09:35:34","modified_gmt":"2020-06-01T07:35:34","slug":"projecte-50-50","status":"publish","type":"post","link":"https:\/\/projectes.xtec.cat\/bescat\/portada\/projecte-50-50\/","title":{"rendered":"Projecte 50-50"},"content":{"rendered":"<p>Centre: <a href=\"https:\/\/escolalesroquetes.blogspot.com\/\" target=\"_blank\" rel=\"noopener noreferrer\">Escola Les Roquetes<\/a><\/p>\n<p>L\u00ednia 2: La biblioteca escolar com a agent d&#8217;equitat, participaci\u00f3 i cohesi\u00f3 de la comunitat educativa<\/p>\n<p>Etapa: Infantil, Prim\u00e0ria<\/p>\n<p>Objectiu:<\/p>\n<ul>\n<li><span data-sheets-value=\"{&quot;1&quot;:2,&quot;2&quot;:&quot;Consum responsable i estalvi energ\u00e8tic a l'escola per part de tota la comunitat educativa &quot;}\" data-sheets-userformat=\"{&quot;2&quot;:513,&quot;3&quot;:{&quot;1&quot;:0},&quot;12&quot;:0}\">Promoure el consum responsable i l&#8217;estalvi energ\u00e8tic a l&#8217;escola per part de tota la comunitat educativa.<\/span><\/li>\n<\/ul>\n<p>Explicaci\u00f3:<\/p>\n<p>Enguany la nostra escola participa en un projecte d\u2019estalvi energ\u00e8tic.<\/p>\n<p>L\u2019Equip Energ\u00e8tic est\u00e0 format per representants de tota la comunitat educativa:<\/p>\n<ul>\n<li>Alumnat<\/li>\n<li>Equip de mestres<\/li>\n<li>El conserge<\/li>\n<li>L\u2019AMPA<\/li>\n<li>Biblioteca<\/li>\n<li>Personal de neteja<\/li>\n<li>Personal de menjador<\/li>\n<li>L\u2019Ajuntament<\/li>\n<\/ul>\n<p>S\u2019encarregar\u00e0 de reunir-se i valorar quin \u00e9s l\u2019\u00fas actual d\u2019energia que fa l\u2019escola durant el dia. A partir d\u2019aqu\u00ed, des de la biblioteca, es faran propostes per a estalviar, aprofitant recursos naturals (per exemple: el sol), amb l\u2019objectiu de fer un bon \u00fas d\u2019aquest recurs i de reduir la factura de llum i gas. Si ho aconseguim, l\u2019ajuntament ens abonar\u00e0 el 50% d\u2019aquest estalvi per invertir en l\u2019escola.<\/p>\n<p><a href=\"https:\/\/projectes.xtec.cat\/bescat\/wp-content\/uploads\/usu793\/2020\/05\/5050.jpg\"><img loading=\"lazy\" decoding=\"async\" class=\"alignnone wp-image-9072 size-medium\" src=\"https:\/\/projectes.xtec.cat\/bescat\/wp-content\/uploads\/usu793\/2020\/05\/5050-300x300.jpg\" alt=\"\" width=\"300\" height=\"300\" srcset=\"https:\/\/projectes.xtec.cat\/bescat\/wp-content\/uploads\/usu793\/2020\/05\/5050-300x300.jpg 300w, https:\/\/projectes.xtec.cat\/bescat\/wp-content\/uploads\/usu793\/2020\/05\/5050-150x150.jpg 150w, https:\/\/projectes.xtec.cat\/bescat\/wp-content\/uploads\/usu793\/2020\/05\/5050-768x768.jpg 768w, https:\/\/projectes.xtec.cat\/bescat\/wp-content\/uploads\/usu793\/2020\/05\/5050-1024x1024.jpg 1024w, https:\/\/projectes.xtec.cat\/bescat\/wp-content\/uploads\/usu793\/2020\/05\/5050.jpg 1600w\" sizes=\"auto, (max-width: 300px) 100vw, 300px\" \/><\/a><\/p>\n","protected":false},"excerpt":{"rendered":"<p>Centre: <a href=\"https:\/\/escolalesroquetes.blogspot.com\/\" target=\"_blank\" rel=\"noopener noreferrer\">Escola Les Roquetes<\/a><br \/>\nL\u00ednia 2: La biblioteca escolar com a agent d&#8217;equitat, participaci\u00f3 i cohesi\u00f3 de la comunitat educativa<br \/>\nEtapa: Infantil, Prim\u00e0ria<br \/>\nObjectiu:<\/p>\n<ul>\n<li>Promoure el consum responsable i l&#8217;estalvi energ\u00e8tic a l&#8217;escola per part de tota la comunitat educativa.<\/li>\n<\/ul>\n<p>Explicaci\u00f3:<br \/>\nEnguany la nostra escola participa en&hellip;  <a href=\"https:\/\/projectes.xtec.cat\/bescat\/portada\/projecte-50-50\/\" title=\"Read Projecte 50-50\">Llegeix m\u00e9s\u00bb<\/a><\/p>\n","protected":false},"author":3,"featured_media":9072,"comment_status":"open","ping_status":"closed","sticky":false,"template":"","format":"standard","meta":{"_bbp_topic_count":0,"_bbp_reply_count":0,"_bbp_total_topic_count":0,"_bbp_total_reply_count":0,"_bbp_voice_count":0,"_bbp_anonymous_reply_count":0,"_bbp_topic_count_hidden":0,"_bbp_reply_count_hidden":0,"_bbp_forum_subforum_count":0,"footnotes":""},"categories":[287,296,29,288],"tags":[],"class_list":["post-9071","post","type-post","status-publish","format-standard","has-post-thumbnail","hentry","category-infantil","category-l2","category-portada","category-primaria"],"post_mailing_queue_ids":[],"_links":{"self":[{"href":"https:\/\/projectes.xtec.cat\/bescat\/wp-json\/wp\/v2\/posts\/9071","targetHints":{"allow":["GET"]}}],"collection":[{"href":"https:\/\/projectes.xtec.cat\/bescat\/wp-json\/wp\/v2\/posts"}],"about":[{"href":"https:\/\/projectes.xtec.cat\/bescat\/wp-json\/wp\/v2\/types\/post"}],"author":[{"embeddable":true,"href":"https:\/\/projectes.xtec.cat\/bescat\/wp-json\/wp\/v2\/users\/3"}],"replies":[{"embeddable":true,"href":"https:\/\/projectes.xtec.cat\/bescat\/wp-json\/wp\/v2\/comments?post=9071"}],"version-history":[{"count":2,"href":"https:\/\/projectes.xtec.cat\/bescat\/wp-json\/wp\/v2\/posts\/9071\/revisions"}],"predecessor-version":[{"id":9168,"href":"https:\/\/projectes.xtec.cat\/bescat\/wp-json\/wp\/v2\/posts\/9071\/revisions\/9168"}],"wp:featuredmedia":[{"embeddable":true,"href":"https:\/\/projectes.xtec.cat\/bescat\/wp-json\/wp\/v2\/media\/9072"}],"wp:attachment":[{"href":"https:\/\/projectes.xtec.cat\/bescat\/wp-json\/wp\/v2\/media?parent=9071"}],"wp:term":[{"taxonomy":"category","embeddable":true,"href":"https:\/\/projectes.xtec.cat\/bescat\/wp-json\/wp\/v2\/categories?post=9071"},{"taxonomy":"post_tag","embeddable":true,"href":"https:\/\/projectes.xtec.cat\/bescat\/wp-json\/wp\/v2\/tags?post=9071"}],"curies":[{"name":"wp","href":"https:\/\/api.w.org\/{rel}","templated":true}]}}