{"id":9259,"date":"2020-08-12T10:50:31","date_gmt":"2020-08-12T08:50:31","guid":{"rendered":"https:\/\/projectes.xtec.cat\/bescat\/?p=9259"},"modified":"2020-08-12T10:52:29","modified_gmt":"2020-08-12T08:52:29","slug":"posseir-la-poesia-2a-edicio-recull-dactivitats","status":"publish","type":"post","link":"https:\/\/projectes.xtec.cat\/bescat\/general\/posseir-la-poesia-2a-edicio-recull-dactivitats\/","title":{"rendered":"Posseir la poesia (2a edici\u00f3): recull d&#8217;activitats"},"content":{"rendered":"<p>Ja\u00a0est\u00e0 disponible el recull de propostes fetes pels assistents a la formaci\u00f3 &#8220;Posseir la poesia, 2a edici\u00f3&#8221;.<\/p>\n<p>Podeu descarregar-lo fent clic a la imatge.<\/p>\n<p>Gr\u00e0cies per la feina feta!<\/p>\n<p><a href=\"https:\/\/projectes.xtec.cat\/bescat\/wp-content\/uploads\/usu793\/2020\/08\/posseir_la_poesia_2ed.pdf\" target=\"_blank\" rel=\"noopener noreferrer\"><img loading=\"lazy\" decoding=\"async\" class=\"aligncenter wp-image-9260 size-full\" src=\"https:\/\/projectes.xtec.cat\/bescat\/wp-content\/uploads\/usu793\/2020\/08\/Captura-de-Pantalla-2020-08-12-a-les-10.43.26.png\" alt=\"Coberta del dossier d'activitats de poesia\" width=\"453\" height=\"637\" srcset=\"https:\/\/projectes.xtec.cat\/bescat\/wp-content\/uploads\/usu793\/2020\/08\/Captura-de-Pantalla-2020-08-12-a-les-10.43.26.png 453w, https:\/\/projectes.xtec.cat\/bescat\/wp-content\/uploads\/usu793\/2020\/08\/Captura-de-Pantalla-2020-08-12-a-les-10.43.26-213x300.png 213w\" sizes=\"auto, (max-width: 453px) 100vw, 453px\" \/><\/a><\/p>\n","protected":false},"excerpt":{"rendered":"<p>Ja\u00a0est\u00e0 disponible el recull de propostes fetes pels assistents a la formaci\u00f3 &#8220;Posseir la poesia, 2a edici\u00f3&#8221;.<br \/>\nPodeu descarregar-lo fent clic a la imatge.<br \/>\nGr\u00e0cies per la feina feta!<br \/>\n<a href=\"https:\/\/projectes.xtec.cat\/bescat\/wp-content\/uploads\/usu793\/2020\/08\/posseir_la_poesia_2ed.pdf\" target=\"_blank\" rel=\"noopener noreferrer\"><\/a><\/p>\n","protected":false},"author":4,"featured_media":9261,"comment_status":"open","ping_status":"closed","sticky":false,"template":"","format":"standard","meta":{"_bbp_topic_count":0,"_bbp_reply_count":0,"_bbp_total_topic_count":0,"_bbp_total_reply_count":0,"_bbp_voice_count":0,"_bbp_anonymous_reply_count":0,"_bbp_topic_count_hidden":0,"_bbp_reply_count_hidden":0,"_bbp_forum_subforum_count":0,"footnotes":""},"categories":[1,379,29,76],"tags":[407],"class_list":["post-9259","post","type-post","status-publish","format-standard","has-post-thumbnail","hentry","category-general","category-noticies","category-portada","category-recursos","tag-poesia"],"post_mailing_queue_ids":[],"_links":{"self":[{"href":"https:\/\/projectes.xtec.cat\/bescat\/wp-json\/wp\/v2\/posts\/9259","targetHints":{"allow":["GET"]}}],"collection":[{"href":"https:\/\/projectes.xtec.cat\/bescat\/wp-json\/wp\/v2\/posts"}],"about":[{"href":"https:\/\/projectes.xtec.cat\/bescat\/wp-json\/wp\/v2\/types\/post"}],"author":[{"embeddable":true,"href":"https:\/\/projectes.xtec.cat\/bescat\/wp-json\/wp\/v2\/users\/4"}],"replies":[{"embeddable":true,"href":"https:\/\/projectes.xtec.cat\/bescat\/wp-json\/wp\/v2\/comments?post=9259"}],"version-history":[{"count":1,"href":"https:\/\/projectes.xtec.cat\/bescat\/wp-json\/wp\/v2\/posts\/9259\/revisions"}],"predecessor-version":[{"id":9262,"href":"https:\/\/projectes.xtec.cat\/bescat\/wp-json\/wp\/v2\/posts\/9259\/revisions\/9262"}],"wp:featuredmedia":[{"embeddable":true,"href":"https:\/\/projectes.xtec.cat\/bescat\/wp-json\/wp\/v2\/media\/9261"}],"wp:attachment":[{"href":"https:\/\/projectes.xtec.cat\/bescat\/wp-json\/wp\/v2\/media?parent=9259"}],"wp:term":[{"taxonomy":"category","embeddable":true,"href":"https:\/\/projectes.xtec.cat\/bescat\/wp-json\/wp\/v2\/categories?post=9259"},{"taxonomy":"post_tag","embeddable":true,"href":"https:\/\/projectes.xtec.cat\/bescat\/wp-json\/wp\/v2\/tags?post=9259"}],"curies":[{"name":"wp","href":"https:\/\/api.w.org\/{rel}","templated":true}]}}