{"id":9276,"date":"2020-09-28T09:00:13","date_gmt":"2020-09-28T07:00:13","guid":{"rendered":"https:\/\/projectes.xtec.cat\/bescat\/?p=9276"},"modified":"2020-09-01T17:13:07","modified_gmt":"2020-09-01T15:13:07","slug":"7e-passeig-literari-virtual-de-la-joncosa-del-montmell","status":"publish","type":"post","link":"https:\/\/projectes.xtec.cat\/bescat\/portada\/7e-passeig-literari-virtual-de-la-joncosa-del-montmell\/","title":{"rendered":"7\u00e8 Passeig literari [VIRTUAL] de la Joncosa del Montmell"},"content":{"rendered":"<p class=\"p1\"><span class=\"s1\">Centre: <a href=\"https:\/\/agora.xtec.cat\/escteresagodes\/\" target=\"_blank\" rel=\"noopener noreferrer\">Escola Teresa Godes i Dom\u00e8nech (El Montmell)<\/a><\/span><\/p>\n<p class=\"p1\"><span class=\"s1\"><span data-sheets-value=\"{&quot;1&quot;:2,&quot;2&quot;:&quot;L\u00ednia 3: La biblioteca escolar com a agent dinamitzador cultural del centre&quot;}\" data-sheets-userformat=\"{&quot;2&quot;:513,&quot;3&quot;:{&quot;1&quot;:0},&quot;12&quot;:0}\">L\u00ednia 3: La biblioteca escolar com a agent dinamitzador cultural del centre<\/span><\/span><\/p>\n<p class=\"p1\"><span class=\"s1\">Etapa: Infantil, Prim\u00e0ria<\/span><\/p>\n<p class=\"p1\"><span class=\"s1\">Objectius:<\/span><\/p>\n<ul class=\"ul1\">\n<li class=\"li2\"><span data-sheets-value=\"{&quot;1&quot;:2,&quot;2&quot;:&quot;Promoure la participaci\u00f3 i cohesi\u00f3 de la comunitat educativa mitjan\u00e7ant els recursos literaris.\\nFomentar la biblioteca escolar com a agent dinamitzazor cultural del centre.\\nPromoure el gust per la lectura i escolta activa d'obres liter\u00e0ries.&quot;}\" data-sheets-userformat=\"{&quot;2&quot;:513,&quot;3&quot;:{&quot;1&quot;:0},&quot;12&quot;:0}\">Promoure la participaci\u00f3 i cohesi\u00f3 de la comunitat educativa mitjan\u00e7ant els recursos literaris.<\/span><\/li>\n<li class=\"li2\"><span data-sheets-value=\"{&quot;1&quot;:2,&quot;2&quot;:&quot;Promoure la participaci\u00f3 i cohesi\u00f3 de la comunitat educativa mitjan\u00e7ant els recursos literaris.\\nFomentar la biblioteca escolar com a agent dinamitzazor cultural del centre.\\nPromoure el gust per la lectura i escolta activa d'obres liter\u00e0ries.&quot;}\" data-sheets-userformat=\"{&quot;2&quot;:513,&quot;3&quot;:{&quot;1&quot;:0},&quot;12&quot;:0}\">Fomentar la biblioteca escolar com a agent dinamitzazor cultural del centre.<\/span><\/li>\n<li class=\"li2\"><span data-sheets-value=\"{&quot;1&quot;:2,&quot;2&quot;:&quot;Promoure la participaci\u00f3 i cohesi\u00f3 de la comunitat educativa mitjan\u00e7ant els recursos literaris.\\nFomentar la biblioteca escolar com a agent dinamitzazor cultural del centre.\\nPromoure el gust per la lectura i escolta activa d'obres liter\u00e0ries.&quot;}\" data-sheets-userformat=\"{&quot;2&quot;:513,&quot;3&quot;:{&quot;1&quot;:0},&quot;12&quot;:0}\">Promoure el gust per la lectura i escolta activa d&#8217;obres liter\u00e0ries.<\/span><\/li>\n<\/ul>\n<p class=\"p1\"><span class=\"s1\">Explicaci\u00f3:<\/span><\/p>\n<p>A continuaci\u00f3 trobareu m\u00e9s de seixanta contes, hist\u00f2ries, poemes i directes que ens hem regalat en aquesta diada de Sant Jordi. M\u00e9s de quatre hores d\u2019imaginaci\u00f3, creativitat, cultura, il\u00b7lusi\u00f3 i emoci\u00f3 enllaunades.<\/p>\n<p><a href=\"https:\/\/padlet.com\/escolateresagodes\/Bookmarks\" target=\"_blank\" rel=\"noopener noreferrer\">El Passeig literari [VIRTUAL]<\/a> ens permetr\u00e0 retrobar-nos, tot i que d\u2019una forma diferent. \u00c9s un goig poder compartir tanta creativitat, imaginaci\u00f3, l\u2019art que respira la comunitat educativa del Montmell i de totes les persones col\u00b7laboradores que ho han fet possible, moltes gr\u00e0cies a totes!<\/p>\n<p>Per a m\u00e9s informaci\u00f3 <a href=\"https:\/\/agora.xtec.cat\/escteresagodes\/general\/7e-passeig-literari-virtual-de-la-joncosa-del-montmell\/\" target=\"_blank\" rel=\"noopener noreferrer\">aqu\u00ed.<\/a><\/p>\n<p>Enguany el passeig literari ha estat en format digital a causa de la COVID-19, per\u00f2 es tracta d&#8217;una proposta presencial que es duu a terme a diferents espais del poble de la Joncosa del Montmell, municipi on es troba l&#8217;escola. Podeu veure edicions anteriors <a href=\"https:\/\/agora.xtec.cat\/escteresagodes\/tag\/passeig-literari\/\" target=\"_blank\" rel=\"noopener noreferrer\">aqu\u00ed<\/a>.<\/p>\n<p><img loading=\"lazy\" decoding=\"async\" class=\"aligncenter wp-image-9277 size-large\" src=\"https:\/\/projectes.xtec.cat\/bescat\/wp-content\/uploads\/usu793\/2020\/09\/Passeig-Literari-2020-724x1024.jpg\" alt=\"\" width=\"724\" height=\"1024\" srcset=\"https:\/\/projectes.xtec.cat\/bescat\/wp-content\/uploads\/usu793\/2020\/09\/Passeig-Literari-2020-724x1024.jpg 724w, https:\/\/projectes.xtec.cat\/bescat\/wp-content\/uploads\/usu793\/2020\/09\/Passeig-Literari-2020-212x300.jpg 212w, https:\/\/projectes.xtec.cat\/bescat\/wp-content\/uploads\/usu793\/2020\/09\/Passeig-Literari-2020-768x1086.jpg 768w, https:\/\/projectes.xtec.cat\/bescat\/wp-content\/uploads\/usu793\/2020\/09\/Passeig-Literari-2020.jpg 1587w\" sizes=\"auto, (max-width: 724px) 100vw, 724px\" \/><\/p>\n","protected":false},"excerpt":{"rendered":"<p>Centre: <a href=\"https:\/\/agora.xtec.cat\/escteresagodes\/\" target=\"_blank\" rel=\"noopener noreferrer\">Escola Teresa Godes i Dom\u00e8nech (El Montmell)<\/a><br \/>\nL\u00ednia 3: La biblioteca escolar com a agent dinamitzador cultural del centre<br \/>\nEtapa: Infantil, Prim\u00e0ria<br \/>\nObjectius:<\/p>\n<ul class=\"ul1\">\n<li class=\"li2\">Promoure la participaci\u00f3 i cohesi\u00f3 de la comunitat educativa mitjan\u00e7ant els recursos literaris.<\/li>\n<li class=\"li2\">Fomentar la biblioteca escolar com a&hellip;  <a href=\"https:\/\/projectes.xtec.cat\/bescat\/portada\/7e-passeig-literari-virtual-de-la-joncosa-del-montmell\/\" title=\"Read 7\u00e8 Passeig literari [VIRTUAL] de la Joncosa del Montmell\">Llegeix m\u00e9s\u00bb<\/a><br \/>\n","protected":false},"author":3,"featured_media":9277,"comment_status":"open","ping_status":"closed","sticky":false,"template":"","format":"standard","meta":{"_bbp_topic_count":0,"_bbp_reply_count":0,"_bbp_total_topic_count":0,"_bbp_total_reply_count":0,"_bbp_voice_count":0,"_bbp_anonymous_reply_count":0,"_bbp_topic_count_hidden":0,"_bbp_reply_count_hidden":0,"_bbp_forum_subforum_count":0,"footnotes":""},"categories":[287,297,29,288],"tags":[],"class_list":["post-9276","post","type-post","status-publish","format-standard","has-post-thumbnail","hentry","category-infantil","category-l3","category-portada","category-primaria"],"post_mailing_queue_ids":[],"_links":{"self":[{"href":"https:\/\/projectes.xtec.cat\/bescat\/wp-json\/wp\/v2\/posts\/9276","targetHints":{"allow":["GET"]}}],"collection":[{"href":"https:\/\/projectes.xtec.cat\/bescat\/wp-json\/wp\/v2\/posts"}],"about":[{"href":"https:\/\/projectes.xtec.cat\/bescat\/wp-json\/wp\/v2\/types\/post"}],"author":[{"embeddable":true,"href":"https:\/\/projectes.xtec.cat\/bescat\/wp-json\/wp\/v2\/users\/3"}],"replies":[{"embeddable":true,"href":"https:\/\/projectes.xtec.cat\/bescat\/wp-json\/wp\/v2\/comments?post=9276"}],"version-history":[{"count":2,"href":"https:\/\/projectes.xtec.cat\/bescat\/wp-json\/wp\/v2\/posts\/9276\/revisions"}],"predecessor-version":[{"id":9281,"href":"https:\/\/projectes.xtec.cat\/bescat\/wp-json\/wp\/v2\/posts\/9276\/revisions\/9281"}],"wp:featuredmedia":[{"embeddable":true,"href":"https:\/\/projectes.xtec.cat\/bescat\/wp-json\/wp\/v2\/media\/9277"}],"wp:attachment":[{"href":"https:\/\/projectes.xtec.cat\/bescat\/wp-json\/wp\/v2\/media?parent=9276"}],"wp:term":[{"taxonomy":"category","embeddable":true,"href":"https:\/\/projectes.xtec.cat\/bescat\/wp-json\/wp\/v2\/categories?post=9276"},{"taxonomy":"post_tag","embeddable":true,"href":"https:\/\/projectes.xtec.cat\/bescat\/wp-json\/wp\/v2\/tags?post=9276"}],"curies":[{"name":"wp","href":"https:\/\/api.w.org\/{rel}","templated":true}]}}