{"id":9484,"date":"2021-01-14T11:12:07","date_gmt":"2021-01-14T10:12:07","guid":{"rendered":"https:\/\/projectes.xtec.cat\/bescat\/?p=9484"},"modified":"2021-01-14T11:12:07","modified_gmt":"2021-01-14T10:12:07","slug":"tallers-el-gust-per-la-lectura-secundaria-i-batxillerat","status":"publish","type":"post","link":"https:\/\/projectes.xtec.cat\/bescat\/general\/tallers-el-gust-per-la-lectura-secundaria-i-batxillerat\/","title":{"rendered":"Tallers El Gust per la lectura: Secund\u00e0ria i Batxillerat"},"content":{"rendered":"<p>El programa\u00a0El Gust per la Lectura\u00a0t\u00e9 per objectiu la formaci\u00f3 de bons lectors i lectores. Es tracta que, al llarg de la seva formaci\u00f3 educativa, els nostres alumnes esdevinguin lectors competents, cr\u00edtics i capa\u00e7os de gaudir del plaer de la lectura. Aquest any el programa canvia el seu format i ofereix una formaci\u00f3 als docents per poder acompanyar els alumnes en les seves lectures.<\/p>\n<p>Aquesta formaci\u00f3 consistir\u00e0 en un taller de dues sessions formatives telem\u00e0tiques.\u00a0La primera sessi\u00f3 ser\u00e0 \u00a0al voltant de la lectura guiada i la segona consistir\u00e0 en una tert\u00falia sobre alguna de les propostes de lectura que s\u2019ofereixen des del programa (a escollir pels assistents).<\/p>\n<p>Cliqueu sobre la infografia per accedir a la informaci\u00f3:<\/p>\n<p><a href=\"https:\/\/projectes.xtec.cat\/bescat\/wp-content\/uploads\/usu793\/2021\/01\/Tallers-GUST-SB-6.pdf\" target=\"_blank\" rel=\"https:\/\/projectes.xtec.cat\/bescat\/wp-content\/uploads\/usu793\/2021\/01\/Tallers-GUST-SB-6.pdf noopener noreferrer\"><img loading=\"lazy\" decoding=\"async\" class=\"wp-image-9488 size-full aligncenter\" src=\"https:\/\/projectes.xtec.cat\/bescat\/wp-content\/uploads\/usu793\/2021\/01\/Capturacompt.jpg\" alt=\"\" width=\"228\" height=\"570\" srcset=\"https:\/\/projectes.xtec.cat\/bescat\/wp-content\/uploads\/usu793\/2021\/01\/Capturacompt.jpg 228w, https:\/\/projectes.xtec.cat\/bescat\/wp-content\/uploads\/usu793\/2021\/01\/Capturacompt-120x300.jpg 120w\" sizes=\"auto, (max-width: 228px) 100vw, 228px\" \/><\/a><\/p>\n","protected":false},"excerpt":{"rendered":"<p>El programa\u00a0El Gust per la Lectura\u00a0t\u00e9 per objectiu la formaci\u00f3 de bons lectors i lectores. Es tracta que, al llarg de la seva formaci\u00f3 educativa, els nostres alumnes esdevinguin lectors competents, cr\u00edtics i capa\u00e7os de gaudir del plaer de la lectura. Aquest any el programa&hellip;  <a href=\"https:\/\/projectes.xtec.cat\/bescat\/general\/tallers-el-gust-per-la-lectura-secundaria-i-batxillerat\/\" title=\"Read Tallers El Gust per la lectura: Secund\u00e0ria i Batxillerat\">Llegeix m\u00e9s\u00bb<\/a><\/p>\n","protected":false},"author":5,"featured_media":9488,"comment_status":"open","ping_status":"closed","sticky":false,"template":"","format":"standard","meta":{"_bbp_topic_count":0,"_bbp_reply_count":0,"_bbp_total_topic_count":0,"_bbp_total_reply_count":0,"_bbp_voice_count":0,"_bbp_anonymous_reply_count":0,"_bbp_topic_count_hidden":0,"_bbp_reply_count_hidden":0,"_bbp_forum_subforum_count":0,"footnotes":""},"categories":[290,289,154,1,379,29],"tags":[418,310,309],"class_list":["post-9484","post","type-post","status-publish","format-standard","has-post-thumbnail","hentry","category-batxillerat","category-eso","category-formacio","category-general","category-noticies","category-portada","tag-competencia-literaria","tag-formacio","tag-secundaria"],"post_mailing_queue_ids":[],"_links":{"self":[{"href":"https:\/\/projectes.xtec.cat\/bescat\/wp-json\/wp\/v2\/posts\/9484","targetHints":{"allow":["GET"]}}],"collection":[{"href":"https:\/\/projectes.xtec.cat\/bescat\/wp-json\/wp\/v2\/posts"}],"about":[{"href":"https:\/\/projectes.xtec.cat\/bescat\/wp-json\/wp\/v2\/types\/post"}],"author":[{"embeddable":true,"href":"https:\/\/projectes.xtec.cat\/bescat\/wp-json\/wp\/v2\/users\/5"}],"replies":[{"embeddable":true,"href":"https:\/\/projectes.xtec.cat\/bescat\/wp-json\/wp\/v2\/comments?post=9484"}],"version-history":[{"count":3,"href":"https:\/\/projectes.xtec.cat\/bescat\/wp-json\/wp\/v2\/posts\/9484\/revisions"}],"predecessor-version":[{"id":9490,"href":"https:\/\/projectes.xtec.cat\/bescat\/wp-json\/wp\/v2\/posts\/9484\/revisions\/9490"}],"wp:featuredmedia":[{"embeddable":true,"href":"https:\/\/projectes.xtec.cat\/bescat\/wp-json\/wp\/v2\/media\/9488"}],"wp:attachment":[{"href":"https:\/\/projectes.xtec.cat\/bescat\/wp-json\/wp\/v2\/media?parent=9484"}],"wp:term":[{"taxonomy":"category","embeddable":true,"href":"https:\/\/projectes.xtec.cat\/bescat\/wp-json\/wp\/v2\/categories?post=9484"},{"taxonomy":"post_tag","embeddable":true,"href":"https:\/\/projectes.xtec.cat\/bescat\/wp-json\/wp\/v2\/tags?post=9484"}],"curies":[{"name":"wp","href":"https:\/\/api.w.org\/{rel}","templated":true}]}}