{"id":9491,"date":"2021-01-18T09:00:49","date_gmt":"2021-01-18T08:00:49","guid":{"rendered":"https:\/\/projectes.xtec.cat\/bescat\/?p=9491"},"modified":"2021-01-18T09:33:27","modified_gmt":"2021-01-18T08:33:27","slug":"aloma","status":"publish","type":"post","link":"https:\/\/projectes.xtec.cat\/bescat\/portada\/aloma\/","title":{"rendered":"Aloma: una s\u00e8rie original de Netflix"},"content":{"rendered":"<p>Centre: <a href=\"https:\/\/agora.xtec.cat\/ieslasedeta\/categoria\/biblioteca\/\" target=\"_blank\" rel=\"noopener noreferrer\">Institut La Sedeta<\/a><\/p>\n<p><span data-sheets-value=\"{&quot;1&quot;:2,&quot;2&quot;:&quot;L\u00ednia 5: La biblioteca escolar com a agent d'impuls i participaci\u00f3 activa a la cultura digital&quot;}\" data-sheets-userformat=\"{&quot;2&quot;:513,&quot;3&quot;:{&quot;1&quot;:0},&quot;12&quot;:0}\">L\u00ednia 5: La biblioteca escolar com a agent d&#8217;impuls i participaci\u00f3 activa a la cultura digital<\/span><\/p>\n<p>Etapa: ESO<\/p>\n<p>Objectius:<\/p>\n<ul>\n<li><span data-sheets-value=\"{&quot;1&quot;:2,&quot;2&quot;:&quot;Mantenir la nostra biblioteca en funcionament durant aquest per\u00edode tant complicat. Fer arribar a tots i totes els\/les alumnes activitats per impulsar a la lectura i mantenir la xarxa de la biblioteca escolar del nostre centre actualitzada per arribar a totes les llars&quot;}\" data-sheets-userformat=\"{&quot;2&quot;:513,&quot;3&quot;:{&quot;1&quot;:0},&quot;12&quot;:0}\">Fomentar el llenguatge transm\u00e8dia i el trasllat del canal escrit al multim\u00e8dia i viceversa.<\/span><\/li>\n<li><span data-sheets-value=\"{&quot;1&quot;:2,&quot;2&quot;:&quot;Mantenir la nostra biblioteca en funcionament durant aquest per\u00edode tant complicat. Fer arribar a tots i totes els\/les alumnes activitats per impulsar a la lectura i mantenir la xarxa de la biblioteca escolar del nostre centre actualitzada per arribar a totes les llars&quot;}\" data-sheets-userformat=\"{&quot;2&quot;:513,&quot;3&quot;:{&quot;1&quot;:0},&quot;12&quot;:0}\">Llegir de manera cr\u00edtica obres de la literatura catalana, castellana i universal.<\/span><\/li>\n<li><span data-sheets-value=\"{&quot;1&quot;:2,&quot;2&quot;:&quot;Mantenir la nostra biblioteca en funcionament durant aquest per\u00edode tant complicat. Fer arribar a tots i totes els\/les alumnes activitats per impulsar a la lectura i mantenir la xarxa de la biblioteca escolar del nostre centre actualitzada per arribar a totes les llars&quot;}\" data-sheets-userformat=\"{&quot;2&quot;:513,&quot;3&quot;:{&quot;1&quot;:0},&quot;12&quot;:0}\">Recon\u00e8ixer autors i autores i relacionar-los\/les amb les seves obres i per\u00edodes literaris.<\/span><\/li>\n<\/ul>\n<p>Explicaci\u00f3:<\/p>\n<p>L\u2019alumnat de quart ha adaptat la novel\u00b7la <em>Aloma<\/em>, de Merc\u00e8 Rodoreda, i l\u2019ha convertida en una s\u00e8rie de vuit cap\u00edtols disponible a una plataforma multim\u00e8dia en streaming molt coneguda. L\u2019activitat original \u00e9s de Cristian Oliv\u00e9, per\u00f2 hem hagut d\u2019adaptar-la a la situaci\u00f3 actual.<\/p>\n<p>S\u2019han encarregat d\u2019adaptar el text perqu\u00e8 coincid\u00eds amb la distribuci\u00f3 per cap\u00edtols, n\u2019han fet un gui\u00f3 gr\u00e0fic per entendre com funcionen els plans i els punts de vista segons la posici\u00f3 de la c\u00e0mera, han interpretat una seq\u00fc\u00e8ncia i han creat un lloc web amb l\u2019est\u00e8tica de la plataforma. Mentrestant, un altre grup coordinava la campanya de m\u00e0rqueting i s\u2019encarregava de la difusi\u00f3 a xarxes.<\/p>\n<p>Una feina genial que els ha obligat a treballar en grup, a entendre\u2019s i discutir i, sobretot, a cercar solucions quan alguna cosa no acaba de funcionar.<\/p>\n<p><a href=\"https:\/\/agora.xtec.cat\/ieslasedeta\/eso\/aloma-una-serie-original-de-netflix\/\" target=\"_blank\" rel=\"noopener noreferrer\">Enlla\u00e7 a l&#8217;experi\u00e8ncia<\/a><\/p>\n<p><img loading=\"lazy\" decoding=\"async\" class=\"size-medium wp-image-9492 aligncenter\" src=\"https:\/\/projectes.xtec.cat\/bescat\/wp-content\/uploads\/usu793\/2021\/01\/aloma-300x132.png\" alt=\"\" width=\"300\" height=\"132\" srcset=\"https:\/\/projectes.xtec.cat\/bescat\/wp-content\/uploads\/usu793\/2021\/01\/aloma-300x132.png 300w, https:\/\/projectes.xtec.cat\/bescat\/wp-content\/uploads\/usu793\/2021\/01\/aloma.png 632w\" sizes=\"auto, (max-width: 300px) 100vw, 300px\" \/><\/p>\n","protected":false},"excerpt":{"rendered":"<p>Centre: <a href=\"https:\/\/agora.xtec.cat\/ieslasedeta\/categoria\/biblioteca\/\" target=\"_blank\" rel=\"noopener noreferrer\">Institut La Sedeta<\/a><br \/>\nL\u00ednia 5: La biblioteca escolar com a agent d&#8217;impuls i participaci\u00f3 activa a la cultura digital<br \/>\nEtapa: ESO<br \/>\nObjectius:<\/p>\n<ul>\n<li>Fomentar el llenguatge transm\u00e8dia i el trasllat del canal escrit al multim\u00e8dia i viceversa.<\/li>\n<li>Llegir de manera cr\u00edtica obres de la literatura catalana,&hellip;  <a href=\"https:\/\/projectes.xtec.cat\/bescat\/portada\/aloma\/\" title=\"Read Aloma: una s\u00e8rie original de Netflix\">Llegeix m\u00e9s\u00bb<\/a><br \/>\n","protected":false},"author":3,"featured_media":9492,"comment_status":"open","ping_status":"closed","sticky":false,"template":"","format":"standard","meta":{"_bbp_topic_count":0,"_bbp_reply_count":0,"_bbp_total_topic_count":0,"_bbp_total_reply_count":0,"_bbp_voice_count":0,"_bbp_anonymous_reply_count":0,"_bbp_topic_count_hidden":0,"_bbp_reply_count_hidden":0,"_bbp_forum_subforum_count":0,"footnotes":""},"categories":[289,299,29],"tags":[],"class_list":["post-9491","post","type-post","status-publish","format-standard","has-post-thumbnail","hentry","category-eso","category-l5","category-portada"],"post_mailing_queue_ids":[],"_links":{"self":[{"href":"https:\/\/projectes.xtec.cat\/bescat\/wp-json\/wp\/v2\/posts\/9491","targetHints":{"allow":["GET"]}}],"collection":[{"href":"https:\/\/projectes.xtec.cat\/bescat\/wp-json\/wp\/v2\/posts"}],"about":[{"href":"https:\/\/projectes.xtec.cat\/bescat\/wp-json\/wp\/v2\/types\/post"}],"author":[{"embeddable":true,"href":"https:\/\/projectes.xtec.cat\/bescat\/wp-json\/wp\/v2\/users\/3"}],"replies":[{"embeddable":true,"href":"https:\/\/projectes.xtec.cat\/bescat\/wp-json\/wp\/v2\/comments?post=9491"}],"version-history":[{"count":2,"href":"https:\/\/projectes.xtec.cat\/bescat\/wp-json\/wp\/v2\/posts\/9491\/revisions"}],"predecessor-version":[{"id":9494,"href":"https:\/\/projectes.xtec.cat\/bescat\/wp-json\/wp\/v2\/posts\/9491\/revisions\/9494"}],"wp:featuredmedia":[{"embeddable":true,"href":"https:\/\/projectes.xtec.cat\/bescat\/wp-json\/wp\/v2\/media\/9492"}],"wp:attachment":[{"href":"https:\/\/projectes.xtec.cat\/bescat\/wp-json\/wp\/v2\/media?parent=9491"}],"wp:term":[{"taxonomy":"category","embeddable":true,"href":"https:\/\/projectes.xtec.cat\/bescat\/wp-json\/wp\/v2\/categories?post=9491"},{"taxonomy":"post_tag","embeddable":true,"href":"https:\/\/projectes.xtec.cat\/bescat\/wp-json\/wp\/v2\/tags?post=9491"}],"curies":[{"name":"wp","href":"https:\/\/api.w.org\/{rel}","templated":true}]}}