{"id":9495,"date":"2021-01-19T16:28:09","date_gmt":"2021-01-19T15:28:09","guid":{"rendered":"https:\/\/projectes.xtec.cat\/bescat\/?p=9495"},"modified":"2021-01-19T16:28:09","modified_gmt":"2021-01-19T15:28:09","slug":"inscripcio-xxvi-concurs-el-gust-per-la-lectura","status":"publish","type":"post","link":"https:\/\/projectes.xtec.cat\/bescat\/general\/inscripcio-xxvi-concurs-el-gust-per-la-lectura\/","title":{"rendered":"Inscripci\u00f3 XXVI Concurs El gust per la lectura"},"content":{"rendered":"<p>A la seg\u00fcent imatge interactiva podeu consultar els materials del Programa Gust per la lectura i tamb\u00e9 la informaci\u00f3 per participar al:\u00a0<a href=\"https:\/\/view.genial.ly\/5ffef2a1fbb1810d15725746\/interactive-image-xxvi-concursel-gust-per-la-lectura\" target=\"_blank\" rel=\"noopener noreferrer\">XXVI Concurs El Gust per la Lectura<\/a><\/p>\n<p><a href=\"https:\/\/view.genial.ly\/5ffef2a1fbb1810d15725746\/interactive-image-xxvi-concursel-gust-per-la-lectura\"><img loading=\"lazy\" decoding=\"async\" class=\"alignnone wp-image-9502\" src=\"https:\/\/projectes.xtec.cat\/bescat\/wp-content\/uploads\/usu793\/2021\/01\/Captura-de-pantallaGust.jpg\" alt=\"\" width=\"462\" height=\"465\" srcset=\"https:\/\/projectes.xtec.cat\/bescat\/wp-content\/uploads\/usu793\/2021\/01\/Captura-de-pantallaGust.jpg 798w, https:\/\/projectes.xtec.cat\/bescat\/wp-content\/uploads\/usu793\/2021\/01\/Captura-de-pantallaGust-150x150.jpg 150w, https:\/\/projectes.xtec.cat\/bescat\/wp-content\/uploads\/usu793\/2021\/01\/Captura-de-pantallaGust-298x300.jpg 298w, https:\/\/projectes.xtec.cat\/bescat\/wp-content\/uploads\/usu793\/2021\/01\/Captura-de-pantallaGust-768x774.jpg 768w\" sizes=\"auto, (max-width: 462px) 100vw, 462px\" \/><\/a><\/p>\n<p>&nbsp;<\/p>\n","protected":false},"excerpt":{"rendered":"<p>A la seg\u00fcent imatge interactiva podeu consultar els materials del Programa Gust per la lectura i tamb\u00e9 la informaci\u00f3 per participar al:\u00a0<a href=\"https:\/\/view.genial.ly\/5ffef2a1fbb1810d15725746\/interactive-image-xxvi-concursel-gust-per-la-lectura\" target=\"_blank\" rel=\"noopener noreferrer\">XXVI Concurs El Gust per la Lectura<\/a><br \/>\n<a href=\"https:\/\/view.genial.ly\/5ffef2a1fbb1810d15725746\/interactive-image-xxvi-concursel-gust-per-la-lectura\"><\/a><br \/>\n&nbsp;<\/p>\n","protected":false},"author":5,"featured_media":9502,"comment_status":"open","ping_status":"closed","sticky":false,"template":"","format":"standard","meta":{"_bbp_topic_count":0,"_bbp_reply_count":0,"_bbp_total_topic_count":0,"_bbp_total_reply_count":0,"_bbp_voice_count":0,"_bbp_anonymous_reply_count":0,"_bbp_topic_count_hidden":0,"_bbp_reply_count_hidden":0,"_bbp_forum_subforum_count":0,"footnotes":""},"categories":[1,379,29,76],"tags":[311,426,427],"class_list":["post-9495","post","type-post","status-publish","format-standard","has-post-thumbnail","hentry","category-general","category-noticies","category-portada","category-recursos","tag-concurs","tag-gust-per-la-lectura","tag-materials"],"post_mailing_queue_ids":[],"_links":{"self":[{"href":"https:\/\/projectes.xtec.cat\/bescat\/wp-json\/wp\/v2\/posts\/9495","targetHints":{"allow":["GET"]}}],"collection":[{"href":"https:\/\/projectes.xtec.cat\/bescat\/wp-json\/wp\/v2\/posts"}],"about":[{"href":"https:\/\/projectes.xtec.cat\/bescat\/wp-json\/wp\/v2\/types\/post"}],"author":[{"embeddable":true,"href":"https:\/\/projectes.xtec.cat\/bescat\/wp-json\/wp\/v2\/users\/5"}],"replies":[{"embeddable":true,"href":"https:\/\/projectes.xtec.cat\/bescat\/wp-json\/wp\/v2\/comments?post=9495"}],"version-history":[{"count":3,"href":"https:\/\/projectes.xtec.cat\/bescat\/wp-json\/wp\/v2\/posts\/9495\/revisions"}],"predecessor-version":[{"id":9504,"href":"https:\/\/projectes.xtec.cat\/bescat\/wp-json\/wp\/v2\/posts\/9495\/revisions\/9504"}],"wp:featuredmedia":[{"embeddable":true,"href":"https:\/\/projectes.xtec.cat\/bescat\/wp-json\/wp\/v2\/media\/9502"}],"wp:attachment":[{"href":"https:\/\/projectes.xtec.cat\/bescat\/wp-json\/wp\/v2\/media?parent=9495"}],"wp:term":[{"taxonomy":"category","embeddable":true,"href":"https:\/\/projectes.xtec.cat\/bescat\/wp-json\/wp\/v2\/categories?post=9495"},{"taxonomy":"post_tag","embeddable":true,"href":"https:\/\/projectes.xtec.cat\/bescat\/wp-json\/wp\/v2\/tags?post=9495"}],"curies":[{"name":"wp","href":"https:\/\/api.w.org\/{rel}","templated":true}]}}