{"id":9571,"date":"2021-03-02T12:28:12","date_gmt":"2021-03-02T11:28:12","guid":{"rendered":"https:\/\/projectes.xtec.cat\/bescat\/?p=9571"},"modified":"2021-03-02T12:28:12","modified_gmt":"2021-03-02T11:28:12","slug":"dia-internacional-de-les-dones","status":"publish","type":"post","link":"https:\/\/projectes.xtec.cat\/bescat\/general\/dia-internacional-de-les-dones\/","title":{"rendered":"Dia Internacional de les Dones"},"content":{"rendered":"<figure class=\"figure wp-caption alignleft\"><img loading=\"lazy\" decoding=\"async\" class=\"size-medium wp-image-9566\" src=\"https:\/\/projectes.xtec.cat\/bescat\/wp-content\/uploads\/usu793\/2021\/03\/DIA-DONA-2021.jpg_1595044798-300x300.jpg\" alt=\"\" width=\"300\" height=\"300\" srcset=\"https:\/\/projectes.xtec.cat\/bescat\/wp-content\/uploads\/usu793\/2021\/03\/DIA-DONA-2021.jpg_1595044798-300x300.jpg 300w, https:\/\/projectes.xtec.cat\/bescat\/wp-content\/uploads\/usu793\/2021\/03\/DIA-DONA-2021.jpg_1595044798-150x150.jpg 150w, https:\/\/projectes.xtec.cat\/bescat\/wp-content\/uploads\/usu793\/2021\/03\/DIA-DONA-2021.jpg_1595044798.jpg 538w\" sizes=\"auto, (max-width: 300px) 100vw, 300px\" \/><figcaption class=\"wp-caption-text\">Imatge de XTEC<\/figcaption><\/figure>\n<p>&nbsp;<\/p>\n<p>S&#8217;acosta el 8 de mar\u00e7,\u00a0el\u00a0<b>Dia Internacional de les Dones.<\/b>\u00a0Cada any hem de recordar que aquest dia t\u00e9 el seu origen en la reivindicaci\u00f3 de millors condicions de treball, de vida i de drets pol\u00edtics per a la dona. I diem que hem de recordar-ho cada any perqu\u00e8 encara s\u00f3n moltes les dones que no gaudeixen plenament dels seus drets, dones que sofreixen la desigualtat, dones que no tenen les mateixes oportunitats, dones que pateixen viol\u00e8ncia masclista, dones invisibilitzades&#8230;<\/p>\n<p>Tamb\u00e9, com cada any, en el vostre centre, seguireu commemorant aquest dia i intentant posar el vostre gra de sorra perqu\u00e8 algun dia aquesta situaci\u00f3 canvi\u00ef. Posem les esperances en les nostres alumnes, que segur que faran un m\u00f3n millor i m\u00e9s just.<\/p>\n<p>&nbsp;<\/p>\n<p>Des del programa de biblioteques repesquem dos documents publicats no fa pas gaire i que fan refer\u00e8cia a la mirada lila a les biblioteques escolars:<\/p>\n<ul>\n<li><a href=\"http:\/\/xtec.gencat.cat\/web\/.content\/projectes\/biblioteca\/xarxa\/jornades\/documents\/Mirada-critica.pdf\" target=\"_blank\" rel=\"noopener noreferrer\">Mirada cr\u00edtica: recull d&#8217;articles i bibliografia sobre perspectiva de g\u00e8nere i literatura infantil i juvenil.<\/a> Programa biblioteca escolar Puntedu, 2019.<\/li>\n<li>T. Colomer. <a href=\"https:\/\/projectes.xtec.cat\/bescat\/wp-content\/uploads\/usu793\/2021\/03\/1_colomer-2.pdf\" target=\"_blank\" rel=\"noopener noreferrer\">Lij, biblioteca escolar i perspectiva de g\u00e8nere<\/a>. A <a href=\"http:\/\/xtec.gencat.cat\/web\/.content\/projectes\/biblioteca\/biblioteca-escolar-en-el-segle-xxi\/documents\/BE21.pdf\" target=\"_blank\" rel=\"noopener noreferrer\">BE21: apunts per a la biblioteca escolar<\/a>. Programa biblioteca escolar Puntedu, 2020.<\/li>\n<\/ul>\n<p>Els Serveis educatius estan fent una gran feina amb l&#8217;elaboraci\u00f3 de les maletes de coeducaci\u00f3, amb propostes did\u00e0ctiques i de lectures, us recomanem molt que consulteu els seus espais digitals.<\/p>\n<p>A la web XTEC tamb\u00e9 s&#8217;ha creat un <a href=\"http:\/\/xtec.gencat.cat\/ca\/centres\/celebracions\/2021\/dia-internacional-de-les-dones-2021\/\" target=\"_blank\" rel=\"noopener noreferrer\">espai espec\u00edfic<\/a> amb recursos i orientacions per commemorar la data.<\/p>\n<p>I ja per acabar, des del programa Puntedu\u00a0<span style=\"color: #800080;\">us animem a compartir la vostra commemoraci\u00f3 del 8 de mar\u00e7 al centre i a la biblioteca. Us convidem a pujar una imatge o text via twitter amb el hastag <span class=\"r-18u37iz\"><strong>#Som8deMar\u00e7<\/strong> i a etiquetar-nos (@puntedu).<\/span><\/span><\/p>\n<p style=\"text-align: center;\">Cal anar fent passes, perqu\u00e8 amb moltes passes es fa cam\u00ed.<\/p>\n<p>&nbsp;<\/p>\n<div class=\"css-1dbjc4n r-xoduu5 r-1mlwlqe r-1d2f490 r-1udh08x r-u8s1d r-h9hxbl r-417010\" aria-label=\"\">\n<div class=\"css-1dbjc4n r-1niwhzg r-vvn4in r-u6sd8q r-x3cy2q r-1p0dtai r-xoduu5 r-1pi2tsx r-1d2f490 r-u8s1d r-zchlnj r-ipm5af r-13qz1uu r-1wyyakw\"><\/div>\n<\/div>\n<p>&nbsp;<\/p>\n","protected":false},"excerpt":{"rendered":"<p>Imatge de XTEC<br \/>\n&nbsp;<br \/>\nS&#8217;acosta el 8 de mar\u00e7,\u00a0el\u00a0Dia Internacional de les Dones.\u00a0Cada any hem de recordar que aquest dia t\u00e9 el seu origen en la reivindicaci\u00f3 de millors condicions de treball, de vida i de drets pol\u00edtics per a la dona. I diem que hem de&hellip;  <a href=\"https:\/\/projectes.xtec.cat\/bescat\/general\/dia-internacional-de-les-dones\/\" title=\"Read Dia Internacional de les Dones\">Llegeix m\u00e9s\u00bb<\/a><\/p>\n","protected":false},"author":4,"featured_media":9566,"comment_status":"open","ping_status":"closed","sticky":false,"template":"","format":"standard","meta":{"_bbp_topic_count":0,"_bbp_reply_count":0,"_bbp_total_topic_count":0,"_bbp_total_reply_count":0,"_bbp_voice_count":0,"_bbp_anonymous_reply_count":0,"_bbp_topic_count_hidden":0,"_bbp_reply_count_hidden":0,"_bbp_forum_subforum_count":0,"footnotes":""},"categories":[1,379,29],"tags":[301],"class_list":["post-9571","post","type-post","status-publish","format-standard","has-post-thumbnail","hentry","category-general","category-noticies","category-portada","tag-commemoracions"],"post_mailing_queue_ids":[],"_links":{"self":[{"href":"https:\/\/projectes.xtec.cat\/bescat\/wp-json\/wp\/v2\/posts\/9571","targetHints":{"allow":["GET"]}}],"collection":[{"href":"https:\/\/projectes.xtec.cat\/bescat\/wp-json\/wp\/v2\/posts"}],"about":[{"href":"https:\/\/projectes.xtec.cat\/bescat\/wp-json\/wp\/v2\/types\/post"}],"author":[{"embeddable":true,"href":"https:\/\/projectes.xtec.cat\/bescat\/wp-json\/wp\/v2\/users\/4"}],"replies":[{"embeddable":true,"href":"https:\/\/projectes.xtec.cat\/bescat\/wp-json\/wp\/v2\/comments?post=9571"}],"version-history":[{"count":1,"href":"https:\/\/projectes.xtec.cat\/bescat\/wp-json\/wp\/v2\/posts\/9571\/revisions"}],"predecessor-version":[{"id":9572,"href":"https:\/\/projectes.xtec.cat\/bescat\/wp-json\/wp\/v2\/posts\/9571\/revisions\/9572"}],"wp:featuredmedia":[{"embeddable":true,"href":"https:\/\/projectes.xtec.cat\/bescat\/wp-json\/wp\/v2\/media\/9566"}],"wp:attachment":[{"href":"https:\/\/projectes.xtec.cat\/bescat\/wp-json\/wp\/v2\/media?parent=9571"}],"wp:term":[{"taxonomy":"category","embeddable":true,"href":"https:\/\/projectes.xtec.cat\/bescat\/wp-json\/wp\/v2\/categories?post=9571"},{"taxonomy":"post_tag","embeddable":true,"href":"https:\/\/projectes.xtec.cat\/bescat\/wp-json\/wp\/v2\/tags?post=9571"}],"curies":[{"name":"wp","href":"https:\/\/api.w.org\/{rel}","templated":true}]}}