{"id":9573,"date":"2021-03-18T13:12:07","date_gmt":"2021-03-18T12:12:07","guid":{"rendered":"https:\/\/projectes.xtec.cat\/bescat\/?p=9573"},"modified":"2021-04-06T11:41:54","modified_gmt":"2021-04-06T09:41:54","slug":"x-concurs-escolar-comic-barcelona","status":"publish","type":"post","link":"https:\/\/projectes.xtec.cat\/bescat\/general\/x-concurs-escolar-comic-barcelona\/","title":{"rendered":"X Concurs Escolar C\u00f2mic Barcelona"},"content":{"rendered":"<p>En <a href=\"https:\/\/projectes.xtec.cat\/bescat\/wp-content\/uploads\/usu793\/2021\/03\/ConcursCom\u00eccBCN20-21.jpg\"><img loading=\"lazy\" decoding=\"async\" class=\"size-full wp-image-9574 alignleft\" src=\"https:\/\/projectes.xtec.cat\/bescat\/wp-content\/uploads\/usu793\/2021\/03\/ConcursCom\u00eccBCN20-21.jpg\" alt=\"\" width=\"368\" height=\"317\" \/><\/a>el marc de la 39a edici\u00f3 de C\u00f2mic Barcelona, FICOMIC, amb la col\u00b7laboraci\u00f3 del Departament d\u2019Educaci\u00f3 de la Generalitat de Catalunya, convoca el\u00a0<a href=\"http:\/\/xtec.gencat.cat\/ca\/projectes\/lectura\/impulslectura\/actesliteraris\/comic\/concursescolarsalocomic\/\" target=\"_blank\" rel=\"noopener noreferrer\">X Concurs Escolar C\u00f2mic Barcelona<\/a>.<\/p>\n<p>Podeu accedir a les\u00a0<a href=\"http:\/\/xtec.gencat.cat\/web\/.content\/projectes\/lectura\/impulslectura\/actes-literaris\/activitatsliteraries\/comic\/documents\/Bases-Concurs-2020_2021_r.pdf\" target=\"_blank\" rel=\"noopener noreferrer\">Bases Concurs escolar C\u00f2mic Barcelona.<\/a><\/p>\n<p>Per participar en el concurs, els docents hauran de formalitzar la inscripci\u00f3 accedint al formulari en l\u00ednia. El per\u00edode previst d\u2019inscripci\u00f3 \u00e9s del <strong>15 de mar\u00e7 al 9 d&#8217;abril de 2021.<\/strong><\/p>\n<p><a href=\"http:\/\/xtec.gencat.cat\/ca\/projectes\/lectura\/impulslectura\/actesliteraris\/comic\/concursescolarsalocomic\/\">M\u00e9s informaci\u00f3<\/a>\u00a0sobre el concurs i les edicions anteriors.<\/p>\n<p>&nbsp;<\/p>\n<p>&nbsp;<\/p>\n<p>&nbsp;<\/p>\n<p>&nbsp;<\/p>\n","protected":false},"excerpt":{"rendered":"<p>En <a href=\"https:\/\/projectes.xtec.cat\/bescat\/wp-content\/uploads\/usu793\/2021\/03\/ConcursCom\u00eccBCN20-21.jpg\"><\/a>el marc de la 39a edici\u00f3 de C\u00f2mic Barcelona, FICOMIC, amb la col\u00b7laboraci\u00f3 del Departament d\u2019Educaci\u00f3 de la Generalitat de Catalunya, convoca el\u00a0<a href=\"http:\/\/xtec.gencat.cat\/ca\/projectes\/lectura\/impulslectura\/actesliteraris\/comic\/concursescolarsalocomic\/\" target=\"_blank\" rel=\"noopener noreferrer\">X Concurs Escolar C\u00f2mic Barcelona<\/a>.<br \/>\nPodeu accedir a les\u00a0<a href=\"http:\/\/xtec.gencat.cat\/web\/.content\/projectes\/lectura\/impulslectura\/actes-literaris\/activitatsliteraries\/comic\/documents\/Bases-Concurs-2020_2021_r.pdf\" target=\"_blank\" rel=\"noopener noreferrer\">Bases Concurs escolar C\u00f2mic Barcelona.<\/a><br \/>\nPer participar&hellip;  <a href=\"https:\/\/projectes.xtec.cat\/bescat\/general\/x-concurs-escolar-comic-barcelona\/\" title=\"Read X Concurs Escolar C\u00f2mic Barcelona\">Llegeix m\u00e9s\u00bb<\/a><\/p>\n","protected":false},"author":5,"featured_media":9574,"comment_status":"open","ping_status":"closed","sticky":false,"template":"","format":"standard","meta":{"_bbp_topic_count":0,"_bbp_reply_count":0,"_bbp_total_topic_count":0,"_bbp_total_reply_count":0,"_bbp_voice_count":0,"_bbp_anonymous_reply_count":0,"_bbp_topic_count_hidden":0,"_bbp_reply_count_hidden":0,"_bbp_forum_subforum_count":0,"footnotes":""},"categories":[1,29],"tags":[313,312,311],"class_list":["post-9573","post","type-post","status-publish","format-standard","has-post-thumbnail","hentry","category-general","category-portada","tag-biblioteca","tag-comic","tag-concurs"],"post_mailing_queue_ids":[],"_links":{"self":[{"href":"https:\/\/projectes.xtec.cat\/bescat\/wp-json\/wp\/v2\/posts\/9573","targetHints":{"allow":["GET"]}}],"collection":[{"href":"https:\/\/projectes.xtec.cat\/bescat\/wp-json\/wp\/v2\/posts"}],"about":[{"href":"https:\/\/projectes.xtec.cat\/bescat\/wp-json\/wp\/v2\/types\/post"}],"author":[{"embeddable":true,"href":"https:\/\/projectes.xtec.cat\/bescat\/wp-json\/wp\/v2\/users\/5"}],"replies":[{"embeddable":true,"href":"https:\/\/projectes.xtec.cat\/bescat\/wp-json\/wp\/v2\/comments?post=9573"}],"version-history":[{"count":3,"href":"https:\/\/projectes.xtec.cat\/bescat\/wp-json\/wp\/v2\/posts\/9573\/revisions"}],"predecessor-version":[{"id":9581,"href":"https:\/\/projectes.xtec.cat\/bescat\/wp-json\/wp\/v2\/posts\/9573\/revisions\/9581"}],"wp:featuredmedia":[{"embeddable":true,"href":"https:\/\/projectes.xtec.cat\/bescat\/wp-json\/wp\/v2\/media\/9574"}],"wp:attachment":[{"href":"https:\/\/projectes.xtec.cat\/bescat\/wp-json\/wp\/v2\/media?parent=9573"}],"wp:term":[{"taxonomy":"category","embeddable":true,"href":"https:\/\/projectes.xtec.cat\/bescat\/wp-json\/wp\/v2\/categories?post=9573"},{"taxonomy":"post_tag","embeddable":true,"href":"https:\/\/projectes.xtec.cat\/bescat\/wp-json\/wp\/v2\/tags?post=9573"}],"curies":[{"name":"wp","href":"https:\/\/api.w.org\/{rel}","templated":true}]}}