{"id":9630,"date":"2021-04-09T10:02:39","date_gmt":"2021-04-09T08:02:39","guid":{"rendered":"https:\/\/projectes.xtec.cat\/bescat\/?p=9630"},"modified":"2021-04-09T10:02:39","modified_gmt":"2021-04-09T08:02:39","slug":"jornada-pedagogica-josep-carner","status":"publish","type":"post","link":"https:\/\/projectes.xtec.cat\/bescat\/general\/jornada-pedagogica-josep-carner\/","title":{"rendered":"Jornada Pedag\u00f2gica Josep Carner"},"content":{"rendered":"<p><img loading=\"lazy\" decoding=\"async\" class=\"size-medium wp-image-9631 alignleft\" src=\"https:\/\/projectes.xtec.cat\/bescat\/wp-content\/uploads\/usu793\/2021\/04\/any-josep-carner.jpg_1595044798-300x300.jpg\" alt=\"Imatge Any Josep Carner\" width=\"300\" height=\"300\" srcset=\"https:\/\/projectes.xtec.cat\/bescat\/wp-content\/uploads\/usu793\/2021\/04\/any-josep-carner.jpg_1595044798-300x300.jpg 300w, https:\/\/projectes.xtec.cat\/bescat\/wp-content\/uploads\/usu793\/2021\/04\/any-josep-carner.jpg_1595044798-150x150.jpg 150w, https:\/\/projectes.xtec.cat\/bescat\/wp-content\/uploads\/usu793\/2021\/04\/any-josep-carner.jpg_1595044798.jpg 538w\" sizes=\"auto, (max-width: 300px) 100vw, 300px\" \/><\/p>\n<p><span style=\"font-family: tahoma, sans-serif;\">Amb motiu de la commemoraci\u00f3 de<a href=\"http:\/\/xtec.gencat.cat\/ca\/centres\/celebracions\/2020\/any-josep-carner\/\" target=\"_blank\" rel=\"noopener noreferrer\" data-saferedirecturl=\"https:\/\/www.google.com\/url?q=http:\/\/xtec.gencat.cat\/ca\/centres\/celebracions\/2020\/any-josep-carner\/&amp;source=gmail&amp;ust=1618034416989000&amp;usg=AFQjCNGYvoasdi_SLMiXNvWbxh3XGeCvxA\">\u00a0l\u2019Any Josep Carner<\/a>,\u00a0el\u00a0<\/span>Departament d\u2019Educaci\u00f3\u00a0tenia previst celebrar al llarg del curs la\u00a0<i><b>Jornada Pedag\u00f2gica Josep Carner<\/b><\/i>, que s&#8217;ha hagut d\u2019ajornar fins aquesta primavera, a causa de la pand\u00e8mia.<\/p>\n<p><span style=\"font-family: tahoma, sans-serif;\">Finalment, doncs, aquesta jornada commemorativa tindr\u00e0 lloc el proper\u00a0<b>dijous 27 de maig de 17 a 20h\u00a0<\/b>del vespre, de manera telem\u00e0tica. Constar\u00e0 d\u2019una pon\u00e8ncia marc a c\u00e0rrec de Jaume Coll, comissari de l\u2019Any Josep Carner, la presentaci\u00f3 d\u2019experi\u00e8ncies de centres i de materials did\u00e0ctics elaborats per a la commemoraci\u00f3, i d\u2019una cloenda liter\u00e0ria.\u00a0Aqu\u00ed teniu\u00a0<a href=\"https:\/\/aplicacions.gestioeducativa.gencat.cat\/pls\/soloas\/pk_for_mod_ins.p_for_detall_activitat?p_codi=9001480555&amp;p_curs=2020-2021&amp;p_es_inscr=S\" target=\"_blank\" rel=\"noopener noreferrer\" data-saferedirecturl=\"https:\/\/www.google.com\/url?q=https:\/\/aplicacions.gestioeducativa.gencat.cat\/pls\/soloas\/pk_for_mod_ins.p_for_detall_activitat?p_codi%3D9001480555%26p_curs%3D2020-2021%26p_es_inscr%3DS&amp;source=gmail&amp;ust=1618034416989000&amp;usg=AFQjCNFrjrzHwNHm48NfLUyj2-sblV_4_A\">l&#8217;enlla\u00e7 a la inscripci\u00f3.<\/a><\/span><\/p>\n<p><a href=\"http:\/\/xtec.gencat.cat\/web\/.content\/centres\/celebracions\/2020\/any-josep-carner\/Jornada_Carner_web.pdf\" target=\"_blank\" rel=\"noopener noreferrer\">Programa Jornada Pedag\u00f2gica Josep Carner<\/a><\/p>\n","protected":false},"excerpt":{"rendered":"<p>Amb motiu de la commemoraci\u00f3 de<a href=\"http:\/\/xtec.gencat.cat\/ca\/centres\/celebracions\/2020\/any-josep-carner\/\" target=\"_blank\" rel=\"noopener noreferrer\" data-saferedirecturl=\"https:\/\/www.google.com\/url?q=http:\/\/xtec.gencat.cat\/ca\/centres\/celebracions\/2020\/any-josep-carner\/&amp;source=gmail&amp;ust=1618034416989000&amp;usg=AFQjCNGYvoasdi_SLMiXNvWbxh3XGeCvxA\">\u00a0l\u2019Any Josep Carner<\/a>,\u00a0el\u00a0Departament d\u2019Educaci\u00f3\u00a0tenia previst celebrar al llarg del curs la\u00a0Jornada Pedag\u00f2gica Josep Carner, que s&#8217;ha hagut d\u2019ajornar fins aquesta primavera, a causa de la pand\u00e8mia.<br \/>\nFinalment, doncs, aquesta jornada commemorativa tindr\u00e0 lloc el proper\u00a0dijous 27&hellip;  <a href=\"https:\/\/projectes.xtec.cat\/bescat\/general\/jornada-pedagogica-josep-carner\/\" title=\"Read Jornada Pedag\u00f2gica Josep Carner\">Llegeix m\u00e9s\u00bb<\/a><\/p>\n","protected":false},"author":4,"featured_media":9631,"comment_status":"open","ping_status":"closed","sticky":false,"template":"","format":"standard","meta":{"_bbp_topic_count":0,"_bbp_reply_count":0,"_bbp_total_topic_count":0,"_bbp_total_reply_count":0,"_bbp_voice_count":0,"_bbp_anonymous_reply_count":0,"_bbp_topic_count_hidden":0,"_bbp_reply_count_hidden":0,"_bbp_forum_subforum_count":0,"footnotes":""},"categories":[1,379,29],"tags":[301,418],"class_list":["post-9630","post","type-post","status-publish","format-standard","has-post-thumbnail","hentry","category-general","category-noticies","category-portada","tag-commemoracions","tag-competencia-literaria"],"post_mailing_queue_ids":[],"_links":{"self":[{"href":"https:\/\/projectes.xtec.cat\/bescat\/wp-json\/wp\/v2\/posts\/9630","targetHints":{"allow":["GET"]}}],"collection":[{"href":"https:\/\/projectes.xtec.cat\/bescat\/wp-json\/wp\/v2\/posts"}],"about":[{"href":"https:\/\/projectes.xtec.cat\/bescat\/wp-json\/wp\/v2\/types\/post"}],"author":[{"embeddable":true,"href":"https:\/\/projectes.xtec.cat\/bescat\/wp-json\/wp\/v2\/users\/4"}],"replies":[{"embeddable":true,"href":"https:\/\/projectes.xtec.cat\/bescat\/wp-json\/wp\/v2\/comments?post=9630"}],"version-history":[{"count":2,"href":"https:\/\/projectes.xtec.cat\/bescat\/wp-json\/wp\/v2\/posts\/9630\/revisions"}],"predecessor-version":[{"id":9633,"href":"https:\/\/projectes.xtec.cat\/bescat\/wp-json\/wp\/v2\/posts\/9630\/revisions\/9633"}],"wp:featuredmedia":[{"embeddable":true,"href":"https:\/\/projectes.xtec.cat\/bescat\/wp-json\/wp\/v2\/media\/9631"}],"wp:attachment":[{"href":"https:\/\/projectes.xtec.cat\/bescat\/wp-json\/wp\/v2\/media?parent=9630"}],"wp:term":[{"taxonomy":"category","embeddable":true,"href":"https:\/\/projectes.xtec.cat\/bescat\/wp-json\/wp\/v2\/categories?post=9630"},{"taxonomy":"post_tag","embeddable":true,"href":"https:\/\/projectes.xtec.cat\/bescat\/wp-json\/wp\/v2\/tags?post=9630"}],"curies":[{"name":"wp","href":"https:\/\/api.w.org\/{rel}","templated":true}]}}