{"id":9802,"date":"2021-06-28T09:00:56","date_gmt":"2021-06-28T07:00:56","guid":{"rendered":"https:\/\/projectes.xtec.cat\/bescat\/?p=9802"},"modified":"2021-06-29T08:15:09","modified_gmt":"2021-06-29T06:15:09","slug":"caixa-escoles-verdes","status":"publish","type":"post","link":"https:\/\/projectes.xtec.cat\/bescat\/portada\/caixa-escoles-verdes\/","title":{"rendered":"Caixa d&#8217;Escoles Verdes"},"content":{"rendered":"<p>Centre: ZER Benissanet- Miravet, <span data-sheets-value=\"{&quot;1&quot;:2,&quot;2&quot;:&quot;Escola Antoni Nat, Escola Roc Llop i Convalia&quot;}\" data-sheets-userformat=\"{&quot;2&quot;:513,&quot;3&quot;:{&quot;1&quot;:0},&quot;12&quot;:0}\"><a href=\"https:\/\/agora.xtec.cat\/escbenissanet\/\" target=\"_blank\" rel=\"noopener noreferrer\">Escola Antoni Nat<\/a>, <a href=\"https:\/\/agora.xtec.cat\/ceipmiravet\/\" target=\"_blank\" rel=\"noopener noreferrer\">Escola Roc Llop i Convalia<\/a><\/span><\/p>\n<p><span data-sheets-value=\"{&quot;1&quot;:2,&quot;2&quot;:&quot;L\u00ednia 2: La biblioteca escolar com a agent d'equitat, participaci\u00f3 i cohesi\u00f3 de la comunitat educativa&quot;}\" data-sheets-userformat=\"{&quot;2&quot;:513,&quot;3&quot;:{&quot;1&quot;:0},&quot;12&quot;:0}\">L\u00ednia 2: La biblioteca escolar com a agent d&#8217;equitat, participaci\u00f3 i cohesi\u00f3 de la comunitat educativa<\/span><\/p>\n<p>Etapa: <span data-sheets-value=\"{&quot;1&quot;:2,&quot;2&quot;:&quot;Infantil, Prim\u00e0ria&quot;}\" data-sheets-userformat=\"{&quot;2&quot;:513,&quot;3&quot;:{&quot;1&quot;:0},&quot;12&quot;:0}\">Infantil, Prim\u00e0ria<\/span>.<\/p>\n<p>Objectius:<\/p>\n<ul>\n<li><span data-sheets-value=\"{&quot;1&quot;:2,&quot;2&quot;:&quot;Apropar als infants a la sostenibilitat i medi ambient a trav\u00e9s de la lectura. \\nGaudir de les lectures.\\n&quot;}\" data-sheets-userformat=\"{&quot;2&quot;:513,&quot;3&quot;:{&quot;1&quot;:0},&quot;12&quot;:0}\">Apropar als infants a la sostenibilitat i medi ambient a trav\u00e9s de la lectura.<\/span><\/li>\n<li><span data-sheets-value=\"{&quot;1&quot;:2,&quot;2&quot;:&quot;Apropar als infants a la sostenibilitat i medi ambient a trav\u00e9s de la lectura. \\nGaudir de les lectures.\\n&quot;}\" data-sheets-userformat=\"{&quot;2&quot;:513,&quot;3&quot;:{&quot;1&quot;:0},&quot;12&quot;:0}\">Gaudir de les lectures.<br \/>\n<\/span><\/li>\n<\/ul>\n<p>Explicaci\u00f3:<\/p>\n<p>Hem fet arribar dues\u00a0<strong>Caixes d\u2019Escoles Verdes<\/strong>, una a Benissanet i una a Miravet, amb una carta per iniciar el Programa d\u2019Escoles Verdes, i articles i llibres sobre sostenibilitat\u2026<\/p>\n<p>S\u2019ha organitzat que cada Caixa Verda passi primer per un dels grups de cada escola de la ZER i iniciaran el Programa amb les propostes que hi ha a la Caixa. Aquests hauran de seguir unes missions proposades per la Comissi\u00f3 d\u2019Escoles Verdes de la ZER, i posteriorment aniran passant aquesta Caixa als companys del grup seg\u00fcent.<\/p>\n<div class=\"container-wrapper-genially\">\n<div id=\"5f81e4d2b925a10d68ce43a2\" class=\"genially-embed genially-view-not-is-mobile\">\n<div class=\"resize-sensor\" dir=\"ltr\">\n<div class=\"resize-sensor-expand\">\n<div>\n<p>Podeu trobar tota la informaci\u00f3 i llegir l\u2019article original\u00a0<a href=\"https:\/\/agora.xtec.cat\/zerbenmir\/activitats\/caixa-descoles-verdes\/\" target=\"_blank\" rel=\"noopener noreferrer\">aqu\u00ed<\/a>.<\/p>\n<p><img loading=\"lazy\" decoding=\"async\" class=\"aligncenter wp-image-9803 size-full\" src=\"https:\/\/projectes.xtec.cat\/bescat\/wp-content\/uploads\/usu793\/2021\/06\/Captura-de-pantalla-2021-06-24-a-las-11.16.56.png\" alt=\"\" width=\"1006\" height=\"513\" srcset=\"https:\/\/projectes.xtec.cat\/bescat\/wp-content\/uploads\/usu793\/2021\/06\/Captura-de-pantalla-2021-06-24-a-las-11.16.56.png 1006w, https:\/\/projectes.xtec.cat\/bescat\/wp-content\/uploads\/usu793\/2021\/06\/Captura-de-pantalla-2021-06-24-a-las-11.16.56-300x153.png 300w, https:\/\/projectes.xtec.cat\/bescat\/wp-content\/uploads\/usu793\/2021\/06\/Captura-de-pantalla-2021-06-24-a-las-11.16.56-768x392.png 768w\" sizes=\"auto, (max-width: 1006px) 100vw, 1006px\" \/><\/p>\n<\/div>\n<\/div>\n<\/div>\n<\/div>\n<\/div>\n","protected":false},"excerpt":{"rendered":"<p>Centre: ZER Benissanet- Miravet, <a href=\"https:\/\/agora.xtec.cat\/escbenissanet\/\" target=\"_blank\" rel=\"noopener noreferrer\">Escola Antoni Nat<\/a>, <a href=\"https:\/\/agora.xtec.cat\/ceipmiravet\/\" target=\"_blank\" rel=\"noopener noreferrer\">Escola Roc Llop i Convalia<\/a><br \/>\nL\u00ednia 2: La biblioteca escolar com a agent d&#8217;equitat, participaci\u00f3 i cohesi\u00f3 de la comunitat educativa<br \/>\nEtapa: Infantil, Prim\u00e0ria.<br \/>\nObjectius:<\/p>\n<ul>\n<li>Apropar als infants a la sostenibilitat i medi ambient&hellip;  <a href=\"https:\/\/projectes.xtec.cat\/bescat\/portada\/caixa-escoles-verdes\/\" title=\"Read Caixa d&#8217;Escoles Verdes\">Llegeix m\u00e9s\u00bb<\/a><br \/>\n","protected":false},"author":3,"featured_media":9803,"comment_status":"open","ping_status":"closed","sticky":false,"template":"","format":"standard","meta":{"_bbp_topic_count":0,"_bbp_reply_count":0,"_bbp_total_topic_count":0,"_bbp_total_reply_count":0,"_bbp_voice_count":0,"_bbp_anonymous_reply_count":0,"_bbp_topic_count_hidden":0,"_bbp_reply_count_hidden":0,"_bbp_forum_subforum_count":0,"footnotes":""},"categories":[287,296,29,288],"tags":[],"class_list":["post-9802","post","type-post","status-publish","format-standard","has-post-thumbnail","hentry","category-infantil","category-l2","category-portada","category-primaria"],"post_mailing_queue_ids":[],"_links":{"self":[{"href":"https:\/\/projectes.xtec.cat\/bescat\/wp-json\/wp\/v2\/posts\/9802","targetHints":{"allow":["GET"]}}],"collection":[{"href":"https:\/\/projectes.xtec.cat\/bescat\/wp-json\/wp\/v2\/posts"}],"about":[{"href":"https:\/\/projectes.xtec.cat\/bescat\/wp-json\/wp\/v2\/types\/post"}],"author":[{"embeddable":true,"href":"https:\/\/projectes.xtec.cat\/bescat\/wp-json\/wp\/v2\/users\/3"}],"replies":[{"embeddable":true,"href":"https:\/\/projectes.xtec.cat\/bescat\/wp-json\/wp\/v2\/comments?post=9802"}],"version-history":[{"count":2,"href":"https:\/\/projectes.xtec.cat\/bescat\/wp-json\/wp\/v2\/posts\/9802\/revisions"}],"predecessor-version":[{"id":9837,"href":"https:\/\/projectes.xtec.cat\/bescat\/wp-json\/wp\/v2\/posts\/9802\/revisions\/9837"}],"wp:featuredmedia":[{"embeddable":true,"href":"https:\/\/projectes.xtec.cat\/bescat\/wp-json\/wp\/v2\/media\/9803"}],"wp:attachment":[{"href":"https:\/\/projectes.xtec.cat\/bescat\/wp-json\/wp\/v2\/media?parent=9802"}],"wp:term":[{"taxonomy":"category","embeddable":true,"href":"https:\/\/projectes.xtec.cat\/bescat\/wp-json\/wp\/v2\/categories?post=9802"},{"taxonomy":"post_tag","embeddable":true,"href":"https:\/\/projectes.xtec.cat\/bescat\/wp-json\/wp\/v2\/tags?post=9802"}],"curies":[{"name":"wp","href":"https:\/\/api.w.org\/{rel}","templated":true}]}}