{"id":9812,"date":"2021-07-01T09:00:24","date_gmt":"2021-07-01T07:00:24","guid":{"rendered":"https:\/\/projectes.xtec.cat\/bescat\/?p=9812"},"modified":"2021-06-25T14:55:59","modified_gmt":"2021-06-25T12:55:59","slug":"forca-valors","status":"publish","type":"post","link":"https:\/\/projectes.xtec.cat\/bescat\/portada\/forca-valors\/","title":{"rendered":"La for\u00e7a dels valors"},"content":{"rendered":"<p>Centre: <a href=\"http:\/\/mediateca.epiagranollers.cat\/\" target=\"_blank\" rel=\"noopener noreferrer\"><span data-sheets-value=\"{&quot;1&quot;:2,&quot;2&quot;:&quot;Escola Pia Granollers&quot;}\" data-sheets-userformat=\"{&quot;2&quot;:513,&quot;3&quot;:{&quot;1&quot;:0},&quot;12&quot;:0}\">Escola Pia Granollers<\/span><\/a><\/p>\n<p><span data-sheets-value=\"{&quot;1&quot;:2,&quot;2&quot;:&quot;L\u00ednia 2: La biblioteca escolar com a agent d'equitat, participaci\u00f3 i cohesi\u00f3 de la comunitat educativa&quot;}\" data-sheets-userformat=\"{&quot;2&quot;:513,&quot;3&quot;:{&quot;1&quot;:0},&quot;12&quot;:0}\">L\u00ednia 2: La biblioteca escolar com a agent d&#8217;equitat, participaci\u00f3 i cohesi\u00f3 de la comunitat educativa.<\/span><\/p>\n<p>Etapa: <span data-sheets-value=\"{&quot;1&quot;:2,&quot;2&quot;:&quot;Infantil, Prim\u00e0ria&quot;}\" data-sheets-userformat=\"{&quot;2&quot;:513,&quot;3&quot;:{&quot;1&quot;:0},&quot;12&quot;:0}\">Prim\u00e0ria<\/span>.<\/p>\n<p>Objectius:<\/p>\n<ul>\n<li><span data-sheets-value=\"{&quot;1&quot;:2,&quot;2&quot;:&quot;Mantenir la nostra biblioteca en funcionament durant aquest per\u00edode tant complicat. Fer arribar a tots i totes els\/les alumnes activitats per impulsar a la lectura i mantenir la xarxa de la biblioteca escolar del nostre centre actualitzada per arribar a totes les llars&quot;}\" data-sheets-userformat=\"{&quot;2&quot;:513,&quot;3&quot;:{&quot;1&quot;:0},&quot;12&quot;:0}\">Crear xarxa.<\/span><\/li>\n<li>Potenciar el di\u00e0leg.<\/li>\n<li>Fomentar la creativitat.<\/li>\n<\/ul>\n<p>Explicaci\u00f3:<\/p>\n<p dir=\"ltr\">El curs passat 19\/20 vam estrenar l\u2019exposici\u00f3 La for\u00e7a dels valors de Francesc Rovira Jarque. Vam fer aquesta activitat des de la biblioteca escolar durant tot el curs amb els alumnes de CM i CS. Les ajudants de biblioteca han estat part important del projecte. Han esgarrapat hores de pati per poder portar-ho a terme, en l&#8217;acte inaugural havien de fer de mestres de cerim\u00f2nies.<\/p>\n<p dir=\"ltr\">S&#8217;han organitzat de forma col\u00b7laborativa a l&#8217;hora de fer els enigmes, difondre&#8217;ls i fer-ne al retorn als altres companys.<\/p>\n<p dir=\"ltr\">Podeu veure els diferents enigmes relacionats amb cada un dels valors de l&#8217;exposici\u00f3 en aquest sites <a href=\"https:\/\/www.blogger.com\/blog\/post\/edit\/1701272636869845919\/3708236232497943780#\">La for\u00e7a dels valors <\/a>\u00a0a on hem recopilat tota la informaci\u00f3 d&#8217;aquest projecte. Vol\u00edem portar l\u2019exposici\u00f3 a la Biblioteca Roca Umbert i explicar-la per\u00f2 no va ser possible a causa del confinament.<\/p>\n<p dir=\"ltr\">Aquest nou curs 2020\/2021 ho hem fet des de l&#8217;horari extraescolar, cada divendres, els usuaris de la biblioteca escolar escollien un dels 12 valors i els exposarem a l\u2019entrada de la biblioteca. Un cop escollit expos\u00e0vem el plaf\u00f3\u00a0 a fora de la biblioteca perqu\u00e8 aix\u00ed en pogu\u00e9s gaudir tota l\u2019escola.<\/p>\n<p>Podeu trobar l&#8217;article original <a href=\"http:\/\/mediateca.epiagranollers.cat\/2021\/06\/la-forca-dels-valors.html\" target=\"_blank\" rel=\"noopener noreferrer\"><span style=\"text-decoration: underline;\">aqu\u00ed<\/span><\/a>.<\/p>\n<p><img loading=\"lazy\" decoding=\"async\" class=\"aligncenter size-full wp-image-9813\" src=\"https:\/\/projectes.xtec.cat\/bescat\/wp-content\/uploads\/usu793\/2021\/06\/0.jpeg\" alt=\"\" width=\"257\" height=\"320\" srcset=\"https:\/\/projectes.xtec.cat\/bescat\/wp-content\/uploads\/usu793\/2021\/06\/0.jpeg 257w, https:\/\/projectes.xtec.cat\/bescat\/wp-content\/uploads\/usu793\/2021\/06\/0-241x300.jpeg 241w\" sizes=\"auto, (max-width: 257px) 100vw, 257px\" \/><\/p>\n<p><img loading=\"lazy\" decoding=\"async\" class=\"aligncenter size-medium wp-image-9814\" src=\"https:\/\/projectes.xtec.cat\/bescat\/wp-content\/uploads\/usu793\/2021\/06\/dfg-2-263x300.jpeg\" alt=\"\" width=\"263\" height=\"300\" srcset=\"https:\/\/projectes.xtec.cat\/bescat\/wp-content\/uploads\/usu793\/2021\/06\/dfg-2-263x300.jpeg 263w, https:\/\/projectes.xtec.cat\/bescat\/wp-content\/uploads\/usu793\/2021\/06\/dfg-2.jpeg 281w\" sizes=\"auto, (max-width: 263px) 100vw, 263px\" \/><\/p>\n<p><img loading=\"lazy\" decoding=\"async\" class=\"aligncenter size-medium wp-image-9815\" src=\"https:\/\/projectes.xtec.cat\/bescat\/wp-content\/uploads\/usu793\/2021\/06\/dfg-263x300.jpeg\" alt=\"\" width=\"263\" height=\"300\" srcset=\"https:\/\/projectes.xtec.cat\/bescat\/wp-content\/uploads\/usu793\/2021\/06\/dfg-263x300.jpeg 263w, https:\/\/projectes.xtec.cat\/bescat\/wp-content\/uploads\/usu793\/2021\/06\/dfg.jpeg 280w\" sizes=\"auto, (max-width: 263px) 100vw, 263px\" \/><\/p>\n<p><img loading=\"lazy\" decoding=\"async\" class=\"aligncenter size-medium wp-image-9816\" src=\"https:\/\/projectes.xtec.cat\/bescat\/wp-content\/uploads\/usu793\/2021\/06\/gsd-260x300.jpeg\" alt=\"\" width=\"260\" height=\"300\" srcset=\"https:\/\/projectes.xtec.cat\/bescat\/wp-content\/uploads\/usu793\/2021\/06\/gsd-260x300.jpeg 260w, https:\/\/projectes.xtec.cat\/bescat\/wp-content\/uploads\/usu793\/2021\/06\/gsd.jpeg 277w\" sizes=\"auto, (max-width: 260px) 100vw, 260px\" \/><\/p>\n<p><img loading=\"lazy\" decoding=\"async\" class=\"aligncenter size-medium wp-image-9817\" src=\"https:\/\/projectes.xtec.cat\/bescat\/wp-content\/uploads\/usu793\/2021\/06\/ret-257x300.jpeg\" alt=\"\" width=\"257\" height=\"300\" srcset=\"https:\/\/projectes.xtec.cat\/bescat\/wp-content\/uploads\/usu793\/2021\/06\/ret-257x300.jpeg 257w, https:\/\/projectes.xtec.cat\/bescat\/wp-content\/uploads\/usu793\/2021\/06\/ret.jpeg 274w\" sizes=\"auto, (max-width: 257px) 100vw, 257px\" \/><\/p>\n<p><img loading=\"lazy\" decoding=\"async\" class=\"aligncenter size-medium wp-image-9818\" src=\"https:\/\/projectes.xtec.cat\/bescat\/wp-content\/uploads\/usu793\/2021\/06\/rew-255x300.jpeg\" alt=\"\" width=\"255\" height=\"300\" srcset=\"https:\/\/projectes.xtec.cat\/bescat\/wp-content\/uploads\/usu793\/2021\/06\/rew-255x300.jpeg 255w, https:\/\/projectes.xtec.cat\/bescat\/wp-content\/uploads\/usu793\/2021\/06\/rew.jpeg 272w\" sizes=\"auto, (max-width: 255px) 100vw, 255px\" \/><\/p>\n<p><img loading=\"lazy\" decoding=\"async\" class=\"aligncenter size-medium wp-image-9819\" src=\"https:\/\/projectes.xtec.cat\/bescat\/wp-content\/uploads\/usu793\/2021\/06\/sdf-263x300.jpeg\" alt=\"\" width=\"263\" height=\"300\" srcset=\"https:\/\/projectes.xtec.cat\/bescat\/wp-content\/uploads\/usu793\/2021\/06\/sdf-263x300.jpeg 263w, https:\/\/projectes.xtec.cat\/bescat\/wp-content\/uploads\/usu793\/2021\/06\/sdf.jpeg 280w\" sizes=\"auto, (max-width: 263px) 100vw, 263px\" \/><\/p>\n<p>&nbsp;<\/p>\n","protected":false},"excerpt":{"rendered":"<p>Centre: <a href=\"http:\/\/mediateca.epiagranollers.cat\/\" target=\"_blank\" rel=\"noopener noreferrer\">Escola Pia Granollers<\/a><br \/>\nL\u00ednia 2: La biblioteca escolar com a agent d&#8217;equitat, participaci\u00f3 i cohesi\u00f3 de la comunitat educativa.<br \/>\nEtapa: Prim\u00e0ria.<br \/>\nObjectius:<\/p>\n<ul>\n<li>Crear xarxa.<\/li>\n<li>Potenciar el di\u00e0leg.<\/li>\n<li>Fomentar la creativitat.<\/li>\n<\/ul>\n<p>Explicaci\u00f3:<br \/>\nEl curs passat 19\/20 vam estrenar l\u2019exposici\u00f3 La for\u00e7a dels valors de Francesc Rovira Jarque. Vam fer&hellip;  <a href=\"https:\/\/projectes.xtec.cat\/bescat\/portada\/forca-valors\/\" title=\"Read La for\u00e7a dels valors\">Llegeix m\u00e9s\u00bb<\/a><\/p>\n","protected":false},"author":3,"featured_media":9815,"comment_status":"open","ping_status":"closed","sticky":false,"template":"","format":"standard","meta":{"_bbp_topic_count":0,"_bbp_reply_count":0,"_bbp_total_topic_count":0,"_bbp_total_reply_count":0,"_bbp_voice_count":0,"_bbp_anonymous_reply_count":0,"_bbp_topic_count_hidden":0,"_bbp_reply_count_hidden":0,"_bbp_forum_subforum_count":0,"footnotes":""},"categories":[296,29,288],"tags":[],"class_list":["post-9812","post","type-post","status-publish","format-standard","has-post-thumbnail","hentry","category-l2","category-portada","category-primaria"],"post_mailing_queue_ids":[],"_links":{"self":[{"href":"https:\/\/projectes.xtec.cat\/bescat\/wp-json\/wp\/v2\/posts\/9812","targetHints":{"allow":["GET"]}}],"collection":[{"href":"https:\/\/projectes.xtec.cat\/bescat\/wp-json\/wp\/v2\/posts"}],"about":[{"href":"https:\/\/projectes.xtec.cat\/bescat\/wp-json\/wp\/v2\/types\/post"}],"author":[{"embeddable":true,"href":"https:\/\/projectes.xtec.cat\/bescat\/wp-json\/wp\/v2\/users\/3"}],"replies":[{"embeddable":true,"href":"https:\/\/projectes.xtec.cat\/bescat\/wp-json\/wp\/v2\/comments?post=9812"}],"version-history":[{"count":1,"href":"https:\/\/projectes.xtec.cat\/bescat\/wp-json\/wp\/v2\/posts\/9812\/revisions"}],"predecessor-version":[{"id":9820,"href":"https:\/\/projectes.xtec.cat\/bescat\/wp-json\/wp\/v2\/posts\/9812\/revisions\/9820"}],"wp:featuredmedia":[{"embeddable":true,"href":"https:\/\/projectes.xtec.cat\/bescat\/wp-json\/wp\/v2\/media\/9815"}],"wp:attachment":[{"href":"https:\/\/projectes.xtec.cat\/bescat\/wp-json\/wp\/v2\/media?parent=9812"}],"wp:term":[{"taxonomy":"category","embeddable":true,"href":"https:\/\/projectes.xtec.cat\/bescat\/wp-json\/wp\/v2\/categories?post=9812"},{"taxonomy":"post_tag","embeddable":true,"href":"https:\/\/projectes.xtec.cat\/bescat\/wp-json\/wp\/v2\/tags?post=9812"}],"curies":[{"name":"wp","href":"https:\/\/api.w.org\/{rel}","templated":true}]}}