{"id":9912,"date":"2021-09-13T09:30:37","date_gmt":"2021-09-13T07:30:37","guid":{"rendered":"https:\/\/projectes.xtec.cat\/bescat\/?p=9912"},"modified":"2021-09-12T18:10:21","modified_gmt":"2021-09-12T16:10:21","slug":"servei-de-maleta-viatgera-als-cpd-de-leoi-lleida","status":"publish","type":"post","link":"https:\/\/projectes.xtec.cat\/bescat\/portada\/servei-de-maleta-viatgera-als-cpd-de-leoi-lleida\/","title":{"rendered":"Servei de Maleta Viatgera als CPD de l&#8217;EOI (Lleida)"},"content":{"rendered":"<p>Centre: <a href=\"https:\/\/web.eoilleida.cat\/%f0%9f%a7%b3estrenem-el-servei-de-maleta-viatgera\/\"><span data-sheets-value=\"{&quot;1&quot;:2,&quot;2&quot;:&quot;EOI de Lleida&quot;}\" data-sheets-userformat=\"{&quot;2&quot;:513,&quot;3&quot;:{&quot;1&quot;:0},&quot;12&quot;:0}\">EOI de Lleida<\/span><\/a><\/p>\n<p><span data-sheets-value=\"{&quot;1&quot;:2,&quot;2&quot;:&quot;L\u00ednia 2: La biblioteca escolar com a agent d'equitat, participaci\u00f3 i cohesi\u00f3 de la comunitat educativa&quot;}\" data-sheets-userformat=\"{&quot;2&quot;:513,&quot;3&quot;:{&quot;1&quot;:0},&quot;12&quot;:0}\">L\u00ednia 2: La biblioteca escolar com a agent d&#8217;equitat, participaci\u00f3 i cohesi\u00f3 de la comunitat educativa.<\/span><\/p>\n<p>Etapa: <span data-sheets-value=\"{&quot;1&quot;:2,&quot;2&quot;:&quot;Ensenyament d'idiomes&quot;}\" data-sheets-userformat=\"{&quot;2&quot;:513,&quot;3&quot;:{&quot;1&quot;:0},&quot;12&quot;:0}\">Ensenyament d&#8217;idiomes.<\/span><\/p>\n<p>Objectius:<\/p>\n<ul>\n<li><span data-sheets-value=\"{&quot;1&quot;:2,&quot;2&quot;:&quot;1. Establir vincles de proximitat entre l\u2019alumnat i professors\/professores dels CPD i la biblioteca, com a equipament de l\u2019EOI.\\n2. Fomentar i millorar l\u2019aprenentatge d\u2019idiomes entre els estudiants dels CPD.\\n3. Millorar la comunicaci\u00f3 entre l\u2019alumnat dels CPD i la biblioteca.&quot;}\" data-sheets-userformat=\"{&quot;2&quot;:513,&quot;3&quot;:{&quot;1&quot;:0},&quot;12&quot;:0}\">Establir vincles de proximitat entre l\u2019alumnat i professors\/professores dels CPD i la biblioteca com a equipament de l\u2019EOI.<\/span><\/li>\n<li><span data-sheets-value=\"{&quot;1&quot;:2,&quot;2&quot;:&quot;1. Establir vincles de proximitat entre l\u2019alumnat i professors\/professores dels CPD i la biblioteca, com a equipament de l\u2019EOI.\\n2. Fomentar i millorar l\u2019aprenentatge d\u2019idiomes entre els estudiants dels CPD.\\n3. Millorar la comunicaci\u00f3 entre l\u2019alumnat dels CPD i la biblioteca.&quot;}\" data-sheets-userformat=\"{&quot;2&quot;:513,&quot;3&quot;:{&quot;1&quot;:0},&quot;12&quot;:0}\">Fomentar i millorar l\u2019aprenentatge d\u2019idiomes entre els estudiants dels CPD.<\/span><\/li>\n<li><span data-sheets-value=\"{&quot;1&quot;:2,&quot;2&quot;:&quot;1. Establir vincles de proximitat entre l\u2019alumnat i professors\/professores dels CPD i la biblioteca, com a equipament de l\u2019EOI.\\n2. Fomentar i millorar l\u2019aprenentatge d\u2019idiomes entre els estudiants dels CPD.\\n3. Millorar la comunicaci\u00f3 entre l\u2019alumnat dels CPD i la biblioteca.&quot;}\" data-sheets-userformat=\"{&quot;2&quot;:513,&quot;3&quot;:{&quot;1&quot;:0},&quot;12&quot;:0}\">Millorar la comunicaci\u00f3 entre l\u2019alumnat dels CPD i la biblioteca.<\/span><\/li>\n<\/ul>\n<p>Explicaci\u00f3:<\/p>\n<p>Durant el curs escolar 2020-2021 a l\u2019EOI de Lleida van estrenar el <strong>Servei de Maleta Viatgera<\/strong>, com una nova eina de difusi\u00f3 i pr\u00e9stec de documents de la biblioteca adre\u00e7at a l&#8217;alumnat que forma part dels <strong>Centres P\u00fablics Delegats<\/strong>\u00a0(CPD) de l\u2019escola.<\/p>\n<p>Han posat en marxa el projecte de la <strong>Maleta Viatgera<\/strong> per acostar una part del fons documental de la biblioteca a l\u2019alumnat dels CPD. Amb aquesta iniciativa han pret\u00e8s crear un servei de pr\u00e9stec m\u00e9s directe, accessible i igualitari entre tots els estudiants que integren l\u2019EOI de Lleida.<\/p>\n<p>Des de la biblioteca han volgut minimitzar la possible problem\u00e0tica generada per les dist\u00e0ncies territorials dels <strong><em>Centres P\u00fablics Delegats<\/em><\/strong>\u00a0a\u00a0<strong><em>l\u2019EOI de Lleida<\/em><\/strong>, i facilitar, en la mesura que els ha estat possible, l\u2019acc\u00e9s al material de l\u2019escola.<\/p>\n<p>El servei va funcionar com a prova pilot i es va adequar als protocols de gesti\u00f3 i seguretat sanit\u00e0ria anti COVID vigents en cada moment (<em>confinaments perimetrals, quarantenes, terminis, neteja\u2026<\/em>).<\/p>\n<p>Podeu trobar l&#8217;article original <a href=\"https:\/\/web.eoilleida.cat\/%f0%9f%a7%b3estrenem-el-servei-de-maleta-viatgera\/\"><span style=\"text-decoration: underline;\">aqu\u00ed<\/span><\/a>.<\/p>\n","protected":false},"excerpt":{"rendered":"<p>Centre: <a href=\"https:\/\/web.eoilleida.cat\/%f0%9f%a7%b3estrenem-el-servei-de-maleta-viatgera\/\">EOI de Lleida<\/a><br \/>\nL\u00ednia 2: La biblioteca escolar com a agent d&#8217;equitat, participaci\u00f3 i cohesi\u00f3 de la comunitat educativa.<br \/>\nEtapa: Ensenyament d&#8217;idiomes.<br \/>\nObjectius:<\/p>\n<ul>\n<li>Establir vincles de proximitat entre l\u2019alumnat i professors\/professores dels CPD i la biblioteca com a equipament de l\u2019EOI.<\/li>\n<li>Fomentar i millorar l\u2019aprenentatge d\u2019idiomes entre els&hellip;  <a href=\"https:\/\/projectes.xtec.cat\/bescat\/portada\/servei-de-maleta-viatgera-als-cpd-de-leoi-lleida\/\" title=\"Read Servei de Maleta Viatgera als CPD de l&#8217;EOI (Lleida)\">Llegeix m\u00e9s\u00bb<\/a><br \/>\n","protected":false},"author":133,"featured_media":9913,"comment_status":"open","ping_status":"closed","sticky":false,"template":"","format":"standard","meta":{"_bbp_topic_count":0,"_bbp_reply_count":0,"_bbp_total_topic_count":0,"_bbp_total_reply_count":0,"_bbp_voice_count":0,"_bbp_anonymous_reply_count":0,"_bbp_topic_count_hidden":0,"_bbp_reply_count_hidden":0,"_bbp_forum_subforum_count":0,"footnotes":""},"categories":[294,296,29],"tags":[],"class_list":["post-9912","post","type-post","status-publish","format-standard","has-post-thumbnail","hentry","category-ensenyaments-didiomes","category-l2","category-portada"],"post_mailing_queue_ids":[],"_links":{"self":[{"href":"https:\/\/projectes.xtec.cat\/bescat\/wp-json\/wp\/v2\/posts\/9912","targetHints":{"allow":["GET"]}}],"collection":[{"href":"https:\/\/projectes.xtec.cat\/bescat\/wp-json\/wp\/v2\/posts"}],"about":[{"href":"https:\/\/projectes.xtec.cat\/bescat\/wp-json\/wp\/v2\/types\/post"}],"author":[{"embeddable":true,"href":"https:\/\/projectes.xtec.cat\/bescat\/wp-json\/wp\/v2\/users\/133"}],"replies":[{"embeddable":true,"href":"https:\/\/projectes.xtec.cat\/bescat\/wp-json\/wp\/v2\/comments?post=9912"}],"version-history":[{"count":4,"href":"https:\/\/projectes.xtec.cat\/bescat\/wp-json\/wp\/v2\/posts\/9912\/revisions"}],"predecessor-version":[{"id":9929,"href":"https:\/\/projectes.xtec.cat\/bescat\/wp-json\/wp\/v2\/posts\/9912\/revisions\/9929"}],"wp:featuredmedia":[{"embeddable":true,"href":"https:\/\/projectes.xtec.cat\/bescat\/wp-json\/wp\/v2\/media\/9913"}],"wp:attachment":[{"href":"https:\/\/projectes.xtec.cat\/bescat\/wp-json\/wp\/v2\/media?parent=9912"}],"wp:term":[{"taxonomy":"category","embeddable":true,"href":"https:\/\/projectes.xtec.cat\/bescat\/wp-json\/wp\/v2\/categories?post=9912"},{"taxonomy":"post_tag","embeddable":true,"href":"https:\/\/projectes.xtec.cat\/bescat\/wp-json\/wp\/v2\/tags?post=9912"}],"curies":[{"name":"wp","href":"https:\/\/api.w.org\/{rel}","templated":true}]}}