{"id":9939,"date":"2021-09-16T10:27:19","date_gmt":"2021-09-16T08:27:19","guid":{"rendered":"https:\/\/projectes.xtec.cat\/bescat\/?p=9939"},"modified":"2021-09-16T10:28:34","modified_gmt":"2021-09-16T08:28:34","slug":"carregues-de-lalumnat-a-epergam","status":"publish","type":"post","link":"https:\/\/projectes.xtec.cat\/bescat\/portada\/carregues-de-lalumnat-a-epergam\/","title":{"rendered":"C\u00e0rregues de l&#8217;alumnat a eP\u00e8rgam"},"content":{"rendered":"<p><img loading=\"lazy\" decoding=\"async\" class=\"size-full wp-image-9896 aligncenter\" src=\"https:\/\/projectes.xtec.cat\/bescat\/wp-content\/uploads\/usu793\/2021\/09\/t_epergam.gif\" alt=\"\" width=\"390\" height=\"130\" \/><\/p>\n<p>Ahir es va realitzar la c\u00e0rrega de l&#8217;alumnat d&#8217;educaci\u00f3 prim\u00e0ria a l&#8217;aplicaci\u00f3 eP\u00e8rgam. Est\u00e0 previst fer les carr\u00e8gues de la resta d&#8217;alumnat en les dates seg\u00fcents:<\/p>\n<ul id=\"yui_3_17_2_1_1631780477477_30\">\n<li>20 de setembre: \u00a0ESO i Batxillerat.<\/li>\n<li>22 de setembre: educaci\u00f3 especial.<\/li>\n<li>4 d&#8217;octubre: EOI.<\/li>\n<\/ul>\n<p>Moltes gr\u00e0cies.<\/p>\n","protected":false},"excerpt":{"rendered":"<p>Ahir es va realitzar la c\u00e0rrega de l&#8217;alumnat d&#8217;educaci\u00f3 prim\u00e0ria a l&#8217;aplicaci\u00f3 eP\u00e8rgam. Est\u00e0 previst fer les carr\u00e8gues de la resta d&#8217;alumnat en les dates seg\u00fcents:<\/p>\n<ul id=\"yui_3_17_2_1_1631780477477_30\">\n<li>20 de setembre: \u00a0ESO i Batxillerat.<\/li>\n<li>22 de setembre: educaci\u00f3 especial.<\/li>\n<li>4 d&#8217;octubre: EOI.<\/li>\n<\/ul>\n<p>Moltes gr\u00e0cies.<\/p>\n","protected":false},"author":4,"featured_media":9896,"comment_status":"open","ping_status":"closed","sticky":false,"template":"","format":"standard","meta":{"_bbp_topic_count":0,"_bbp_reply_count":0,"_bbp_total_topic_count":0,"_bbp_total_reply_count":0,"_bbp_voice_count":0,"_bbp_anonymous_reply_count":0,"_bbp_topic_count_hidden":0,"_bbp_reply_count_hidden":0,"_bbp_forum_subforum_count":0,"footnotes":""},"categories":[379,29],"tags":[413],"class_list":["post-9939","post","type-post","status-publish","format-standard","has-post-thumbnail","hentry","category-noticies","category-portada","tag-epergam"],"post_mailing_queue_ids":[],"_links":{"self":[{"href":"https:\/\/projectes.xtec.cat\/bescat\/wp-json\/wp\/v2\/posts\/9939","targetHints":{"allow":["GET"]}}],"collection":[{"href":"https:\/\/projectes.xtec.cat\/bescat\/wp-json\/wp\/v2\/posts"}],"about":[{"href":"https:\/\/projectes.xtec.cat\/bescat\/wp-json\/wp\/v2\/types\/post"}],"author":[{"embeddable":true,"href":"https:\/\/projectes.xtec.cat\/bescat\/wp-json\/wp\/v2\/users\/4"}],"replies":[{"embeddable":true,"href":"https:\/\/projectes.xtec.cat\/bescat\/wp-json\/wp\/v2\/comments?post=9939"}],"version-history":[{"count":3,"href":"https:\/\/projectes.xtec.cat\/bescat\/wp-json\/wp\/v2\/posts\/9939\/revisions"}],"predecessor-version":[{"id":9942,"href":"https:\/\/projectes.xtec.cat\/bescat\/wp-json\/wp\/v2\/posts\/9939\/revisions\/9942"}],"wp:featuredmedia":[{"embeddable":true,"href":"https:\/\/projectes.xtec.cat\/bescat\/wp-json\/wp\/v2\/media\/9896"}],"wp:attachment":[{"href":"https:\/\/projectes.xtec.cat\/bescat\/wp-json\/wp\/v2\/media?parent=9939"}],"wp:term":[{"taxonomy":"category","embeddable":true,"href":"https:\/\/projectes.xtec.cat\/bescat\/wp-json\/wp\/v2\/categories?post=9939"},{"taxonomy":"post_tag","embeddable":true,"href":"https:\/\/projectes.xtec.cat\/bescat\/wp-json\/wp\/v2\/tags?post=9939"}],"curies":[{"name":"wp","href":"https:\/\/api.w.org\/{rel}","templated":true}]}}