{"id":9994,"date":"2021-09-27T10:13:50","date_gmt":"2021-09-27T08:13:50","guid":{"rendered":"https:\/\/projectes.xtec.cat\/bescat\/?p=9994"},"modified":"2021-10-08T18:07:21","modified_gmt":"2021-10-08T16:07:21","slug":"expliquem-contes","status":"publish","type":"post","link":"https:\/\/projectes.xtec.cat\/bescat\/portada\/expliquem-contes\/","title":{"rendered":"Expliquem contes"},"content":{"rendered":"<p>Centre: <span data-sheets-value=\"{&quot;1&quot;:2,&quot;2&quot;:&quot;Biblioteca Josep Jan\u00e9s i biblioteca Bellvitge&quot;}\" data-sheets-userformat=\"{&quot;2&quot;:513,&quot;3&quot;:{&quot;1&quot;:0},&quot;12&quot;:0}\">Biblioteca Josep Jan\u00e9s i biblioteca Bellvitge<\/span><\/p>\n<p><span data-sheets-value=\"{&quot;1&quot;:2,&quot;2&quot;:&quot;L\u00ednia 2: La biblioteca escolar com a agent d'equitat, participaci\u00f3 i cohesi\u00f3 de la comunitat educativa&quot;}\" data-sheets-userformat=\"{&quot;2&quot;:513,&quot;3&quot;:{&quot;1&quot;:0},&quot;12&quot;:0}\">L\u00ednia 2: La biblioteca escolar com a agent d&#8217;equitat, participaci\u00f3 i cohesi\u00f3 de la comunitat educativa<\/span><\/p>\n<p>Etapa: ESO.<\/p>\n<p>Objectius:<\/p>\n<ul>\n<li>Iniciar-se en les estrat\u00e8gies m\u00e9s b\u00e0siques per poder fer de contacontes<\/li>\n<li>Desenvolupar habilitats lectores interpretatives i comunicatives<\/li>\n<li>Col\u00b7laborar en el paper de dinamitzaci\u00f3 cultural de les biblioteques p\u00fabliques<\/li>\n<\/ul>\n<p>Explicaci\u00f3:<\/p>\n<p>La proposta <strong><em>Expliquem contes<\/em><\/strong> forma part del projecte de servei comunitari per a 2n cicle d&#8217;ESO. El servei comunitari per a l&#8217;alumnat de secund\u00e0ria obligat\u00f2ria vol promoure que els alumnes experimentin i protagonitzin accions de comprom\u00eds c\u00edvic, aprenguin en l&#8217;exercici actiu de la ciutadania, i posin en joc els seus coneixements i capacitats al servei de la comunitat.<\/p>\n<p>El servei comunitari vol garantir que els estudiants, al llarg de la seva traject\u00f2ria escolar, experimentin i protagonitzin accions de comprom\u00eds c\u00edvic, aprenguin en l\u2019exercici actiu de la ciutadania, i posin en joc els seus coneixements i capacitats al servei de la comunitat.<\/p>\n<p>Es realitza:<\/p>\n<p>-Dues sessions formatives de com explicar contes a c\u00e0rrec d\u2019un professional.<\/p>\n<p>-Una sessi\u00f3 sobre el llibre infantil, tipologia, destinataris&#8230; a c\u00e0rrec de la biblioteca p\u00fablica<\/p>\n<p>-Preparaci\u00f3 de les narracions<\/p>\n<p>&#8211;<span style=\"font-family: inherit; font-size: 1em;\">Sessions de contes a la biblioteca per al p\u00fablic infantil<\/span><\/p>\n<p>&#8211;<span style=\"font-family: inherit; font-size: 1em;\">Sessions de contes a les escoles d\u2019educaci\u00f3 infantil i prim\u00e0ria del barri<\/span><\/p>\n<p>&nbsp;<\/p>\n<p>Podeu trobar l&#8217;article original <a href=\"https:\/\/www.bibliotequeslh.cat\"><span style=\"text-decoration: underline;\">aqu\u00ed<\/span><\/a>.<\/p>\n","protected":false},"excerpt":{"rendered":"<p>Centre: Biblioteca Josep Jan\u00e9s i biblioteca Bellvitge<br \/>\nL\u00ednia 2: La biblioteca escolar com a agent d&#8217;equitat, participaci\u00f3 i cohesi\u00f3 de la comunitat educativa<br \/>\nEtapa: ESO.<br \/>\nObjectius:<\/p>\n<ul>\n<li>Iniciar-se en les estrat\u00e8gies m\u00e9s b\u00e0siques per poder fer de contacontes<\/li>\n<li>Desenvolupar habilitats lectores interpretatives i comunicatives<\/li>\n<li>Col\u00b7laborar en el paper de dinamitzaci\u00f3 cultural de&hellip;  <a href=\"https:\/\/projectes.xtec.cat\/bescat\/portada\/expliquem-contes\/\" title=\"Read Expliquem contes\">Llegeix m\u00e9s\u00bb<\/a><br \/>\n","protected":false},"author":133,"featured_media":10018,"comment_status":"open","ping_status":"closed","sticky":false,"template":"","format":"standard","meta":{"_bbp_topic_count":0,"_bbp_reply_count":0,"_bbp_total_topic_count":0,"_bbp_total_reply_count":0,"_bbp_voice_count":0,"_bbp_anonymous_reply_count":0,"_bbp_topic_count_hidden":0,"_bbp_reply_count_hidden":0,"_bbp_forum_subforum_count":0,"footnotes":""},"categories":[289,296,29],"tags":[],"class_list":["post-9994","post","type-post","status-publish","format-standard","has-post-thumbnail","hentry","category-eso","category-l2","category-portada"],"post_mailing_queue_ids":[],"_links":{"self":[{"href":"https:\/\/projectes.xtec.cat\/bescat\/wp-json\/wp\/v2\/posts\/9994","targetHints":{"allow":["GET"]}}],"collection":[{"href":"https:\/\/projectes.xtec.cat\/bescat\/wp-json\/wp\/v2\/posts"}],"about":[{"href":"https:\/\/projectes.xtec.cat\/bescat\/wp-json\/wp\/v2\/types\/post"}],"author":[{"embeddable":true,"href":"https:\/\/projectes.xtec.cat\/bescat\/wp-json\/wp\/v2\/users\/133"}],"replies":[{"embeddable":true,"href":"https:\/\/projectes.xtec.cat\/bescat\/wp-json\/wp\/v2\/comments?post=9994"}],"version-history":[{"count":1,"href":"https:\/\/projectes.xtec.cat\/bescat\/wp-json\/wp\/v2\/posts\/9994\/revisions"}],"predecessor-version":[{"id":9996,"href":"https:\/\/projectes.xtec.cat\/bescat\/wp-json\/wp\/v2\/posts\/9994\/revisions\/9996"}],"wp:featuredmedia":[{"embeddable":true,"href":"https:\/\/projectes.xtec.cat\/bescat\/wp-json\/wp\/v2\/media\/10018"}],"wp:attachment":[{"href":"https:\/\/projectes.xtec.cat\/bescat\/wp-json\/wp\/v2\/media?parent=9994"}],"wp:term":[{"taxonomy":"category","embeddable":true,"href":"https:\/\/projectes.xtec.cat\/bescat\/wp-json\/wp\/v2\/categories?post=9994"},{"taxonomy":"post_tag","embeddable":true,"href":"https:\/\/projectes.xtec.cat\/bescat\/wp-json\/wp\/v2\/tags?post=9994"}],"curies":[{"name":"wp","href":"https:\/\/api.w.org\/{rel}","templated":true}]}}