{"id":10159,"date":"2024-05-08T11:12:38","date_gmt":"2024-05-08T09:12:38","guid":{"rendered":"https:\/\/projectes.xtec.cat\/camps\/?p=10159"},"modified":"2024-05-08T11:29:18","modified_gmt":"2024-05-08T09:29:18","slug":"nova-proposta-projecte-compartit-de-secundaria-guerra-civil-i-exili-a-barcelona","status":"publish","type":"post","link":"https:\/\/projectes.xtec.cat\/camps\/general\/nova-proposta-projecte-compartit-de-secundaria-guerra-civil-i-exili-a-barcelona\/","title":{"rendered":"NOVA PROPOSTA: PROJECTE COMPARTIT DE SECUND\u00c0RIA &#8220;GUERRA CIVIL I EXILI&#8221; A BARCELONA"},"content":{"rendered":"<p><img loading=\"lazy\" decoding=\"async\" class=\"wp-image-9690 alignleft\" src=\"https:\/\/serveiseducatius.xtec.cat\/cda-barcelona\/wp-content\/uploads\/usu149\/2024\/03\/IMG_20240313_135444_908-1024x1024.webp\" alt=\"\" width=\"311\" height=\"311\" \/>Aquest curs hem dut a terme el pilotatge complert del projecte compartit de secund\u00e0ria &#8220;Guerra Civil i Exili&#8221;, o Guerra d&#8217;Espanya, amb l&#8217;Institut Lluis Vives de Barcelona i el treball conjunt amb el Camp d&#8217;Aprenentatge de la Noguera. Aquest ha constat de sessions de contextualitzaci\u00f3 a l&#8217;aula sobre el conflicte a trav\u00e9s d\u2019una capsa d\u2019aprenentatge creada pel propi CdA de Barcelona, un itinerari per Ciutat Vella amb la descoberta dels vestigis de la guerra a la ciutat de Barcelona, una sortida al castell i al cementiri de Montju\u00efc amb el fil conductor del MHP Llu\u00eds Companys i el suport dels responsables educatius d\u2019ambdues entitats, i la darrera sortida despla\u00e7ant-nos al front de batalla del Segre, concretament al &#8220;Merengue&#8221; a Sant Lloren\u00e7 de Montgai, comptant amb l&#8217;expertesa de l&#8217;equip docent del CdA de la Noguera. <img loading=\"lazy\" decoding=\"async\" class=\"wp-image-9691 alignright\" src=\"https:\/\/serveiseducatius.xtec.cat\/cda-barcelona\/wp-content\/uploads\/usu149\/2024\/03\/IMG_20240313_135444_980-1024x1024.webp\" alt=\"\" width=\"295\" height=\"295\" \/><\/p>\n<p>Despr\u00e9s de realitzar una valoraci\u00f3 conjunta amb tots els agents educatius implicats, aquesta proposta s&#8217;ofereix de forma generalitza<span style=\"font-family: inherit;font-size: 1em\">da pel curs 2024-25 a tots els centres educatius que vulguin treballar el projecte &#8220;Guerra Civil i Exili&#8221; a<\/span><span style=\"font-family: inherit;font-size: 1em\"> trav<\/span><span style=\"font-family: inherit;font-size: 1em\">\u00e9s del<\/span><span style=\"font-family: inherit;font-size: 1em\">\u00a0Camp d&#8217;Aprenentatge de Barcelona i amb la resta de Camps i Entorns d&#8217;Aprenentatge implicats. Les modificacions que es faran de cara al curs vinent consisteixen en que l&#8217;activitat sortida amb el fil conductor del MHP Llu\u00eds Companys es realitzar\u00e0 en dos moments o activitats diferenciades per garantir un millor aprofundiment dels fets. L&#8217;\u00faltima activitat est\u00e0 destinada a assolir una mirada m\u00e9s global del conflicte a Catalunya visitant un altre dels sis Camps o Entorns d&#8217;Aprenentatge que treballen la tem\u00e0tica de &#8220;Guerra Civil i Exili&#8221;, i ser\u00e0 una decisi\u00f3 compartida en resposta als interessos que tingui el centre educatiu que participi.<\/span><\/p>\n<p>Un fort agra\u00efment a tots els agents educatius implicats:\u00a0<a href=\"https:\/\/www.instagram.com\/institut.lluisvives\/?hl=ca\">@institut.lluisvives , \u00a0<\/a><a href=\"https:\/\/www.instagram.com\/cdanoguera\/?hl=ca\">@cdanoguera <\/a>, <a href=\"https:\/\/www.instagram.com\/castellmontjuic\/?hl=ca\">@castellmontjuic , <\/a><a href=\"https:\/\/www.instagram.com\/cementirisbarcelona\/?hl=ca\">@cementirisbarcelona<\/a><\/p>\n<p>&nbsp;<\/p>\n<p><img loading=\"lazy\" decoding=\"async\" class=\"wp-image-9692 alignnone\" src=\"https:\/\/serveiseducatius.xtec.cat\/cda-barcelona\/wp-content\/uploads\/usu149\/2024\/03\/IMG_20240313_135445_007-1024x1024.webp\" alt=\"\" width=\"373\" height=\"373\" \/> <img loading=\"lazy\" decoding=\"async\" class=\"wp-image-9693 alignnone\" src=\"https:\/\/serveiseducatius.xtec.cat\/cda-barcelona\/wp-content\/uploads\/usu149\/2024\/03\/IMG_20240313_135445_044-1024x1024.webp\" alt=\"\" width=\"372\" height=\"372\" \/><\/p>\n<p><img loading=\"lazy\" decoding=\"async\" class=\"alignnone wp-image-9694 alignleft\" src=\"https:\/\/serveiseducatius.xtec.cat\/cda-barcelona\/wp-content\/uploads\/usu149\/2024\/03\/IMG_20240313_135445_078-1024x1024.webp\" alt=\"\" width=\"363\" height=\"363\" \/> <img loading=\"lazy\" decoding=\"async\" class=\"alignnone wp-image-9695 alignleft\" src=\"https:\/\/serveiseducatius.xtec.cat\/cda-barcelona\/wp-content\/uploads\/usu149\/2024\/03\/IMG_20240313_135445_107-1024x1024.webp\" alt=\"\" width=\"364\" height=\"364\" \/><\/p>\n<p>&nbsp;<\/p>\n<p>&nbsp;<\/p>\n<p>&nbsp;<\/p>\n<p>&nbsp;<\/p>\n<p>&nbsp;<\/p>\n<p>&nbsp;<\/p>\n<p>&nbsp;<\/p>\n<p>&nbsp;<\/p>\n<p>&nbsp;<\/p>\n<p><img loading=\"lazy\" decoding=\"async\" class=\"wp-image-9696 alignleft\" src=\"https:\/\/serveiseducatius.xtec.cat\/cda-barcelona\/wp-content\/uploads\/usu149\/2024\/03\/IMG_20240313_135445_136-1024x1024.webp\" alt=\"\" width=\"354\" height=\"354\" \/><img loading=\"lazy\" decoding=\"async\" class=\"wp-image-9697 alignleft\" src=\"https:\/\/serveiseducatius.xtec.cat\/cda-barcelona\/wp-content\/uploads\/usu149\/2024\/03\/IMG_20240313_135445_173-1024x1024.webp\" alt=\"\" width=\"371\" height=\"371\" \/><\/p>\n","protected":false},"excerpt":{"rendered":"<p>Aquest curs hem dut a terme el pilotatge complert del projecte compartit de secund\u00e0ria &#8220;Guerra Civil i Exili&#8221;, o Guerra [&hellip;]<\/p>\n","protected":false},"author":30,"featured_media":10165,"comment_status":"open","ping_status":"closed","sticky":false,"template":"","format":"standard","meta":{"_bbp_topic_count":0,"_bbp_reply_count":0,"_bbp_total_topic_count":0,"_bbp_total_reply_count":0,"_bbp_voice_count":0,"_bbp_anonymous_reply_count":0,"_bbp_topic_count_hidden":0,"_bbp_reply_count_hidden":0,"_bbp_forum_subforum_count":0,"site-sidebar-layout":"default","site-content-layout":"","ast-site-content-layout":"","site-content-style":"default","site-sidebar-style":"default","ast-global-header-display":"","ast-banner-title-visibility":"","ast-main-header-display":"","ast-hfb-above-header-display":"","ast-hfb-below-header-display":"","ast-hfb-mobile-header-display":"","site-post-title":"","ast-breadcrumbs-content":"","ast-featured-img":"","footer-sml-layout":"","theme-transparent-header-meta":"","adv-header-id-meta":"","stick-header-meta":"","header-above-stick-meta":"","header-main-stick-meta":"","header-below-stick-meta":"","astra-migrate-meta-layouts":"default","ast-page-background-enabled":"default","ast-page-background-meta":{"desktop":{"background-color":"var(--ast-global-color-4)","background-image":"","background-repeat":"repeat","background-position":"center center","background-size":"auto","background-attachment":"scroll","background-type":"","background-media":"","overlay-type":"","overlay-color":"","overlay-opacity":"","overlay-gradient":""},"tablet":{"background-color":"","background-image":"","background-repeat":"repeat","background-position":"center center","background-size":"auto","background-attachment":"scroll","background-type":"","background-media":"","overlay-type":"","overlay-color":"","overlay-opacity":"","overlay-gradient":""},"mobile":{"background-color":"","background-image":"","background-repeat":"repeat","background-position":"center center","background-size":"auto","background-attachment":"scroll","background-type":"","background-media":"","overlay-type":"","overlay-color":"","overlay-opacity":"","overlay-gradient":""}},"ast-content-background-meta":{"desktop":{"background-color":"var(--ast-global-color-5)","background-image":"","background-repeat":"repeat","background-position":"center center","background-size":"auto","background-attachment":"scroll","background-type":"","background-media":"","overlay-type":"","overlay-color":"","overlay-opacity":"","overlay-gradient":""},"tablet":{"background-color":"var(--ast-global-color-5)","background-image":"","background-repeat":"repeat","background-position":"center center","background-size":"auto","background-attachment":"scroll","background-type":"","background-media":"","overlay-type":"","overlay-color":"","overlay-opacity":"","overlay-gradient":""},"mobile":{"background-color":"var(--ast-global-color-5)","background-image":"","background-repeat":"repeat","background-position":"center center","background-size":"auto","background-attachment":"scroll","background-type":"","background-media":"","overlay-type":"","overlay-color":"","overlay-opacity":"","overlay-gradient":""}},"footnotes":""},"categories":[1,365,29,287],"tags":[294,389,334,298,339],"class_list":["post-10159","post","type-post","status-publish","format-standard","has-post-thumbnail","hentry","category-general","category-guerra-civil-i-exili","category-portada","category-projectes-compartits","tag-aprendreambelscampsientorns","tag-campdaprenentatge","tag-campsientornsdaprenentatge","tag-cda-de-barcelona","tag-historia"],"post_mailing_queue_ids":[],"_links":{"self":[{"href":"https:\/\/projectes.xtec.cat\/camps\/wp-json\/wp\/v2\/posts\/10159","targetHints":{"allow":["GET"]}}],"collection":[{"href":"https:\/\/projectes.xtec.cat\/camps\/wp-json\/wp\/v2\/posts"}],"about":[{"href":"https:\/\/projectes.xtec.cat\/camps\/wp-json\/wp\/v2\/types\/post"}],"author":[{"embeddable":true,"href":"https:\/\/projectes.xtec.cat\/camps\/wp-json\/wp\/v2\/users\/30"}],"replies":[{"embeddable":true,"href":"https:\/\/projectes.xtec.cat\/camps\/wp-json\/wp\/v2\/comments?post=10159"}],"version-history":[{"count":6,"href":"https:\/\/projectes.xtec.cat\/camps\/wp-json\/wp\/v2\/posts\/10159\/revisions"}],"predecessor-version":[{"id":10166,"href":"https:\/\/projectes.xtec.cat\/camps\/wp-json\/wp\/v2\/posts\/10159\/revisions\/10166"}],"wp:featuredmedia":[{"embeddable":true,"href":"https:\/\/projectes.xtec.cat\/camps\/wp-json\/wp\/v2\/media\/10165"}],"wp:attachment":[{"href":"https:\/\/projectes.xtec.cat\/camps\/wp-json\/wp\/v2\/media?parent=10159"}],"wp:term":[{"taxonomy":"category","embeddable":true,"href":"https:\/\/projectes.xtec.cat\/camps\/wp-json\/wp\/v2\/categories?post=10159"},{"taxonomy":"post_tag","embeddable":true,"href":"https:\/\/projectes.xtec.cat\/camps\/wp-json\/wp\/v2\/tags?post=10159"}],"curies":[{"name":"wp","href":"https:\/\/api.w.org\/{rel}","templated":true}]}}