{"id":10274,"date":"2024-11-05T14:16:21","date_gmt":"2024-11-05T13:16:21","guid":{"rendered":"https:\/\/projectes.xtec.cat\/camps\/?p=10274"},"modified":"2025-03-18T12:39:13","modified_gmt":"2025-03-18T11:39:13","slug":"presentacio-un-cant-als-estels-el-viatge-pels-amors-perduts","status":"publish","type":"post","link":"https:\/\/projectes.xtec.cat\/camps\/general\/presentacio-un-cant-als-estels-el-viatge-pels-amors-perduts\/","title":{"rendered":"Presentaci\u00f3 UN CANT ALS ESTELS: EL VIATGE PELS AMORS PERDUTS"},"content":{"rendered":"<p><a href=\"https:\/\/projectes.xtec.cat\/camps\/wp-content\/uploads\/usu2431\/2024\/11\/Petita-Un-Cant-Als-Estels-Portada-Text.jpg\"><img loading=\"lazy\" decoding=\"async\" class=\"alignnone wp-image-10279 alignleft\" src=\"https:\/\/projectes.xtec.cat\/camps\/wp-content\/uploads\/usu2431\/2024\/11\/Petita-Un-Cant-Als-Estels-Portada-Text-1024x1024.jpg\" alt=\"\" width=\"500\" height=\"500\" srcset=\"https:\/\/projectes.xtec.cat\/camps\/wp-content\/uploads\/usu2431\/2024\/11\/Petita-Un-Cant-Als-Estels-Portada-Text-1024x1024.jpg 1024w, https:\/\/projectes.xtec.cat\/camps\/wp-content\/uploads\/usu2431\/2024\/11\/Petita-Un-Cant-Als-Estels-Portada-Text-300x300.jpg 300w, https:\/\/projectes.xtec.cat\/camps\/wp-content\/uploads\/usu2431\/2024\/11\/Petita-Un-Cant-Als-Estels-Portada-Text-150x150.jpg 150w, https:\/\/projectes.xtec.cat\/camps\/wp-content\/uploads\/usu2431\/2024\/11\/Petita-Un-Cant-Als-Estels-Portada-Text-768x768.jpg 768w, https:\/\/projectes.xtec.cat\/camps\/wp-content\/uploads\/usu2431\/2024\/11\/Petita-Un-Cant-Als-Estels-Portada-Text.jpg 1417w\" sizes=\"auto, (max-width: 500px) 100vw, 500px\" \/><\/a>Des del CdA Pau Casals ens plau presentar-vos la nova cantata participativa:<\/p>\n<p><strong>\u201cUn Cant als Estels, el viatge pels amors perduts\u201d<\/strong><\/p>\n<p><em>\u201cLa paraula estimar va ser destru\u00efda i llan\u00e7ada a les profunditats de l\u2019univers, per\u00f2<\/em>\u00a0<em>els seus fragments escampats van refugiar-se als estels, on la llum vermella de la<\/em>\u00a0<em>VIDA va viatjar per poder recuperar-los&#8230;\u201d<\/em><\/p>\n<p>La nova cantata composta pel\u00a0<a href=\"http:\/\/www.petaca.cat\">Petit Taller de Can\u00e7ons<\/a> \u00a0amb el <a href=\"http:\/\/www.cdapaucasals.com\">Camp d&#8217;Aprenentatge Pau Casals<\/a> explora els diferents amors a trav\u00e9s de la m\u00fasica. Cada can\u00e7\u00f3 est\u00e0 dedicada a un tipus d\u2019amor,\u00a0abordant les emocions que aquests ens desperten, com ara l\u2019alegria, la nost\u00e0lgia, la passi\u00f3, la tristesa o\u00a0l\u2019esperan\u00e7a.<\/p>\n<p>Els diversos temes porten t\u00edtols inspiradors:\u00a0<strong>Amor Primer, Amor Amic, Amor Company, Amor Valent, Amor Amant, Amor Germ\u00e0, Amor Amarg, Amor Hum\u00e0, Amor Absent, Amor Senzill i Amor Vital.<\/strong><\/p>\n<p>Podeu trobar tot el material per a treballar-la a <a href=\"http:\/\/www.cdapaucasals.com\/ucae\">www.cdapaucasals.com\/ucae\u00a0\u00a0<\/a><\/p>\n<p><a href=\"https:\/\/open.spotify.com\/album\/3Ypd1uEKhhkanw2QtV3940?si=Yr4nalobQv25qAKC0pohaA&amp;nd=1&amp;dlsi=e208aa18cc3f4071\">\u00a0 \u00a0 \u00a0 \u00a0 \u00a0 \u00a0 \u00a0 \u00a0 \u00a0 \u00a0\u00a0<img loading=\"lazy\" decoding=\"async\" class=\"alignnone wp-image-10275\" src=\"https:\/\/projectes.xtec.cat\/camps\/wp-content\/uploads\/usu2431\/2024\/11\/image.png\" alt=\"\" width=\"100\" height=\"51\" \/>\u00a0\u00a0 <\/a><a href=\"https:\/\/music.apple.com\/es\/album\/un-cant-als-estels-el-viatge-pels-amors-perduts\/1775029747?l=ca\"><img loading=\"lazy\" decoding=\"async\" class=\"alignnone wp-image-10276\" src=\"https:\/\/projectes.xtec.cat\/camps\/wp-content\/uploads\/usu2431\/2024\/11\/image-1.png\" alt=\"\" width=\"100\" height=\"52\" \/> <\/a><a href=\"https:\/\/music.amazon.com\/albums\/B0DKCYQVC6?marketplaceId=A1RKKUPIHCS9HS&amp;musicTerritory=ES&amp;ref=dm_sh_3nyBeIEJpM9ZUtP1i9iaCeiov\"><img loading=\"lazy\" decoding=\"async\" class=\"alignnone wp-image-10278\" src=\"https:\/\/projectes.xtec.cat\/camps\/wp-content\/uploads\/usu2431\/2024\/11\/image-3.png\" alt=\"\" width=\"100\" height=\"52\" \/> \u00a0<\/a><a href=\"https:\/\/projectes.xtec.cat\/camps\/wp-content\/uploads\/usu2431\/2024\/11\/image-1.png\">\u00a0<\/a><a href=\"https:\/\/www.youtube.com\/playlist?list=PL2BwUOu10FltOh2pNbhi1rOsMqVYQYeC6\"><img loading=\"lazy\" decoding=\"async\" class=\"alignnone wp-image-10277\" src=\"https:\/\/projectes.xtec.cat\/camps\/wp-content\/uploads\/usu2431\/2024\/11\/image-2.png\" alt=\"\" width=\"100\" height=\"51\" \/>\u00a0\u00a0<\/a><\/p>\n","protected":false},"excerpt":{"rendered":"<p>Des del CdA Pau Casals ens plau presentar-vos la nova cantata participativa: \u201cUn Cant als Estels, el viatge pels amors [&hellip;]<\/p>\n","protected":false},"author":43,"featured_media":10279,"comment_status":"open","ping_status":"closed","sticky":false,"template":"","format":"standard","meta":{"_bbp_topic_count":0,"_bbp_reply_count":0,"_bbp_total_topic_count":0,"_bbp_total_reply_count":0,"_bbp_voice_count":0,"_bbp_anonymous_reply_count":0,"_bbp_topic_count_hidden":0,"_bbp_reply_count_hidden":0,"_bbp_forum_subforum_count":0,"site-sidebar-layout":"default","site-content-layout":"","ast-site-content-layout":"default","site-content-style":"default","site-sidebar-style":"default","ast-global-header-display":"","ast-banner-title-visibility":"","ast-main-header-display":"","ast-hfb-above-header-display":"","ast-hfb-below-header-display":"","ast-hfb-mobile-header-display":"","site-post-title":"","ast-breadcrumbs-content":"","ast-featured-img":"","footer-sml-layout":"","theme-transparent-header-meta":"","adv-header-id-meta":"","stick-header-meta":"","header-above-stick-meta":"","header-main-stick-meta":"","header-below-stick-meta":"","astra-migrate-meta-layouts":"set","ast-page-background-enabled":"default","ast-page-background-meta":{"desktop":{"background-color":"var(--ast-global-color-4)","background-image":"","background-repeat":"repeat","background-position":"center center","background-size":"auto","background-attachment":"scroll","background-type":"","background-media":"","overlay-type":"","overlay-color":"","overlay-opacity":"","overlay-gradient":""},"tablet":{"background-color":"","background-image":"","background-repeat":"repeat","background-position":"center center","background-size":"auto","background-attachment":"scroll","background-type":"","background-media":"","overlay-type":"","overlay-color":"","overlay-opacity":"","overlay-gradient":""},"mobile":{"background-color":"","background-image":"","background-repeat":"repeat","background-position":"center center","background-size":"auto","background-attachment":"scroll","background-type":"","background-media":"","overlay-type":"","overlay-color":"","overlay-opacity":"","overlay-gradient":""}},"ast-content-background-meta":{"desktop":{"background-color":"var(--ast-global-color-5)","background-image":"","background-repeat":"repeat","background-position":"center center","background-size":"auto","background-attachment":"scroll","background-type":"","background-media":"","overlay-type":"","overlay-color":"","overlay-opacity":"","overlay-gradient":""},"tablet":{"background-color":"var(--ast-global-color-5)","background-image":"","background-repeat":"repeat","background-position":"center center","background-size":"auto","background-attachment":"scroll","background-type":"","background-media":"","overlay-type":"","overlay-color":"","overlay-opacity":"","overlay-gradient":""},"mobile":{"background-color":"var(--ast-global-color-5)","background-image":"","background-repeat":"repeat","background-position":"center center","background-size":"auto","background-attachment":"scroll","background-type":"","background-media":"","overlay-type":"","overlay-color":"","overlay-opacity":"","overlay-gradient":""}},"footnotes":""},"categories":[1,29],"tags":[294,346,334,354,351,388,331,374,310,443,442],"class_list":["post-10274","post","type-post","status-publish","format-standard","has-post-thumbnail","hentry","category-general","category-portada","tag-aprendreambelscampsientorns","tag-aprenem-amb-els-cda-eda","tag-campsientornsdaprenentatge","tag-cantata","tag-cda-pau-casals","tag-musica","tag-projectecda-aprendreambelscampsientorns","tag-projectes-compartits","tag-recurs-didactic","tag-ucae","tag-un-cant-als-estels"],"post_mailing_queue_ids":[],"_links":{"self":[{"href":"https:\/\/projectes.xtec.cat\/camps\/wp-json\/wp\/v2\/posts\/10274","targetHints":{"allow":["GET"]}}],"collection":[{"href":"https:\/\/projectes.xtec.cat\/camps\/wp-json\/wp\/v2\/posts"}],"about":[{"href":"https:\/\/projectes.xtec.cat\/camps\/wp-json\/wp\/v2\/types\/post"}],"author":[{"embeddable":true,"href":"https:\/\/projectes.xtec.cat\/camps\/wp-json\/wp\/v2\/users\/43"}],"replies":[{"embeddable":true,"href":"https:\/\/projectes.xtec.cat\/camps\/wp-json\/wp\/v2\/comments?post=10274"}],"version-history":[{"count":5,"href":"https:\/\/projectes.xtec.cat\/camps\/wp-json\/wp\/v2\/posts\/10274\/revisions"}],"predecessor-version":[{"id":10485,"href":"https:\/\/projectes.xtec.cat\/camps\/wp-json\/wp\/v2\/posts\/10274\/revisions\/10485"}],"wp:featuredmedia":[{"embeddable":true,"href":"https:\/\/projectes.xtec.cat\/camps\/wp-json\/wp\/v2\/media\/10279"}],"wp:attachment":[{"href":"https:\/\/projectes.xtec.cat\/camps\/wp-json\/wp\/v2\/media?parent=10274"}],"wp:term":[{"taxonomy":"category","embeddable":true,"href":"https:\/\/projectes.xtec.cat\/camps\/wp-json\/wp\/v2\/categories?post=10274"},{"taxonomy":"post_tag","embeddable":true,"href":"https:\/\/projectes.xtec.cat\/camps\/wp-json\/wp\/v2\/tags?post=10274"}],"curies":[{"name":"wp","href":"https:\/\/api.w.org\/{rel}","templated":true}]}}