{"id":10802,"date":"2025-07-08T10:42:31","date_gmt":"2025-07-08T08:42:31","guid":{"rendered":"https:\/\/projectes.xtec.cat\/camps\/?p=10802"},"modified":"2025-07-24T22:55:10","modified_gmt":"2025-07-24T20:55:10","slug":"que-tenen-en-comu-lescola-gironella-de-lalt-bergueda-i-lescola-mare-de-deu-de-montserrat-de-la-ciutat-de-barcelona","status":"publish","type":"post","link":"https:\/\/projectes.xtec.cat\/camps\/general\/que-tenen-en-comu-lescola-gironella-de-lalt-bergueda-i-lescola-mare-de-deu-de-montserrat-de-la-ciutat-de-barcelona\/","title":{"rendered":"Qu\u00e8 tenen en com\u00fa l\u2019Escola Gironella de l\u2019Alt Bergued\u00e0 i l\u2019Escola Mare de D\u00e9u de Montserrat de la ciutat de Barcelona?"},"content":{"rendered":"\n<p>Aquesta \u00e9s una de les preguntes que de ben segur poden respondre de manera extensa l\u2019alumnat de sis\u00e8 de prim\u00e0ria d\u2019ambdues escoles ja que no nom\u00e9s han participat en els projectes \u201cConeix l\u2019entorn del teu poble\u201d i \u201cExpliquem el barri\u201d respectivament sin\u00f3 que enguany, en el darrer trimestre, ambdues escoles han format part d\u2019un intercanvi a trav\u00e9s de l\u2019estreta col\u00b7laboraci\u00f3 entre el Cda Alt Bergued\u00e0 i el CdA Barcelona que ha utilitzat el\u00a0 riu Llobregat com a fil conductor principal d\u2019aquesta connexi\u00f3 entre centres.<\/p>\n\n\n\n<figure class=\"wp-block-image aligncenter size-full is-resized\"><a href=\"https:\/\/projectes.xtec.cat\/camps\/wp-content\/uploads\/usu2431\/2025\/07\/Captura-1.jpg\"><img loading=\"lazy\" decoding=\"async\" width=\"365\" height=\"161\" src=\"https:\/\/projectes.xtec.cat\/camps\/wp-content\/uploads\/usu2431\/2025\/07\/Captura-1.jpg\" alt=\"\" class=\"wp-image-10803\" style=\"width:286px;height:auto\" srcset=\"https:\/\/projectes.xtec.cat\/camps\/wp-content\/uploads\/usu2431\/2025\/07\/Captura-1.jpg 365w, https:\/\/projectes.xtec.cat\/camps\/wp-content\/uploads\/usu2431\/2025\/07\/Captura-1-300x132.jpg 300w\" sizes=\"auto, (max-width: 365px) 100vw, 365px\" \/><\/a><figcaption class=\"wp-element-caption\">   Escola Mare de D\u00e9u de Montserrat                   Escola Gironella<\/figcaption><\/figure>\n\n\n\n<p>El dia 8 de gener va ser el dia que ambdues classes es trobaven connectades a l\u2019ordinador en espera de descobrir quina era l\u2019escola que hi havia a l\u2019altra banda. L\u2019alumnat de Mare de D\u00e9u de Montserrat anava descartant comarques de Catalunya i des de Gironella es descobriren districtes i barris de la ciutat per trobar la ubicaci\u00f3 del centre a endevinar. El proc\u00e9s va ser molt entretingut i despr\u00e9s de moltes preguntes a nens i nenes desconegudes van sorgir els noms de les dues escoles.<br><\/p>\n\n\n\n<p>Saber el nom de l\u2019escola implicava con\u00e8ixer el context on es viatjaria, aix\u00ed doncs, en una mateixa setmana, l\u2019escola Gironella aniria a la ciutat de Barcelona a realitzar una estada de dos dies amb el camp d&#8217;Aprenentatge de Barcelona i l\u2019escola Mare de D\u00e9u de Montserrat faria seguidament una estada de tres dies amb el Camp d\u2019Aprenentatge de l\u2019Alt Bergued\u00e0.&nbsp;<\/p>\n\n\n\n<p>El dia 26 de maig l\u2019escola Gironella arribava a Barcelona i acompanyada dels mestres del CdA Barcelona anava a l\u2019Escola Mare de D\u00e9u de Montserrat per esmorzar amb el grup amfitri\u00f3, despr\u00e9s d\u2019aix\u00f2 es va fer l\u2019activitat del rally dels transports de manera conjunta amb els dos grups classe i els nens i nenes de mare de D\u00e9u de Montserrat van explicar un dels punts m\u00e9s emblem\u00e0tics de la ciutat: la <a href=\"https:\/\/sagradafamilia.org\/es\/home\">Sagrada Fam\u00edlia<\/a> tot fent entrega d&#8217;uns tr\u00edptics amb informaci\u00f3 de la bas\u00edlica elaborats espec\u00edficament per l&#8217;ocasi\u00f3. El parc de les Gl\u00f2ries va ser l\u2019espai escollit per poder dinar de manera conjunta i dedicar un temps de joc compartit.<\/p>\n\n\n\n<figure class=\"wp-block-image aligncenter size-full\" style=\"margin-right:0;margin-left:0\"><a href=\"https:\/\/projectes.xtec.cat\/camps\/wp-content\/uploads\/usu2431\/2025\/07\/Captura.JPG-2.jpg\"><img loading=\"lazy\" decoding=\"async\" width=\"535\" height=\"188\" src=\"https:\/\/projectes.xtec.cat\/camps\/wp-content\/uploads\/usu2431\/2025\/07\/Captura.JPG-2.jpg\" alt=\"\" class=\"wp-image-10805\" srcset=\"https:\/\/projectes.xtec.cat\/camps\/wp-content\/uploads\/usu2431\/2025\/07\/Captura.JPG-2.jpg 535w, https:\/\/projectes.xtec.cat\/camps\/wp-content\/uploads\/usu2431\/2025\/07\/Captura.JPG-2-300x105.jpg 300w\" sizes=\"auto, (max-width: 535px) 100vw, 535px\" \/><\/a><figcaption class=\"wp-element-caption\">Tr\u00edptic elaborat per l\u2019alumnat de sis\u00e8 de l\u2019Escola Mare de D\u00e9u de Montserrat<\/figcaption><\/figure>\n\n\n\n<div class=\"wp-block-media-text is-stacked-on-mobile\" style=\"grid-template-columns:15% auto\"><figure class=\"wp-block-media-text__media\"><img loading=\"lazy\" decoding=\"async\" width=\"242\" height=\"329\" src=\"https:\/\/projectes.xtec.cat\/camps\/wp-content\/uploads\/usu2431\/2025\/07\/Captura.JPG-4.jpg\" alt=\"\" class=\"wp-image-10808 size-full\" srcset=\"https:\/\/projectes.xtec.cat\/camps\/wp-content\/uploads\/usu2431\/2025\/07\/Captura.JPG-4.jpg 242w, https:\/\/projectes.xtec.cat\/camps\/wp-content\/uploads\/usu2431\/2025\/07\/Captura.JPG-4-221x300.jpg 221w\" sizes=\"auto, (max-width: 242px) 100vw, 242px\" \/><\/figure><div class=\"wp-block-media-text__content\">\n<p><\/p>\n\n\n\n<p>Dos dies despr\u00e9s va arribar el torn de viatge de l\u2019escola barcelonina, despr\u00e9s de tres dies aprenent les caracter\u00edstiques del paisatge del bosc de ribera, fent activitats al riu i visitant el naixement del riu Llobregat: <a href=\"https:\/\/ca.wikipedia.org\/wiki\/Fonts_del_Llobregat\">les fonts del Llobregat<\/a>, els dos grups es van tornar a trobar per gaudir d\u2019una activitat molt interessant i divertida: una cursa d\u2019orientaci\u00f3 organitzada pel Camp d\u2019Aprenentatge de l\u2019Alt Bergued\u00e0 que permetia posar en pr\u00e0ctica alguns dels coneixements adquirits..&nbsp;<br><\/p>\n<\/div><\/div>\n\n\n\n<p>Les iniciatives de col\u00b7laboraci\u00f3 entre camps d&#8217;aprenentatge com aquesta permeten a l\u2019alumnat de Catalunya descobrir l\u2019entorn i la riquesa del nostre pa\u00eds tot establint vincles amb el territori i les persones que l&#8217;habiten. Aquesta experi\u00e8ncia ha resultat tan positiva que es tornar\u00e0 a repetir en el curs 2025-2026.<\/p>\n\n\n\n<p><\/p>\n\n\n","protected":false},"excerpt":{"rendered":"<p>Aquesta \u00e9s una de les preguntes que de ben segur poden respondre de manera extensa l\u2019alumnat de sis\u00e8 de prim\u00e0ria [&hellip;]<\/p>\n","protected":false},"author":30,"featured_media":0,"comment_status":"open","ping_status":"open","sticky":false,"template":"","format":"standard","meta":{"_bbp_topic_count":0,"_bbp_reply_count":0,"_bbp_total_topic_count":0,"_bbp_total_reply_count":0,"_bbp_voice_count":0,"_bbp_anonymous_reply_count":0,"_bbp_topic_count_hidden":0,"_bbp_reply_count_hidden":0,"_bbp_forum_subforum_count":0,"site-sidebar-layout":"default","site-content-layout":"","ast-site-content-layout":"default","site-content-style":"default","site-sidebar-style":"default","ast-global-header-display":"","ast-banner-title-visibility":"","ast-main-header-display":"","ast-hfb-above-header-display":"","ast-hfb-below-header-display":"","ast-hfb-mobile-header-display":"","site-post-title":"","ast-breadcrumbs-content":"","ast-featured-img":"","footer-sml-layout":"","theme-transparent-header-meta":"","adv-header-id-meta":"","stick-header-meta":"","header-above-stick-meta":"","header-main-stick-meta":"","header-below-stick-meta":"","astra-migrate-meta-layouts":"set","ast-page-background-enabled":"default","ast-page-background-meta":{"desktop":{"background-color":"var(--ast-global-color-4)","background-image":"","background-repeat":"repeat","background-position":"center center","background-size":"auto","background-attachment":"scroll","background-type":"","background-media":"","overlay-type":"","overlay-color":"","overlay-opacity":"","overlay-gradient":""},"tablet":{"background-color":"","background-image":"","background-repeat":"repeat","background-position":"center center","background-size":"auto","background-attachment":"scroll","background-type":"","background-media":"","overlay-type":"","overlay-color":"","overlay-opacity":"","overlay-gradient":""},"mobile":{"background-color":"","background-image":"","background-repeat":"repeat","background-position":"center center","background-size":"auto","background-attachment":"scroll","background-type":"","background-media":"","overlay-type":"","overlay-color":"","overlay-opacity":"","overlay-gradient":""}},"ast-content-background-meta":{"desktop":{"background-color":"var(--ast-global-color-5)","background-image":"","background-repeat":"repeat","background-position":"center center","background-size":"auto","background-attachment":"scroll","background-type":"","background-media":"","overlay-type":"","overlay-color":"","overlay-opacity":"","overlay-gradient":""},"tablet":{"background-color":"var(--ast-global-color-5)","background-image":"","background-repeat":"repeat","background-position":"center center","background-size":"auto","background-attachment":"scroll","background-type":"","background-media":"","overlay-type":"","overlay-color":"","overlay-opacity":"","overlay-gradient":""},"mobile":{"background-color":"var(--ast-global-color-5)","background-image":"","background-repeat":"repeat","background-position":"center center","background-size":"auto","background-attachment":"scroll","background-type":"","background-media":"","overlay-type":"","overlay-color":"","overlay-opacity":"","overlay-gradient":""}},"footnotes":""},"categories":[1,29],"tags":[],"class_list":["post-10802","post","type-post","status-publish","format-standard","hentry","category-general","category-portada"],"post_mailing_queue_ids":[],"_links":{"self":[{"href":"https:\/\/projectes.xtec.cat\/camps\/wp-json\/wp\/v2\/posts\/10802","targetHints":{"allow":["GET"]}}],"collection":[{"href":"https:\/\/projectes.xtec.cat\/camps\/wp-json\/wp\/v2\/posts"}],"about":[{"href":"https:\/\/projectes.xtec.cat\/camps\/wp-json\/wp\/v2\/types\/post"}],"author":[{"embeddable":true,"href":"https:\/\/projectes.xtec.cat\/camps\/wp-json\/wp\/v2\/users\/30"}],"replies":[{"embeddable":true,"href":"https:\/\/projectes.xtec.cat\/camps\/wp-json\/wp\/v2\/comments?post=10802"}],"version-history":[{"count":6,"href":"https:\/\/projectes.xtec.cat\/camps\/wp-json\/wp\/v2\/posts\/10802\/revisions"}],"predecessor-version":[{"id":10860,"href":"https:\/\/projectes.xtec.cat\/camps\/wp-json\/wp\/v2\/posts\/10802\/revisions\/10860"}],"wp:attachment":[{"href":"https:\/\/projectes.xtec.cat\/camps\/wp-json\/wp\/v2\/media?parent=10802"}],"wp:term":[{"taxonomy":"category","embeddable":true,"href":"https:\/\/projectes.xtec.cat\/camps\/wp-json\/wp\/v2\/categories?post=10802"},{"taxonomy":"post_tag","embeddable":true,"href":"https:\/\/projectes.xtec.cat\/camps\/wp-json\/wp\/v2\/tags?post=10802"}],"curies":[{"name":"wp","href":"https:\/\/api.w.org\/{rel}","templated":true}]}}