{"id":10819,"date":"2025-07-09T09:37:16","date_gmt":"2025-07-09T07:37:16","guid":{"rendered":"https:\/\/projectes.xtec.cat\/camps\/?p=10819"},"modified":"2025-07-24T23:05:30","modified_gmt":"2025-07-24T21:05:30","slug":"un-projecte-compartit-amb-el-cda-barcelona-que-culmina-a-leda-canigo","status":"publish","type":"post","link":"https:\/\/projectes.xtec.cat\/camps\/general\/un-projecte-compartit-amb-el-cda-barcelona-que-culmina-a-leda-canigo\/","title":{"rendered":"Un projecte compartit amb el CdA Barcelona que culmina a l&#8217;EdA Canig\u00f3"},"content":{"rendered":"\n<p>L\u2019alumnat de quart d\u2019ESO de l<a href=\"https:\/\/agora.xtec.cat\/ieslluisvives\/\">\u2019Institut Llu\u00eds Vives<\/a> de la ciutat de Barcelona va poder culminar el <a href=\"https:\/\/serveiseducatius.xtec.cat\/cda-barcelona\/guerra-civil-espanyola\/\">projecte compartit amb el CdA Barcelona sobre Guerra Civil Espanyola i Exil<\/a>i amb una estada a l<a href=\"https:\/\/serveiseducatius.xtec.cat\/edadelcanigo\/\">\u2019Entorn d\u2019Aprenentatge del Canig\u00f3<\/a> els dies&nbsp; 3, 4 i 5 de febrer de 2025.<\/p>\n\n\n\n<p><strong>Com ha estat el projecte compartit amb el CdA Barcelona?<\/strong><\/p>\n\n\n\n<p>Despr\u00e9s d\u2019haver dedicat diverses sessions a introduir i contextualitzar la tem\u00e0tica de la Guerra Civil Espanyola, cada un dels tres grups de quart d\u2019ESO de l\u2019Institut Llu\u00eds Vives, dels barris de Sants i Badal, van confeccionar un mural tem\u00e0tic a l\u2019aula amb el material facilitat pel CdA Barcelona. Aquesta activitat va servir per situar els fets hist\u00f2rics de manera geogr\u00e0fica, cronol\u00f2gicament i diferenciar ambd\u00f3s b\u00e0ndols del conflicte.<\/p>\n\n\n\n<figure class=\"wp-block-image aligncenter size-large is-resized\"><a href=\"https:\/\/projectes.xtec.cat\/camps\/wp-content\/uploads\/usu2431\/2025\/07\/retallada20240227_083522-scaled.jpg\"><img loading=\"lazy\" decoding=\"async\" width=\"945\" height=\"1024\" src=\"https:\/\/projectes.xtec.cat\/camps\/wp-content\/uploads\/usu2431\/2025\/07\/retallada20240227_083522-945x1024.jpg\" alt=\"\" class=\"wp-image-10820\" style=\"width:400px;height:auto\" srcset=\"https:\/\/projectes.xtec.cat\/camps\/wp-content\/uploads\/usu2431\/2025\/07\/retallada20240227_083522-945x1024.jpg 945w, https:\/\/projectes.xtec.cat\/camps\/wp-content\/uploads\/usu2431\/2025\/07\/retallada20240227_083522-277x300.jpg 277w, https:\/\/projectes.xtec.cat\/camps\/wp-content\/uploads\/usu2431\/2025\/07\/retallada20240227_083522-768x832.jpg 768w, https:\/\/projectes.xtec.cat\/camps\/wp-content\/uploads\/usu2431\/2025\/07\/retallada20240227_083522-1418x1536.jpg 1418w, https:\/\/projectes.xtec.cat\/camps\/wp-content\/uploads\/usu2431\/2025\/07\/retallada20240227_083522-1890x2048.jpg 1890w\" sizes=\"auto, (max-width: 945px) 100vw, 945px\" \/><\/a><figcaption class=\"wp-element-caption\">Imatge del mural a una de les aules de 4rt d\u2019ESO<\/figcaption><\/figure>\n\n\n\n<p>Despr\u00e9s d\u2019aix\u00f2 l\u2019alumnat va cercar la informaci\u00f3 necess\u00e0ria per poder exercir de guia d\u2019un itinerari geolocalitzat molt especial: un<strong> recorregut per les Rambles de Barcelona<\/strong> que iniciava rememorant els fets del 19 de juliol de 1936 a trav\u00e9s de l\u2019observaci\u00f3 directa dels impactes de bala en el paisatge urb\u00e0 i que enfilava Rambles amunt per anar descobrint alguns dels agents i indrets destacats en el desenvolupament dels fets.<\/p>\n\n\n\n<div class=\"wp-block-media-text is-stacked-on-mobile\" style=\"grid-template-columns:42% auto\"><figure class=\"wp-block-media-text__media\"><img loading=\"lazy\" decoding=\"async\" width=\"304\" height=\"151\" src=\"https:\/\/projectes.xtec.cat\/camps\/wp-content\/uploads\/usu2431\/2025\/07\/Captura.JPG-graf-1.jpg\" alt=\"\" class=\"wp-image-10823 size-full\" srcset=\"https:\/\/projectes.xtec.cat\/camps\/wp-content\/uploads\/usu2431\/2025\/07\/Captura.JPG-graf-1.jpg 304w, https:\/\/projectes.xtec.cat\/camps\/wp-content\/uploads\/usu2431\/2025\/07\/Captura.JPG-graf-1-300x149.jpg 300w\" sizes=\"auto, (max-width: 304px) 100vw, 304px\" \/><\/figure><div class=\"wp-block-media-text__content\">\n<p>Una altra sortida va portar a l\u2019alumnat de quart d\u2019ESO al <strong>Castell de Montju\u00efc<\/strong>, un espai emblem\u00e0tic de la ciutat que durant la guerra civil i despr\u00e9s d\u2019aquesta va ser un punt de repressi\u00f3 per ambd\u00f3s b\u00e0ndols. Va resultat molt impactant poder baixar als calabossos del castell per examinar alguns dels nombrosos grafitis realitzats pels presoners. Es va observar, tamb\u00e9, on va ser afusellat el president Llu\u00eds Companys per les tropes franquistes.<\/p>\n<\/div><\/div>\n\n\n\n<p>La darrera sortida del projecte va portar a l\u2019alumnat del LLu\u00eds Vives al <strong>Cementiri de Montju\u00efc <\/strong>on es van ubicar diversos n\u00ednxols de persones implicades en la Guerra Civil per con\u00e8ixer les seves hist\u00f2ries i es va acabar el recorregut en el Fossar de la Pedrera.<\/p>\n\n\n\n<div class=\"wp-block-columns is-layout-flex wp-container-core-columns-is-layout-1 wp-block-columns-is-layout-flex\">\n<div class=\"wp-block-column is-layout-flow wp-block-column-is-layout-flow\">\n<figure class=\"wp-block-gallery has-nested-images columns-default is-cropped wp-block-gallery-1 is-layout-flex wp-block-gallery-is-layout-flex\">\n<figure class=\"wp-block-image size-full\"><a href=\"https:\/\/projectes.xtec.cat\/camps\/wp-content\/uploads\/usu2431\/2025\/07\/novaIMG_20250131_115451_1.jpg\"><img loading=\"lazy\" decoding=\"async\" width=\"2080\" height=\"1560\" src=\"https:\/\/projectes.xtec.cat\/camps\/wp-content\/uploads\/usu2431\/2025\/07\/novaIMG_20250131_115451_1.jpg\" alt=\"\" class=\"wp-image-10829\" srcset=\"https:\/\/projectes.xtec.cat\/camps\/wp-content\/uploads\/usu2431\/2025\/07\/novaIMG_20250131_115451_1.jpg 2080w, https:\/\/projectes.xtec.cat\/camps\/wp-content\/uploads\/usu2431\/2025\/07\/novaIMG_20250131_115451_1-300x225.jpg 300w, https:\/\/projectes.xtec.cat\/camps\/wp-content\/uploads\/usu2431\/2025\/07\/novaIMG_20250131_115451_1-1024x768.jpg 1024w, https:\/\/projectes.xtec.cat\/camps\/wp-content\/uploads\/usu2431\/2025\/07\/novaIMG_20250131_115451_1-768x576.jpg 768w, https:\/\/projectes.xtec.cat\/camps\/wp-content\/uploads\/usu2431\/2025\/07\/novaIMG_20250131_115451_1-1536x1152.jpg 1536w, https:\/\/projectes.xtec.cat\/camps\/wp-content\/uploads\/usu2431\/2025\/07\/novaIMG_20250131_115451_1-2048x1536.jpg 2048w\" sizes=\"auto, (max-width: 2080px) 100vw, 2080px\" \/><\/a><\/figure>\n<\/figure>\n<\/div>\n\n\n\n<div class=\"wp-block-column is-layout-flow wp-block-column-is-layout-flow\">\n<figure class=\"wp-block-image size-large\"><a href=\"https:\/\/projectes.xtec.cat\/camps\/wp-content\/uploads\/usu2431\/2025\/07\/escapcada-novaIMG_20250131_115512_1-scaled.jpg\"><img loading=\"lazy\" decoding=\"async\" width=\"1024\" height=\"726\" src=\"https:\/\/projectes.xtec.cat\/camps\/wp-content\/uploads\/usu2431\/2025\/07\/escapcada-novaIMG_20250131_115512_1-1024x726.jpg\" alt=\"\" class=\"wp-image-10841\" srcset=\"https:\/\/projectes.xtec.cat\/camps\/wp-content\/uploads\/usu2431\/2025\/07\/escapcada-novaIMG_20250131_115512_1-1024x726.jpg 1024w, https:\/\/projectes.xtec.cat\/camps\/wp-content\/uploads\/usu2431\/2025\/07\/escapcada-novaIMG_20250131_115512_1-300x213.jpg 300w, https:\/\/projectes.xtec.cat\/camps\/wp-content\/uploads\/usu2431\/2025\/07\/escapcada-novaIMG_20250131_115512_1-768x545.jpg 768w, https:\/\/projectes.xtec.cat\/camps\/wp-content\/uploads\/usu2431\/2025\/07\/escapcada-novaIMG_20250131_115512_1-1536x1089.jpg 1536w, https:\/\/projectes.xtec.cat\/camps\/wp-content\/uploads\/usu2431\/2025\/07\/escapcada-novaIMG_20250131_115512_1-2048x1452.jpg 2048w\" sizes=\"auto, (max-width: 1024px) 100vw, 1024px\" \/><\/a><\/figure>\n<\/div>\n<\/div>\n\n\n\n<p><strong>Qu\u00e8 ens ha aportat despla\u00e7ar-nos fins al EdA del Canig\u00f3?<\/strong><\/p>\n\n\n\n<p>Despr\u00e9s d\u2019aquest treball exhaustiu a la ciutat de Barcelona, i com a colof\u00f3 final del projecte, l\u2019alumnat de quart d\u2019ESO de l&#8217;Institut LLu\u00eds Vives va viatjar al territori fronterer de la Catalunya nord per a fer-hi una estada de la m\u00e0 de l\u2019Entorn d\u2019Aprenentatge del Canig\u00f3 relacionada amb l\u2019exili i la resist\u00e8ncia i treballar les conseq\u00fc\u00e8ncies dels conflictes tot trepitjant diferents espais de mem\u00f2ria.<\/p>\n\n\n\n<div class=\"wp-block-columns is-layout-flex wp-container-core-columns-is-layout-2 wp-block-columns-is-layout-flex\">\n<div class=\"wp-block-column is-layout-flow wp-block-column-is-layout-flow\">\n<figure class=\"wp-block-image size-large\"><a href=\"https:\/\/projectes.xtec.cat\/camps\/wp-content\/uploads\/usu2431\/2025\/07\/20250203_125842-1-rotated.jpg\"><img loading=\"lazy\" decoding=\"async\" width=\"768\" height=\"1024\" src=\"https:\/\/projectes.xtec.cat\/camps\/wp-content\/uploads\/usu2431\/2025\/07\/20250203_125842-1-768x1024.jpg\" alt=\"\" class=\"wp-image-10836\" srcset=\"https:\/\/projectes.xtec.cat\/camps\/wp-content\/uploads\/usu2431\/2025\/07\/20250203_125842-1-768x1024.jpg 768w, https:\/\/projectes.xtec.cat\/camps\/wp-content\/uploads\/usu2431\/2025\/07\/20250203_125842-1-225x300.jpg 225w, https:\/\/projectes.xtec.cat\/camps\/wp-content\/uploads\/usu2431\/2025\/07\/20250203_125842-1-1152x1536.jpg 1152w, https:\/\/projectes.xtec.cat\/camps\/wp-content\/uploads\/usu2431\/2025\/07\/20250203_125842-1-rotated.jpg 1530w\" sizes=\"auto, (max-width: 768px) 100vw, 768px\" \/><\/a><\/figure>\n\n\n\n<p>Alumnat de 4rt d\u2019Eso de l\u2019Institut Llu\u00eds Vives fent l&#8217;itinerari de l&#8217;Exili<\/p>\n<\/div>\n\n\n\n<div class=\"wp-block-column is-layout-flow wp-block-column-is-layout-flow\">\n<p>L\u2019estada va comen\u00e7ar experimentant de manera vivencial els fets hist\u00f2rics de l<strong>\u2019\u00e8xode republic\u00e0 cap a l\u2019exili del 1939 <\/strong>on l\u2019alumnat, igual que aquells milers persones (catalanes o espanyoles) que escapaven del feixisme va trepitjar a peu aquells mateixos camins.<\/p>\n<\/div>\n\n\n\n<div class=\"wp-block-column is-layout-flow wp-block-column-is-layout-flow\">\n<figure class=\"wp-block-image size-large\"><a href=\"https:\/\/projectes.xtec.cat\/camps\/wp-content\/uploads\/usu2431\/2025\/07\/20250203_123722-rotated-e1752575049524.jpg\"><img loading=\"lazy\" decoding=\"async\" width=\"768\" height=\"1024\" src=\"https:\/\/projectes.xtec.cat\/camps\/wp-content\/uploads\/usu2431\/2025\/07\/20250203_123722-rotated-e1752575049524-768x1024.jpg\" alt=\"\" class=\"wp-image-10834\" srcset=\"https:\/\/projectes.xtec.cat\/camps\/wp-content\/uploads\/usu2431\/2025\/07\/20250203_123722-rotated-e1752575049524-768x1024.jpg 768w, https:\/\/projectes.xtec.cat\/camps\/wp-content\/uploads\/usu2431\/2025\/07\/20250203_123722-rotated-e1752575049524-225x300.jpg 225w, https:\/\/projectes.xtec.cat\/camps\/wp-content\/uploads\/usu2431\/2025\/07\/20250203_123722-rotated-e1752575049524-1152x1536.jpg 1152w, https:\/\/projectes.xtec.cat\/camps\/wp-content\/uploads\/usu2431\/2025\/07\/20250203_123722-rotated-e1752575049524.jpg 1530w\" sizes=\"auto, (max-width: 768px) 100vw, 768px\" \/><\/a><\/figure>\n\n\n\n<p>Alumnat portant la maleta al llarg del recorregut<\/p>\n<\/div>\n<\/div>\n\n\n\n<div class=\"wp-block-columns is-layout-flex wp-container-core-columns-is-layout-3 wp-block-columns-is-layout-flex\">\n<div class=\"wp-block-column is-layout-flow wp-block-column-is-layout-flow\">\n<figure class=\"wp-block-image size-large\"><a href=\"https:\/\/projectes.xtec.cat\/camps\/wp-content\/uploads\/usu2431\/2025\/07\/20250203_150545-1.jpg\"><img loading=\"lazy\" decoding=\"async\" width=\"1024\" height=\"768\" src=\"https:\/\/projectes.xtec.cat\/camps\/wp-content\/uploads\/usu2431\/2025\/07\/20250203_150545-1-1024x768.jpg\" alt=\"\" class=\"wp-image-10844\" srcset=\"https:\/\/projectes.xtec.cat\/camps\/wp-content\/uploads\/usu2431\/2025\/07\/20250203_150545-1-1024x768.jpg 1024w, https:\/\/projectes.xtec.cat\/camps\/wp-content\/uploads\/usu2431\/2025\/07\/20250203_150545-1-300x225.jpg 300w, https:\/\/projectes.xtec.cat\/camps\/wp-content\/uploads\/usu2431\/2025\/07\/20250203_150545-1-768x576.jpg 768w, https:\/\/projectes.xtec.cat\/camps\/wp-content\/uploads\/usu2431\/2025\/07\/20250203_150545-1-1536x1152.jpg 1536w, https:\/\/projectes.xtec.cat\/camps\/wp-content\/uploads\/usu2431\/2025\/07\/20250203_150545-1.jpg 2040w\" sizes=\"auto, (max-width: 1024px) 100vw, 1024px\" \/><\/a><\/figure>\n\n\n\n<p>Monument a l\u2019Exili, La Vajol<\/p>\n<\/div>\n\n\n\n<div class=\"wp-block-column is-layout-flow wp-block-column-is-layout-flow\">\n<figure class=\"wp-block-image size-large\"><a href=\"https:\/\/projectes.xtec.cat\/camps\/wp-content\/uploads\/usu2431\/2025\/07\/20250203_114937.jpg\"><img loading=\"lazy\" decoding=\"async\" width=\"1024\" height=\"768\" src=\"https:\/\/projectes.xtec.cat\/camps\/wp-content\/uploads\/usu2431\/2025\/07\/20250203_114937-1024x768.jpg\" alt=\"\" class=\"wp-image-10843\" srcset=\"https:\/\/projectes.xtec.cat\/camps\/wp-content\/uploads\/usu2431\/2025\/07\/20250203_114937-1024x768.jpg 1024w, https:\/\/projectes.xtec.cat\/camps\/wp-content\/uploads\/usu2431\/2025\/07\/20250203_114937-300x225.jpg 300w, https:\/\/projectes.xtec.cat\/camps\/wp-content\/uploads\/usu2431\/2025\/07\/20250203_114937-768x576.jpg 768w, https:\/\/projectes.xtec.cat\/camps\/wp-content\/uploads\/usu2431\/2025\/07\/20250203_114937.jpg 1530w\" sizes=\"auto, (max-width: 1024px) 100vw, 1024px\" \/><\/a><\/figure>\n\n\n\n<p>Monument a Llu\u00eds Companys, Coll de Manrella <\/p>\n<\/div>\n<\/div>\n\n\n\n<p>Una altra de les experi\u00e8ncies impactants al llarg de l\u2019estada va ser l&#8217;oportunitat de con\u00e8ixer la<strong> platja d\u2019Argelers<\/strong> i poder empatitzar amb les experi\u00e8ncies viscudes per part de les persones exiliades en un dels camps de concentraci\u00f3 m\u00e9s rellevants entre els refugiats republicans espanyols.<\/p>\n\n\n\n<div class=\"wp-block-columns is-layout-flex wp-container-core-columns-is-layout-4 wp-block-columns-is-layout-flex\">\n<div class=\"wp-block-column is-layout-flow wp-block-column-is-layout-flow\">\n<figure class=\"wp-block-image size-large\"><a href=\"https:\/\/projectes.xtec.cat\/camps\/wp-content\/uploads\/usu2431\/2025\/07\/20250203_170823-1.jpg\"><img loading=\"lazy\" decoding=\"async\" width=\"1024\" height=\"768\" src=\"https:\/\/projectes.xtec.cat\/camps\/wp-content\/uploads\/usu2431\/2025\/07\/20250203_170823-1-1024x768.jpg\" alt=\"\" class=\"wp-image-10838\" srcset=\"https:\/\/projectes.xtec.cat\/camps\/wp-content\/uploads\/usu2431\/2025\/07\/20250203_170823-1-1024x768.jpg 1024w, https:\/\/projectes.xtec.cat\/camps\/wp-content\/uploads\/usu2431\/2025\/07\/20250203_170823-1-300x225.jpg 300w, https:\/\/projectes.xtec.cat\/camps\/wp-content\/uploads\/usu2431\/2025\/07\/20250203_170823-1-768x576.jpg 768w, https:\/\/projectes.xtec.cat\/camps\/wp-content\/uploads\/usu2431\/2025\/07\/20250203_170823-1-1536x1152.jpg 1536w, https:\/\/projectes.xtec.cat\/camps\/wp-content\/uploads\/usu2431\/2025\/07\/20250203_170823-1.jpg 2040w\" sizes=\"auto, (max-width: 1024px) 100vw, 1024px\" \/><\/a><\/figure>\n\n\n\n<p>Dispositius de mem\u00f2ria elaborats per l\u2019alumnat a la platja d\u2019Argelers<\/p>\n<\/div>\n\n\n\n<div class=\"wp-block-column is-layout-flow wp-block-column-is-layout-flow\">\n<figure class=\"wp-block-image size-large\"><a href=\"https:\/\/projectes.xtec.cat\/camps\/wp-content\/uploads\/usu2431\/2025\/07\/20250203_165149.jpg\"><img loading=\"lazy\" decoding=\"async\" width=\"1024\" height=\"768\" src=\"https:\/\/projectes.xtec.cat\/camps\/wp-content\/uploads\/usu2431\/2025\/07\/20250203_165149-1024x768.jpg\" alt=\"\" class=\"wp-image-10845\" srcset=\"https:\/\/projectes.xtec.cat\/camps\/wp-content\/uploads\/usu2431\/2025\/07\/20250203_165149-1024x768.jpg 1024w, https:\/\/projectes.xtec.cat\/camps\/wp-content\/uploads\/usu2431\/2025\/07\/20250203_165149-300x225.jpg 300w, https:\/\/projectes.xtec.cat\/camps\/wp-content\/uploads\/usu2431\/2025\/07\/20250203_165149-768x576.jpg 768w, https:\/\/projectes.xtec.cat\/camps\/wp-content\/uploads\/usu2431\/2025\/07\/20250203_165149.jpg 1530w\" sizes=\"auto, (max-width: 1024px) 100vw, 1024px\" \/><\/a><\/figure>\n\n\n\n<p>Grup classe la maleta de l\u2019exili a la platja d\u2019Argelers<\/p>\n<\/div>\n<\/div>\n\n\n\n<p><br><\/p>\n\n\n\n<div class=\"wp-block-columns is-layout-flex wp-container-core-columns-is-layout-5 wp-block-columns-is-layout-flex\">\n<div class=\"wp-block-column is-layout-flow wp-block-column-is-layout-flow\">\n<p>A <strong>Colliure <\/strong>es va descobrir el paper de primer camp disciplinari de l\u2019Estat Franc\u00e8s que va desenvolupar el Castell de Colliure durant el 1939 i es va visitar la tomba del poeta Antonio Machado, s\u00edmbol de l\u2019exili republic\u00e0. Als peus de la seva tomba algunes persones van llegir volunt\u00e0riament algunes poesies creades per l\u2019ocasi\u00f3.<\/p>\n<\/div>\n\n\n\n<div class=\"wp-block-column is-layout-flow wp-block-column-is-layout-flow\">\n<figure class=\"wp-block-image size-large is-resized\" style=\"margin-right:var(--wp--preset--spacing--80);margin-left:var(--wp--preset--spacing--80)\"><a href=\"https:\/\/projectes.xtec.cat\/camps\/wp-content\/uploads\/usu2431\/2025\/07\/20250205_125048-1.jpg\"><img loading=\"lazy\" decoding=\"async\" width=\"1024\" height=\"938\" src=\"https:\/\/projectes.xtec.cat\/camps\/wp-content\/uploads\/usu2431\/2025\/07\/20250205_125048-1-1024x938.jpg\" alt=\"\" class=\"wp-image-10839\" style=\"width:262px;height:auto\" srcset=\"https:\/\/projectes.xtec.cat\/camps\/wp-content\/uploads\/usu2431\/2025\/07\/20250205_125048-1-1024x938.jpg 1024w, https:\/\/projectes.xtec.cat\/camps\/wp-content\/uploads\/usu2431\/2025\/07\/20250205_125048-1-300x275.jpg 300w, https:\/\/projectes.xtec.cat\/camps\/wp-content\/uploads\/usu2431\/2025\/07\/20250205_125048-1-768x704.jpg 768w, https:\/\/projectes.xtec.cat\/camps\/wp-content\/uploads\/usu2431\/2025\/07\/20250205_125048-1-1536x1408.jpg 1536w, https:\/\/projectes.xtec.cat\/camps\/wp-content\/uploads\/usu2431\/2025\/07\/20250205_125048-1.jpg 1580w\" sizes=\"auto, (max-width: 1024px) 100vw, 1024px\" \/><\/a><\/figure>\n\n\n\n<p>Alumnat amb la maleta visitant la tomba d\u2019Antonio Machado<\/p>\n<\/div>\n<\/div>\n\n\n\n<div class=\"wp-block-columns is-layout-flex wp-container-core-columns-is-layout-6 wp-block-columns-is-layout-flex\">\n<div class=\"wp-block-column is-layout-flow wp-block-column-is-layout-flow\">\n<p>Per acabar l\u2019estada i fer visible una hist\u00f2ria d\u2019esperan\u00e7a i solidaritat entremig de tan dolor provocat per la guerra i per l\u2019exili, l\u2019alumnat va poder descobrir la <strong>Maternitat d\u2019Elna <\/strong>i la seva hist\u00f2ria com a casa bressol per a gaireb\u00e9 600 nadons de dones embarassades dels camps de concentraci\u00f3.<\/p>\n<\/div>\n\n\n\n<div class=\"wp-block-column is-layout-flow wp-block-column-is-layout-flow\">\n<figure class=\"wp-block-image size-large is-resized\" style=\"margin-right:var(--wp--preset--spacing--80);margin-left:var(--wp--preset--spacing--80)\"><a href=\"https:\/\/projectes.xtec.cat\/camps\/wp-content\/uploads\/usu2431\/2025\/07\/20250205_162132-1.jpg\"><img loading=\"lazy\" decoding=\"async\" width=\"1024\" height=\"768\" src=\"https:\/\/projectes.xtec.cat\/camps\/wp-content\/uploads\/usu2431\/2025\/07\/20250205_162132-1-1024x768.jpg\" alt=\"\" class=\"wp-image-10840\" style=\"width:347px;height:auto\" srcset=\"https:\/\/projectes.xtec.cat\/camps\/wp-content\/uploads\/usu2431\/2025\/07\/20250205_162132-1-1024x768.jpg 1024w, https:\/\/projectes.xtec.cat\/camps\/wp-content\/uploads\/usu2431\/2025\/07\/20250205_162132-1-300x225.jpg 300w, https:\/\/projectes.xtec.cat\/camps\/wp-content\/uploads\/usu2431\/2025\/07\/20250205_162132-1-768x576.jpg 768w, https:\/\/projectes.xtec.cat\/camps\/wp-content\/uploads\/usu2431\/2025\/07\/20250205_162132-1.jpg 1288w\" sizes=\"auto, (max-width: 1024px) 100vw, 1024px\" \/><\/a><\/figure>\n\n\n\n<p>Final de l\u2019estada, moment d\u2019obertura de la maleta<\/p>\n<\/div>\n<\/div>\n\n\n\n<p>Despr\u00e9s d\u2019haver tingut la sort d\u2019acompanyar el grup d\u2019estudiants i professorat de l\u2019Institut Llu\u00eds Vives de Barcelona en aquestes experi\u00e8ncies d&#8217;aprenentatge, el Camp d\u2019Aprenentatge de Barcelona volem agrair a l\u2019alumnat el seu esfor\u00e7 i la seva dedicaci\u00f3 al projecte i al professorat la seva disponibilitat i empenta. Tamb\u00e9 agrair als diferents agents que permeten elaborar projectes i col\u00b7laboracions amb tant sentit com s\u00f3n el <a href=\"https:\/\/ajuntament.barcelona.cat\/castelldemontjuic\/ca\/educacio\/programa-educatiu\">Servei Educatiu del Castell de Montju\u00efc<\/a> i el <a href=\"https:\/\/cementiris.ajuntament.barcelona.cat\/ca\/servei_educatiu\">Servei Educatiu dels Cementiris de Barcelona<\/a>. Finalment, agrair als nostres companys de l\u2019Entorn d\u2019Aprenentatge del Canig\u00f3 la seva passi\u00f3 per la feina i la seva professionalitat; gr\u00e0cies per fer possibles aquestes col\u00b7laboracions entre Camps i Entorns i l\u2019exist\u00e8ncia de grups de treball espec\u00edfic com el grup dedicat a <a href=\"https:\/\/projectes.xtec.cat\/camps\/categoria\/grups-de-treball\/guerra-civil-i-exili\/\">Guerra Civil i Exili<\/a>, seguim!!<\/p>\n\n\n\n<p><\/p>\n","protected":false},"excerpt":{"rendered":"<p>L\u2019alumnat de quart d\u2019ESO de l\u2019Institut Llu\u00eds Vives de la ciutat de Barcelona va poder culminar el projecte compartit amb [&hellip;]<\/p>\n","protected":false},"author":30,"featured_media":10830,"comment_status":"open","ping_status":"open","sticky":false,"template":"","format":"standard","meta":{"_bbp_topic_count":0,"_bbp_reply_count":0,"_bbp_total_topic_count":0,"_bbp_total_reply_count":0,"_bbp_voice_count":0,"_bbp_anonymous_reply_count":0,"_bbp_topic_count_hidden":0,"_bbp_reply_count_hidden":0,"_bbp_forum_subforum_count":0,"site-sidebar-layout":"default","site-content-layout":"","ast-site-content-layout":"default","site-content-style":"default","site-sidebar-style":"default","ast-global-header-display":"","ast-banner-title-visibility":"","ast-main-header-display":"","ast-hfb-above-header-display":"","ast-hfb-below-header-display":"","ast-hfb-mobile-header-display":"","site-post-title":"","ast-breadcrumbs-content":"","ast-featured-img":"","footer-sml-layout":"","theme-transparent-header-meta":"","adv-header-id-meta":"","stick-header-meta":"","header-above-stick-meta":"","header-main-stick-meta":"","header-below-stick-meta":"","astra-migrate-meta-layouts":"set","ast-page-background-enabled":"default","ast-page-background-meta":{"desktop":{"background-color":"var(--ast-global-color-4)","background-image":"","background-repeat":"repeat","background-position":"center center","background-size":"auto","background-attachment":"scroll","background-type":"","background-media":"","overlay-type":"","overlay-color":"","overlay-opacity":"","overlay-gradient":""},"tablet":{"background-color":"","background-image":"","background-repeat":"repeat","background-position":"center center","background-size":"auto","background-attachment":"scroll","background-type":"","background-media":"","overlay-type":"","overlay-color":"","overlay-opacity":"","overlay-gradient":""},"mobile":{"background-color":"","background-image":"","background-repeat":"repeat","background-position":"center center","background-size":"auto","background-attachment":"scroll","background-type":"","background-media":"","overlay-type":"","overlay-color":"","overlay-opacity":"","overlay-gradient":""}},"ast-content-background-meta":{"desktop":{"background-color":"var(--ast-global-color-5)","background-image":"","background-repeat":"repeat","background-position":"center center","background-size":"auto","background-attachment":"scroll","background-type":"","background-media":"","overlay-type":"","overlay-color":"","overlay-opacity":"","overlay-gradient":""},"tablet":{"background-color":"var(--ast-global-color-5)","background-image":"","background-repeat":"repeat","background-position":"center center","background-size":"auto","background-attachment":"scroll","background-type":"","background-media":"","overlay-type":"","overlay-color":"","overlay-opacity":"","overlay-gradient":""},"mobile":{"background-color":"var(--ast-global-color-5)","background-image":"","background-repeat":"repeat","background-position":"center center","background-size":"auto","background-attachment":"scroll","background-type":"","background-media":"","overlay-type":"","overlay-color":"","overlay-opacity":"","overlay-gradient":""}},"footnotes":""},"categories":[1,365,29],"tags":[],"class_list":["post-10819","post","type-post","status-publish","format-standard","has-post-thumbnail","hentry","category-general","category-guerra-civil-i-exili","category-portada"],"post_mailing_queue_ids":[],"_links":{"self":[{"href":"https:\/\/projectes.xtec.cat\/camps\/wp-json\/wp\/v2\/posts\/10819","targetHints":{"allow":["GET"]}}],"collection":[{"href":"https:\/\/projectes.xtec.cat\/camps\/wp-json\/wp\/v2\/posts"}],"about":[{"href":"https:\/\/projectes.xtec.cat\/camps\/wp-json\/wp\/v2\/types\/post"}],"author":[{"embeddable":true,"href":"https:\/\/projectes.xtec.cat\/camps\/wp-json\/wp\/v2\/users\/30"}],"replies":[{"embeddable":true,"href":"https:\/\/projectes.xtec.cat\/camps\/wp-json\/wp\/v2\/comments?post=10819"}],"version-history":[{"count":4,"href":"https:\/\/projectes.xtec.cat\/camps\/wp-json\/wp\/v2\/posts\/10819\/revisions"}],"predecessor-version":[{"id":10858,"href":"https:\/\/projectes.xtec.cat\/camps\/wp-json\/wp\/v2\/posts\/10819\/revisions\/10858"}],"wp:featuredmedia":[{"embeddable":true,"href":"https:\/\/projectes.xtec.cat\/camps\/wp-json\/wp\/v2\/media\/10830"}],"wp:attachment":[{"href":"https:\/\/projectes.xtec.cat\/camps\/wp-json\/wp\/v2\/media?parent=10819"}],"wp:term":[{"taxonomy":"category","embeddable":true,"href":"https:\/\/projectes.xtec.cat\/camps\/wp-json\/wp\/v2\/categories?post=10819"},{"taxonomy":"post_tag","embeddable":true,"href":"https:\/\/projectes.xtec.cat\/camps\/wp-json\/wp\/v2\/tags?post=10819"}],"curies":[{"name":"wp","href":"https:\/\/api.w.org\/{rel}","templated":true}]}}